{"id":43974,"date":"2022-07-16T20:36:11","date_gmt":"2022-07-17T00:36:11","guid":{"rendered":"https:\/\/inces.gob.ve\/?p=43974"},"modified":"2022-07-24T20:37:00","modified_gmt":"2022-07-25T00:37:00","slug":"zulia-los-centros-de-formacion-socialistas-de-maracaibo-y-cabimas-del-inces-acogieron-los-encuentros-de-los-grupos-crp","status":"publish","type":"post","link":"https:\/\/inces.gob.ve\/index.php\/2022\/07\/16\/zulia-los-centros-de-formacion-socialistas-de-maracaibo-y-cabimas-del-inces-acogieron-los-encuentros-de-los-grupos-crp\/","title":{"rendered":"ZULIA | Los Centros de Formaci\u00f3n Socialistas de Maracaibo y Cabimas del Inces acogieron los encuentros\u00a0 de los Grupos CRP"},"content":{"rendered":"<p style=\"text-align: justify;\"><span style=\"font-size: 14pt;\"><strong><em>** M\u00e1s de 50 planteles de la Costa Oriental se reunieron en el Centro de Formaci\u00f3n Cabimas exhibiendo sus proyectos socioproductivos <\/em><\/strong><\/span><!--more--><\/p>\n<p style=\"text-align: justify;\">\n<p style=\"text-align: justify;\">\n<p style=\"text-align: justify;\"><span style=\"font-size: 14pt;\">Sin duda, el Instituto Nacional de Capacitaci\u00f3n y Educaci\u00f3n Socialista (INCES) en el Zulia, es la casa de los sue\u00f1os de la juventud, \u00a0que apuesta al futuro, ya que brinda herramientas para impulsar a emprender procesos socioproductivos, como lo demostraron los estudiantes de Educaci\u00f3n Media General, Media T\u00e9cnica y modalidad Adultos, \u00a0adscritos a la Zona Educativa Zulia, que escogieron los Centros de Formaci\u00f3n Socialista de Maracaibo y Cabimas, para realizar los respectivos Encuentros de Saberes y Haceres de los Grupos de Creaci\u00f3n, Recreaci\u00f3n y Producci\u00f3n (CRP) de ambos municipios, muestras que cautivaron, por las habilidades expuestas, despu\u00e9s de haber sido capacitados y motivados en sus aulas, por los maestros t\u00e9cnicos productivos de la instituci\u00f3n.<\/span><\/p>\n<p style=\"text-align: justify;\"><span style=\"font-size: 14pt;\">Bien lo dec\u00eda el maestro Luis Beltr\u00e1n Prieto, el rol del Inces, siempre deber\u00eda ser llevar la formaci\u00f3n a los territorios, propuesta que se cumple en el marco de la Transformaci\u00f3n Pedag\u00f3gica y Educativa, que promueve el Gobierno Bolivariano de Venezuela, con la puesta en marcha de los CRP, que crean espacios solidarios, de participaci\u00f3n colectiva dirigidos al trabajo de acuerdo a los grupos de inter\u00e9s junto al Bachillerato Productivo.<\/span><\/p>\n<p>&nbsp;<\/p>\n<p style=\"text-align: justify;\"><span style=\"font-size: 14pt;\">Con el Plan de Atenci\u00f3n a los estudiantes del quinto y sexto a\u00f1o junto a los docentes de los grupos CRP y Movimientos Bolivarianos de Familia, el Inces Zulia, atendi\u00f3 a una poblaci\u00f3n de 16480 participantes, quienes, con convicci\u00f3n, optimismo y vocaci\u00f3n, demostraron los logros conducidos al \u00e9xito, convertidos en resultado de sus esfuerzos en diferentes motores o perfiles.<\/span><\/p>\n<p>&nbsp;<\/p>\n<p style=\"text-align: justify;\"><span style=\"font-size: 14pt;\">C\u00e9sar Zabala, jefe del Centro de Formaci\u00f3n Cabimas, recibi\u00f3 en las instalaciones de la instituci\u00f3n, el pasado jueves, la representaci\u00f3n de m\u00e1s de 50 planteles de la red 1 y 2 del municipio, que exhibieron sus proyectos finales socioproductivos y expres\u00f3 que: \u201cLa juventud venezolana, siempre contar\u00e1 con el respaldo del Inces\u201d.<\/span><\/p>\n<p>&nbsp;<\/p>\n<p style=\"text-align: justify;\"><span style=\"font-size: 14pt;\">Uno de los estudiantes expositores, fue, Eduardo Risco, del sexto a\u00f1o, de la Escuela T\u00e9cnica de Cabimas, quien se form\u00f3 en Mantenimiento General de Veh\u00edculos y agradeci\u00f3 al Inces, su inter\u00e9s por capacitar a todos los futuros bachilleres productivos, que egresaran este a\u00f1o, no s\u00f3lo con formaciones cargadas de teor\u00eda, sino que tambi\u00e9n le permiten alcanzar a cada uno, un n\u00famero significativo de horas de pr\u00e1ctica, para un buen desempe\u00f1o en el \u00e1mbito laboral.<\/span><\/p>\n<p>&nbsp;<\/p>\n<p style=\"text-align: justify;\"><span style=\"font-size: 14pt;\">Una representaci\u00f3n del Liceo Nacional Bolivariano Gran Mariscal de Ayacucho Antonio Jos\u00e9 de Sucre, de Cabimas, se capacitaron en Primeros Auxilios, pero llenos de orgullo presentaron su propuesta socioproductiva, afianzando el concepto de desarrollo end\u00f3geno, generando redes productivas para el desarrollo de la econom\u00eda solidaria, a trav\u00e9s de la dulcer\u00eda criolla, caracter\u00edstica de la Costa Oriental del Lago, donde el motor turismo, posee diferentes potencialidades.<\/span><\/p>\n<p>&nbsp;<\/p>\n<p style=\"text-align: justify;\"><span style=\"font-size: 14pt;\">En Maracaibo, el jefe de la Divisi\u00f3n de Formaci\u00f3n Profesional, Mart\u00edn Melean, recibi\u00f3 en la sede del Inces Zulia, a los estudiantes de nueves redes intercircuitales de la capital zuliana, junto a una representaci\u00f3n de las Escuelas T\u00e9cnicas de San Francisco y Valmore Rodr\u00edguez, junto a los vencedores de las misiones Robinson y Ribas, sumado a las experiencias de los centros de formaci\u00f3n del eje metropolitano.<\/span><\/p>\n<p>&nbsp;<\/p>\n<p style=\"text-align: justify;\"><span style=\"font-size: 14pt;\">La ingeniera Marielba Roberty, quien es Maestra T\u00e9cnica Productiva adscrita al CFS Panamericano, junto a una representaci\u00f3n del Bachillerato Productivo, brind\u00f3 una demostraci\u00f3n de procesamiento y conservaci\u00f3n de alimentos, mientras que la Unidad Educativa Nacional Inces, gener\u00f3 admiraci\u00f3n por una exposici\u00f3n de Confecci\u00f3n de Uniformes Escolares, con un acabado de una muy alta calidad, que permite a los participantes desarrollar una empresa de producci\u00f3n social.<\/span><\/p>\n<p>&nbsp;<\/p>\n<p style=\"text-align: justify;\"><span style=\"font-size: 14pt;\">Rafael Ibarra, Jefe de la Divisi\u00f3n de Educaci\u00f3n de Adolescente, J\u00f3venes y Poblaci\u00f3n Adulta de la Zona Educativa Zulia, asisti\u00f3 a los encuentros desarrollados en Maracaibo y Cabimas, donde indic\u00f3 que: \u201cLa articulaci\u00f3n entre las instituciones de las diferentes modalidades de media general y el Inces para la formaci\u00f3n pedag\u00f3gica o did\u00e1ctica, en saberes y haceres, fue un proceso exitoso y que s\u00f3lo en Cabimas permiti\u00f3 certificar a una buena suma de participantes\u201d.<\/span><\/p>\n","protected":false},"excerpt":{"rendered":"<p>** M\u00e1s de 50 planteles de la Costa Oriental se reunieron en el Centro de Formaci\u00f3n Cabimas exhibiendo sus proyectos socioproductivos<\/p>\n","protected":false},"author":4,"featured_media":43975,"comment_status":"closed","ping_status":"closed","sticky":false,"template":"","format":"standard","meta":{"footnotes":""},"categories":[2],"tags":[],"class_list":["post-43974","post","type-post","status-publish","format-standard","has-post-thumbnail","hentry","category-blog"],"_links":{"self":[{"href":"https:\/\/inces.gob.ve\/index.php\/wp-json\/wp\/v2\/posts\/43974","targetHints":{"allow":["GET"]}}],"collection":[{"href":"https:\/\/inces.gob.ve\/index.php\/wp-json\/wp\/v2\/posts"}],"about":[{"href":"https:\/\/inces.gob.ve\/index.php\/wp-json\/wp\/v2\/types\/post"}],"author":[{"embeddable":true,"href":"https:\/\/inces.gob.ve\/index.php\/wp-json\/wp\/v2\/users\/4"}],"replies":[{"embeddable":true,"href":"https:\/\/inces.gob.ve\/index.php\/wp-json\/wp\/v2\/comments?post=43974"}],"version-history":[{"count":1,"href":"https:\/\/inces.gob.ve\/index.php\/wp-json\/wp\/v2\/posts\/43974\/revisions"}],"predecessor-version":[{"id":43976,"href":"https:\/\/inces.gob.ve\/index.php\/wp-json\/wp\/v2\/posts\/43974\/revisions\/43976"}],"wp:featuredmedia":[{"embeddable":true,"href":"https:\/\/inces.gob.ve\/index.php\/wp-json\/wp\/v2\/media\/43975"}],"wp:attachment":[{"href":"https:\/\/inces.gob.ve\/index.php\/wp-json\/wp\/v2\/media?parent=43974"}],"wp:term":[{"taxonomy":"category","embeddable":true,"href":"https:\/\/inces.gob.ve\/index.php\/wp-json\/wp\/v2\/categories?post=43974"},{"taxonomy":"post_tag","embeddable":true,"href":"https:\/\/inces.gob.ve\/index.php\/wp-json\/wp\/v2\/tags?post=43974"}],"curies":[{"name":"wp","href":"https:\/\/api.w.org\/{rel}","templated":true}]}}