{"id":44001,"date":"2022-07-26T15:57:30","date_gmt":"2022-07-26T19:57:30","guid":{"rendered":"https:\/\/inces.gob.ve\/?p=44001"},"modified":"2022-07-26T15:57:30","modified_gmt":"2022-07-26T19:57:30","slug":"inces-acompana-a-la-unesr-en-la-graduacion-de-72-nuevas-licenciaturas-y-doctorados","status":"publish","type":"post","link":"https:\/\/inces.gob.ve\/index.php\/2022\/07\/26\/inces-acompana-a-la-unesr-en-la-graduacion-de-72-nuevas-licenciaturas-y-doctorados\/","title":{"rendered":"Inces acompa\u00f1a a la UNESR en la graduaci\u00f3n de 72 nuevas licenciaturas y doctorados"},"content":{"rendered":"<p style=\"text-align: justify;\" align=\"justify\"><strong><em><span style=\"font-size: 14pt;\">**El futuro pertenece a los que creen en la belleza de sus sue\u00f1os<\/span><\/em><\/strong><!--more--><\/p>\n<p style=\"text-align: justify;\" align=\"justify\">\n<p style=\"text-align: justify;\" align=\"justify\"><span style=\"font-size: 14pt;\"><strong>DIMAS P\u00c1EZ<\/strong> <\/span><\/p>\n<p style=\"text-align: justify;\" align=\"justify\"><span style=\"font-size: 14pt;\">El auditorio del Instituto Nacional de Capacitaci\u00f3n y Educaci\u00f3n Socialista (Inces) fue el escenario para la graduaci\u00f3n de 11 doctores, 21 maestros y 40 nuevos licenciados egresados de la Universidad Nacional Experimental Sim\u00f3n Rodr\u00edguez (Uners).<\/span><\/p>\n<p align=\"justify\">\n<p style=\"text-align: justify;\" align=\"justify\"><span style=\"font-size: 14pt;\"><span lang=\"es-ES\">Los <\/span><span lang=\"es-ES\">m<\/span><span lang=\"es-ES\">iembros de la <\/span><span lang=\"es-ES\">m<\/span><span lang=\"es-ES\">esa <\/span><span lang=\"es-ES\">p<\/span><span lang=\"es-ES\">rincipal<\/span> fueron: la rectora de la Unesr, Alejandrina Reyesm, el ministro del Poder Popular para la Cultura, Ernesto Villegas, el viceministro de Comunidades Educativas y Uni\u00f3n con el Pueblo y presidente del Inces, Wuikelman Angel; la vicerectora de la Unesr, Alejandrina G\u00f3mez, el diputado a la Asamblea Nacional Carlos Sierra y los profesores Ali Le\u00f3n e Ivon Angulo.<\/span><\/p>\n<p align=\"justify\">\n<p style=\"text-align: justify;\" align=\"justify\">\n<p style=\"text-align: justify;\" align=\"justify\"><span style=\"font-size: 14pt;\"><span lang=\"es-ES\">Una graduaci\u00f3n es el acto de <\/span><span lang=\"es-ES\">grado <\/span><span lang=\"es-ES\">que marca el fin del curso escolar y sirve como reconocimiento a los estudiantes que han completado un plan de estudios, ya sea una licenciatura o un grado, y han obtenido un t\u00edtulo acad\u00e9mico.<\/span><\/span><\/p>\n<p align=\"justify\">\n<p style=\"text-align: justify;\" align=\"justify\"><span style=\"font-size: 14pt;\"><span lang=\"es-ES\">Wuikelman Angel Paredes <\/span><span lang=\"es-ES\">durante su intervenci\u00f3n dijo:<\/span><span lang=\"es-ES\"> \u201c<\/span><span lang=\"es-ES\">Realizar este acto de grado es muy significativo para el Inces. <\/span><span lang=\"es-ES\">Y<\/span><span lang=\"es-ES\"> realizarlo en la casa de Luis Beltr\u00e1n Prieto Figueroa es un honor <\/span><span lang=\"es-ES\">para quienes hoy <\/span><span lang=\"es-ES\">recib<\/span><span lang=\"es-ES\">e<\/span><span lang=\"es-ES\">n su t<\/span><span lang=\"es-ES\">\u00ed<\/span><span lang=\"es-ES\">tulo e<\/span><span lang=\"es-ES\">n<\/span><span lang=\"es-ES\"> nuestras instalaciones, ya que el Inces es una herramienta muy valiosa en las manos del estado venezolano\u201d.<\/span><\/span><\/p>\n<p align=\"justify\">\n<p lang=\"es-ES\" style=\"text-align: justify;\" align=\"justify\"><span style=\"font-size: 14pt;\">\u201cAs\u00ed mismo -contin\u00fao- puedo destacar que la revoluci\u00f3n le ha dado muchas herramientas al pueblo venezolano para su formaci\u00f3n. Esto nos dice que tenemos a un pueblo activo en la calles formando y aportando saberes al modelo de nuestro mundo social, pol\u00edtico y productivo\u201d. <\/span><\/p>\n<p lang=\"es-ES\" align=\"justify\">\n<p style=\"text-align: justify;\" align=\"justify\"><span style=\"font-size: 14pt;\"><span lang=\"es-ES\">Angel <\/span><span lang=\"es-ES\">hizo un llamado a los trabajadores del Inces para que se incorporen a <\/span><span lang=\"es-ES\">culminar sus<\/span><span lang=\"es-ES\"> estudios y aprovechen el convenio Inces-U<\/span><span lang=\"es-ES\">nesr <\/span><span lang=\"es-ES\">y obtener el t<\/span><span lang=\"es-ES\">\u00ed<\/span><span lang=\"es-ES\">tulo de licenciado.<\/span> <\/span><\/p>\n<p align=\"justify\">\n<p lang=\"es-ES\" style=\"text-align: justify;\" align=\"justify\"><span style=\"font-size: 14pt;\">El acto concluy\u00f3 con la presentaci\u00f3n de la obra de teatro \u201cH\u00e9roes y Hero\u00ednas\u201d representada por el grupo de teatro Semillero La Orqu\u00eddea.<\/span><\/p>\n","protected":false},"excerpt":{"rendered":"<p>**El futuro pertenece a los que creen en la belleza de sus sue\u00f1os<\/p>\n","protected":false},"author":4,"featured_media":44002,"comment_status":"closed","ping_status":"closed","sticky":false,"template":"","format":"standard","meta":{"footnotes":""},"categories":[2],"tags":[],"class_list":["post-44001","post","type-post","status-publish","format-standard","has-post-thumbnail","hentry","category-blog"],"_links":{"self":[{"href":"https:\/\/inces.gob.ve\/index.php\/wp-json\/wp\/v2\/posts\/44001","targetHints":{"allow":["GET"]}}],"collection":[{"href":"https:\/\/inces.gob.ve\/index.php\/wp-json\/wp\/v2\/posts"}],"about":[{"href":"https:\/\/inces.gob.ve\/index.php\/wp-json\/wp\/v2\/types\/post"}],"author":[{"embeddable":true,"href":"https:\/\/inces.gob.ve\/index.php\/wp-json\/wp\/v2\/users\/4"}],"replies":[{"embeddable":true,"href":"https:\/\/inces.gob.ve\/index.php\/wp-json\/wp\/v2\/comments?post=44001"}],"version-history":[{"count":1,"href":"https:\/\/inces.gob.ve\/index.php\/wp-json\/wp\/v2\/posts\/44001\/revisions"}],"predecessor-version":[{"id":44003,"href":"https:\/\/inces.gob.ve\/index.php\/wp-json\/wp\/v2\/posts\/44001\/revisions\/44003"}],"wp:featuredmedia":[{"embeddable":true,"href":"https:\/\/inces.gob.ve\/index.php\/wp-json\/wp\/v2\/media\/44002"}],"wp:attachment":[{"href":"https:\/\/inces.gob.ve\/index.php\/wp-json\/wp\/v2\/media?parent=44001"}],"wp:term":[{"taxonomy":"category","embeddable":true,"href":"https:\/\/inces.gob.ve\/index.php\/wp-json\/wp\/v2\/categories?post=44001"},{"taxonomy":"post_tag","embeddable":true,"href":"https:\/\/inces.gob.ve\/index.php\/wp-json\/wp\/v2\/tags?post=44001"}],"curies":[{"name":"wp","href":"https:\/\/api.w.org\/{rel}","templated":true}]}}