{"id":44013,"date":"2022-07-26T16:21:07","date_gmt":"2022-07-26T20:21:07","guid":{"rendered":"https:\/\/inces.gob.ve\/?p=44013"},"modified":"2022-07-26T16:21:07","modified_gmt":"2022-07-26T20:21:07","slug":"los-hijos-de-los-trabajadores-inces-celebraron-su-dia-por-todo-lo-alto","status":"publish","type":"post","link":"https:\/\/inces.gob.ve\/index.php\/2022\/07\/26\/los-hijos-de-los-trabajadores-inces-celebraron-su-dia-por-todo-lo-alto\/","title":{"rendered":"Los hijos de los trabajadores Inces celebraron su d\u00eda por todo lo alto"},"content":{"rendered":"<p style=\"text-align: justify;\"><span style=\"font-size: 14pt;\"><em><strong>** Inces cumple con las cl\u00e1usulas 52 y 54 de la Convenci\u00f3n Colectiva vigente<\/strong><\/em><!--more--><\/span><\/p>\n<p style=\"text-align: justify;\">\n<p style=\"text-align: justify;\"><strong><span style=\"font-size: 14pt;\">GEORGELIS L\u00d3PEZ<\/span><\/strong><\/p>\n<p style=\"text-align: justify;\"><span style=\"font-size: 14pt;\">El Inces, en cumplimiento de la cl\u00e1usula Nro. 54 de la convenci\u00f3n colectiva vigente, ofreci\u00f3 a los hijos de los trabajadores activos, con edades comprendidas entre los 0 y los 13 a\u00f1os, una fiesta con motivo del d\u00eda de los ni\u00f1os.<\/span><\/p>\n<p style=\"text-align: justify;\">\n<p><img loading=\"lazy\" decoding=\"async\" class=\"aligncenter wp-image-44017 size-full\" src=\"https:\/\/inces.gob.ve\/wp-content\/uploads\/2022\/07\/DSC00961.jpg\" alt=\"\" width=\"1000\" height=\"667\" srcset=\"https:\/\/inces.gob.ve\/wp-content\/uploads\/2022\/07\/DSC00961.jpg 1000w, https:\/\/inces.gob.ve\/wp-content\/uploads\/2022\/07\/DSC00961-300x200.jpg 300w, https:\/\/inces.gob.ve\/wp-content\/uploads\/2022\/07\/DSC00961-768x512.jpg 768w, https:\/\/inces.gob.ve\/wp-content\/uploads\/2022\/07\/DSC00961-272x182.jpg 272w\" sizes=\"auto, (max-width: 1000px) 100vw, 1000px\" \/><\/p>\n<p>&nbsp;<\/p>\n<p style=\"text-align: justify;\"><span style=\"font-size: 14pt;\">Fue as\u00ed como desde la instalaciones del Club Sofa de La Rinconada, los m\u00e1s peque\u00f1os pudieron disfrutar de un hermoso paseo por las instalaciones, as\u00ed como de pintacarita, colchones inflables, estaci\u00f3n de smile, canchas m\u00faltiples, deslizadores, colch\u00f3n con obst\u00e1culos, camas el\u00e1sticas, estaci\u00f3n Play, show de mu\u00f1ecos, show de robots y bailoterapia infantil.<\/span><\/p>\n<p>&nbsp;<\/p>\n<p><img loading=\"lazy\" decoding=\"async\" class=\"aligncenter wp-image-44015 size-full\" src=\"https:\/\/inces.gob.ve\/wp-content\/uploads\/2022\/07\/DSC00462.jpg\" alt=\"\" width=\"1000\" height=\"667\" srcset=\"https:\/\/inces.gob.ve\/wp-content\/uploads\/2022\/07\/DSC00462.jpg 1000w, https:\/\/inces.gob.ve\/wp-content\/uploads\/2022\/07\/DSC00462-300x200.jpg 300w, https:\/\/inces.gob.ve\/wp-content\/uploads\/2022\/07\/DSC00462-768x512.jpg 768w, https:\/\/inces.gob.ve\/wp-content\/uploads\/2022\/07\/DSC00462-272x182.jpg 272w\" sizes=\"auto, (max-width: 1000px) 100vw, 1000px\" \/><\/p>\n<p>&nbsp;<\/p>\n<p><span style=\"font-size: 14pt;\">En todos los casos se cuidaron las medidas de bioseguridad y los ni\u00f1os contaron con servicio de transporte, personal m\u00e9dico y de apoyo, recreadores,\u00a0 almuerzo, merienda y cotill\u00f3n.<\/span><\/p>\n<p>&nbsp;<\/p>\n<p><img loading=\"lazy\" decoding=\"async\" class=\"aligncenter wp-image-44014 size-full\" src=\"https:\/\/inces.gob.ve\/wp-content\/uploads\/2022\/07\/DSC00859.jpg\" alt=\"\" width=\"1000\" height=\"667\" srcset=\"https:\/\/inces.gob.ve\/wp-content\/uploads\/2022\/07\/DSC00859.jpg 1000w, https:\/\/inces.gob.ve\/wp-content\/uploads\/2022\/07\/DSC00859-300x200.jpg 300w, https:\/\/inces.gob.ve\/wp-content\/uploads\/2022\/07\/DSC00859-768x512.jpg 768w, https:\/\/inces.gob.ve\/wp-content\/uploads\/2022\/07\/DSC00859-272x182.jpg 272w\" sizes=\"auto, (max-width: 1000px) 100vw, 1000px\" \/><\/p>\n","protected":false},"excerpt":{"rendered":"<p>** Inces cumple con las cl\u00e1usulas 52 y 54 de la Convenci\u00f3n Colectiva vigente<\/p>\n","protected":false},"author":4,"featured_media":44016,"comment_status":"closed","ping_status":"closed","sticky":false,"template":"","format":"standard","meta":{"footnotes":""},"categories":[2],"tags":[],"class_list":["post-44013","post","type-post","status-publish","format-standard","has-post-thumbnail","hentry","category-blog"],"_links":{"self":[{"href":"https:\/\/inces.gob.ve\/index.php\/wp-json\/wp\/v2\/posts\/44013","targetHints":{"allow":["GET"]}}],"collection":[{"href":"https:\/\/inces.gob.ve\/index.php\/wp-json\/wp\/v2\/posts"}],"about":[{"href":"https:\/\/inces.gob.ve\/index.php\/wp-json\/wp\/v2\/types\/post"}],"author":[{"embeddable":true,"href":"https:\/\/inces.gob.ve\/index.php\/wp-json\/wp\/v2\/users\/4"}],"replies":[{"embeddable":true,"href":"https:\/\/inces.gob.ve\/index.php\/wp-json\/wp\/v2\/comments?post=44013"}],"version-history":[{"count":1,"href":"https:\/\/inces.gob.ve\/index.php\/wp-json\/wp\/v2\/posts\/44013\/revisions"}],"predecessor-version":[{"id":44018,"href":"https:\/\/inces.gob.ve\/index.php\/wp-json\/wp\/v2\/posts\/44013\/revisions\/44018"}],"wp:featuredmedia":[{"embeddable":true,"href":"https:\/\/inces.gob.ve\/index.php\/wp-json\/wp\/v2\/media\/44016"}],"wp:attachment":[{"href":"https:\/\/inces.gob.ve\/index.php\/wp-json\/wp\/v2\/media?parent=44013"}],"wp:term":[{"taxonomy":"category","embeddable":true,"href":"https:\/\/inces.gob.ve\/index.php\/wp-json\/wp\/v2\/categories?post=44013"},{"taxonomy":"post_tag","embeddable":true,"href":"https:\/\/inces.gob.ve\/index.php\/wp-json\/wp\/v2\/tags?post=44013"}],"curies":[{"name":"wp","href":"https:\/\/api.w.org\/{rel}","templated":true}]}}