{"id":44044,"date":"2022-07-14T11:50:32","date_gmt":"2022-07-14T15:50:32","guid":{"rendered":"https:\/\/inces.gob.ve\/?p=44044"},"modified":"2022-07-27T12:52:04","modified_gmt":"2022-07-27T16:52:04","slug":"el-inces-impulsa-experiencia-productiva-en-carpinteria-en-una-comuna-de-maracaibo","status":"publish","type":"post","link":"https:\/\/inces.gob.ve\/index.php\/2022\/07\/14\/el-inces-impulsa-experiencia-productiva-en-carpinteria-en-una-comuna-de-maracaibo\/","title":{"rendered":"El Inces impulsa experiencia productiva en carpinter\u00eda en una comuna de Maracaibo"},"content":{"rendered":"<p align=\"justify\"><span style=\"font-family: Georgia, serif;\"><span style=\"font-size: large;\"><i><b>** 16 miembros de la Comuna Libertadora del libertador Manuelita S\u00e1enz, de la parroquia Caracciolo Parra P\u00e9rez de Maracaibo suman 366 horas de formaci\u00f3n en carpinter\u00eda b\u00e1sica en el Centro de Formaci\u00f3n Socialista Panamericano. El grupo ya ha elaborado una mesa de domin\u00f3 con sus sillas, muebles, mobiliario de fiestas, piezas de arte y en la actualidad desarrollan un cofre funerario o urna. Para Rosa Urdaneta, de 67 a\u00f1os, el curso representa el cumplimiento de una meta personal y le otorga a cualquier participante un conocimiento de gran utilidad para la patria. <\/b><\/i><\/span><\/span><!--more--><\/p>\n<p align=\"justify\"><span style=\"font-family: Georgia, serif;\"><span style=\"font-size: large;\">En el Instituto Nacional de Capacitaci\u00f3n y Educaci\u00f3n Socialista (INCES) en el Zulia \u00a0\u00a0tenemos la tarea constante de alimentar la conciencia a trav\u00e9s de la formaci\u00f3n t\u00e9cnica profesional, acci\u00f3n que contribuye a la transformaci\u00f3n de la sociedad, con miras a un futuro pr\u00f3spero, ya que todo lo que se hace es por amor a Venezuela y ante ello, en la sede del Centro de Formaci\u00f3n Socialista Panamericano, ubicado en el oeste de Maracaibo, 16 miembros de la Comuna Libertadora del libertador Manuelita S\u00e1enz, de la parroquia Caracciolo Parra P\u00e9rez, se forman en carpinter\u00eda b\u00e1sica, usando como materia prima, material de provecho para desarrollar propuestas productivas que buscan responden a las necesidades de los habitantes de un aproximado de nueve consejos comunales.<img loading=\"lazy\" decoding=\"async\" class=\"aligncenter wp-image-44045 size-full\" src=\"https:\/\/inces.gob.ve\/wp-content\/uploads\/2022\/07\/formacion-tecnica-profesional1--e1658940547305.jpg\" alt=\"\" width=\"800\" height=\"603\" \/> <\/span><\/span><\/p>\n<p align=\"justify\"><span style=\"font-family: Georgia, serif;\"><span style=\"font-size: large;\">El maestro t\u00e9cnico Johan Villalobos, del Inces Zulia, est\u00e1 a cargo de la acreditaci\u00f3n, que inici\u00f3 en febrero y ya suma 366 horas de formaci\u00f3n, dirigida a un grupo de miembros de la Comuna Libertadora del libertador Manuelita S\u00e1enz y quien explic\u00f3 que: \u201cA cada participante se le brind\u00f3 nociones b\u00e1sicas de los tipos de madera, herramientas, preservaci\u00f3n del material y especialmente a usar el conocimiento para desarrollar proyectos que proporcionen un beneficio colectivo o bienestar social. Tres de los participantes son docentes y estos pueden a su vez, multiplicar el conocimiento adquirido en diferentes \u00e1mbitos\u201d. <\/span><\/span><\/p>\n<p align=\"justify\"><span style=\"font-family: Georgia, serif;\"><span style=\"font-size: large;\">Dentro del grupo, resalta una participante, que, aunque no es miembro de la comuna, ya que es residente de la parroquia Ra\u00fal Leoni de Maracaibo, a sus 67 a\u00f1os, se integr\u00f3 a la acreditaci\u00f3n, ya que siempre sinti\u00f3 la inclinaci\u00f3n por el trabajo con madera. \u201cMe gusta realizar artesan\u00edas y desarrollar diferentes tipos de manualidades. Ya yo hab\u00eda realizado otros cursos en el Inces, pero con este cumpl\u00ed una meta personal, ya que, para m\u00ed, la carpinter\u00eda es un oficio muy digno, que, hasta Jesucristo, lo ejerci\u00f3 y que me permite a mi edad, realizar piezas como una mesa de centro, que van m\u00e1s all\u00e1 de lo que pensaba que aprender\u00eda. Sin duda, la experiencia es bonita y me encuentro muy agradecida con el profesor y la instituci\u00f3n\u201d, afirm\u00f3 Rosa Urdaneta de Rojas. \u00a0<\/span><\/span><\/p>\n<p align=\"justify\"><img loading=\"lazy\" decoding=\"async\" class=\"aligncenter wp-image-44050 size-full\" src=\"https:\/\/inces.gob.ve\/wp-content\/uploads\/2022\/07\/formacion-tecnica-profesional-7--e1658940409913.jpg\" alt=\"\" width=\"800\" height=\"600\" \/><\/p>\n<p align=\"justify\"><span style=\"font-family: Georgia, serif;\"><span style=\"font-size: large;\">Urdaneta, resalt\u00f3 cargada de ilusi\u00f3n, que: \u201cUn ciudadano y ciudadana con el conocimiento brindado por el Inces, puede aportar mucho a la Patria. Cu\u00e1ntas cosas podemos ahora reparar o construir, no s\u00f3lo en nuestras casas, sino en cualquier espacio\u201d. <\/span><\/span><\/p>\n<p align=\"justify\"><span style=\"font-family: Georgia, serif;\"><span style=\"font-size: large;\">\u00c1ngel Ipuana, de 45 a\u00f1os, otro de los participantes, comparti\u00f3 que: \u201cDespu\u00e9s de este curso, aprend\u00ed acerca de los diferentes tipos de madera. Pero he desarrollado como parte de mis innovaciones, unas piezas que sirven de bases para tortas y postres, soportes para diferentes arreglos florales como topiarios y mobiliario de paredes para la decoraci\u00f3n, lo que me permitir\u00eda emprender o usar para iniciar un emprendimiento en el \u00e1rea de eventos\u201d.<img loading=\"lazy\" decoding=\"async\" class=\"aligncenter wp-image-44048 size-full\" src=\"https:\/\/inces.gob.ve\/wp-content\/uploads\/2022\/07\/formacion-tecnica-profesional-4-e1658940431566.jpg\" alt=\"\" width=\"800\" height=\"600\" \/> <\/span><\/span><\/p>\n<p align=\"justify\"><span style=\"font-family: Georgia, serif;\"><span style=\"font-size: large;\">Los trozos de los diferentes tipos de madera de reciclaje, cobran nuevamente vida, en manos de los participantes de este curso, que en un segundo uso del material ha permitido elaborar una mesa de domin\u00f3 con sus sillas, muebles gaveteros, mobiliario de fiestas, mesas de centro, piezas de arte. Mientras que en la actualidad desarrollan un cofre funerario o urna y se planifica iniciar una cama cuna, para donarla a una ni\u00f1a con condiciones especiales, de la comuna, lo que consolida que la formaci\u00f3n t\u00e9cnica representa una opci\u00f3n para el crecimiento y recuperaci\u00f3n econ\u00f3mica de la poblaci\u00f3n venezolana.<\/span><\/span><\/p>\n<p align=\"justify\"><img loading=\"lazy\" decoding=\"async\" class=\"aligncenter wp-image-44047 size-full\" src=\"https:\/\/inces.gob.ve\/wp-content\/uploads\/2022\/07\/formacion-tecnica-profesional3--e1658940454912.jpg\" alt=\"\" width=\"800\" height=\"600\" \/><\/p>\n<p align=\"justify\"><span style=\"font-family: Georgia, serif;\"><span style=\"font-size: large;\">Unidad de Prensa Inces Zulia<\/span><\/span><\/p>\n<p align=\"justify\"><span style=\"font-family: Georgia, serif;\"><span style=\"font-size: large;\">Lcda Mariana Albarr\u00e1n <\/span><\/span><\/p>\n<p align=\"justify\"><span style=\"font-family: Georgia, serif;\"><span style=\"font-size: large;\">Lcdo Lenin R\u00edos\u00a0<\/span><\/span><\/p>\n","protected":false},"excerpt":{"rendered":"<p>** 16 miembros de la Comuna Libertadora del libertador Manuelita S\u00e1enz, de la parroquia Caracciolo Parra P\u00e9rez de Maracaibo suman 366 horas de formaci\u00f3n en carpinter\u00eda b\u00e1sica en el Centro de Formaci\u00f3n Socialista Panamericano. El grupo ya ha elaborado una mesa de domin\u00f3 con sus sillas, muebles, mobiliario de fiestas, piezas de arte y en [&hellip;]<\/p>\n","protected":false},"author":15,"featured_media":44046,"comment_status":"closed","ping_status":"closed","sticky":false,"template":"","format":"standard","meta":{"footnotes":""},"categories":[2],"tags":[],"class_list":["post-44044","post","type-post","status-publish","format-standard","has-post-thumbnail","hentry","category-blog"],"_links":{"self":[{"href":"https:\/\/inces.gob.ve\/index.php\/wp-json\/wp\/v2\/posts\/44044","targetHints":{"allow":["GET"]}}],"collection":[{"href":"https:\/\/inces.gob.ve\/index.php\/wp-json\/wp\/v2\/posts"}],"about":[{"href":"https:\/\/inces.gob.ve\/index.php\/wp-json\/wp\/v2\/types\/post"}],"author":[{"embeddable":true,"href":"https:\/\/inces.gob.ve\/index.php\/wp-json\/wp\/v2\/users\/15"}],"replies":[{"embeddable":true,"href":"https:\/\/inces.gob.ve\/index.php\/wp-json\/wp\/v2\/comments?post=44044"}],"version-history":[{"count":2,"href":"https:\/\/inces.gob.ve\/index.php\/wp-json\/wp\/v2\/posts\/44044\/revisions"}],"predecessor-version":[{"id":44052,"href":"https:\/\/inces.gob.ve\/index.php\/wp-json\/wp\/v2\/posts\/44044\/revisions\/44052"}],"wp:featuredmedia":[{"embeddable":true,"href":"https:\/\/inces.gob.ve\/index.php\/wp-json\/wp\/v2\/media\/44046"}],"wp:attachment":[{"href":"https:\/\/inces.gob.ve\/index.php\/wp-json\/wp\/v2\/media?parent=44044"}],"wp:term":[{"taxonomy":"category","embeddable":true,"href":"https:\/\/inces.gob.ve\/index.php\/wp-json\/wp\/v2\/categories?post=44044"},{"taxonomy":"post_tag","embeddable":true,"href":"https:\/\/inces.gob.ve\/index.php\/wp-json\/wp\/v2\/tags?post=44044"}],"curies":[{"name":"wp","href":"https:\/\/api.w.org\/{rel}","templated":true}]}}