{"id":44145,"date":"2022-08-01T00:11:53","date_gmt":"2022-08-01T04:11:53","guid":{"rendered":"https:\/\/inces.gob.ve\/?p=44145"},"modified":"2022-07-31T19:13:10","modified_gmt":"2022-07-31T23:13:10","slug":"aragua-el-inces-realizo-jornada-de-vacunacion-para-sus-trabajadores","status":"publish","type":"post","link":"https:\/\/inces.gob.ve\/index.php\/2022\/08\/01\/aragua-el-inces-realizo-jornada-de-vacunacion-para-sus-trabajadores\/","title":{"rendered":"ARAGUA | El Inces realiz\u00f3 jornada de vacunaci\u00f3n para sus trabajadores"},"content":{"rendered":"<p style=\"text-align: justify;\"><em><strong><span style=\"font-size: 14pt;\">**La actividad se organiz\u00f3 en la b\u00fasqueda de proteger y promover la buena salud de todos los que hacen vida laboral en la instituci\u00f3n<\/span><\/strong><\/em><!--more--><\/p>\n<p style=\"text-align: justify;\">\n<p><strong><span style=\"font-size: 14pt;\">NINOSKA PATRIZ<\/span><\/strong><\/p>\n<p style=\"text-align: justify;\"><span style=\"font-size: 14pt;\">La Gerencia Regional Inces Aragua, agradeciendo la coordinaci\u00f3n de la Divisi\u00f3n de Talento Humano, la supervisi\u00f3n del Servicio M\u00e9dico con la Dra. Francia Ladera, con el apoyo de la prestigiosa instituci\u00f3n de Corposalud y el Consorcio del Comedor, realiz\u00f3 la primera jornada de vacunaci\u00f3n contra la covid-19.<\/span><\/p>\n<p style=\"text-align: justify;\">\n<p style=\"text-align: justify;\">\n<span style=\"font-size: 14pt;\">\u201cLos venezolanos nos crecemos ante las adversidades y esta es otra ocasi\u00f3n para demostrarlo. Hemos sufrido cualquier cantidad de ataques y seguimos en pie y hacia adelante. Seguiremos activados desde todo \u00e1ngulo posible y apostando a la formaci\u00f3n, autoformaci\u00f3n y liberaci\u00f3n del ser por medio del conocimiento y los saberes. Esta es nuestra mejor herramienta para apoyar el desarrollo integral de la naci\u00f3n\u201d, enfatiz\u00f3 la gerente regional del Inces Aragua, Yelitza Rodr\u00edguez.<\/span><\/p>\n<p style=\"text-align: justify;\">\n<p style=\"text-align: justify;\">\n<span style=\"font-size: 14pt;\">En primera instancia se atendieron aproximadamente a 80 trabajadores. De esta manera, desde las 9:00 am, en el edificio Sede, urbanizaci\u00f3n La Romana, con gran entusiasmo se observ\u00f3 la llegada de los beneficiarios y en consecuencia el equipo de salud trabaj\u00f3 con r\u00e1pida atenci\u00f3n.<\/span><\/p>\n<p style=\"text-align: justify;\">\n<p><span style=\"font-size: 14pt;\">En concordancia con lo establecido por el presidente Nicol\u00e1s Maduro, el Ministerio del Poder Popular para la Salud y en alianza con los respectivos entes de seguridad en pro de la protecci\u00f3n social se impuls\u00f3 la jornada de vacunaci\u00f3n contra la covid-19 y la influenza, para garantizar la activaci\u00f3n de las defensas naturales del organismo y fortalecer el sistema inmunol\u00f3gico como un compromiso de todos, en tiempos de pandemia.<\/span><\/p>\n<p style=\"text-align: justify;\">\n<p><span style=\"font-size: 14pt;\">\u00abLas vacunas ponen en marcha las defensas naturales del organismo y de ese modo, reducen el riesgo de contraer enfermedades\u201d, enfatiz\u00f3 la Dra. Francia Ladera; adem\u00e1s: \u201cNuestro sistema inmunitario est\u00e1 dise\u00f1ado para recordar. Tras la administraci\u00f3n de una o m\u00e1s dosis de una vacuna contra una enfermedad concreta quedamos protegidos contra ella. Por eso las vacunas son tan importantes y m\u00e1s en esta \u00e9poca\u201d, agreg\u00f3 el Dr Orlando Palma, quien tambi\u00e9n supervis\u00f3 la actividad.<\/span><\/p>\n<p style=\"text-align: justify;\">\n<p style=\"text-align: justify;\">\n","protected":false},"excerpt":{"rendered":"<p>**La actividad se organiz\u00f3 en la b\u00fasqueda de proteger y promover la buena salud de todos los que hacen vida laboral en la instituci\u00f3n<\/p>\n","protected":false},"author":4,"featured_media":44146,"comment_status":"closed","ping_status":"closed","sticky":false,"template":"","format":"standard","meta":{"footnotes":""},"categories":[2],"tags":[],"class_list":["post-44145","post","type-post","status-publish","format-standard","has-post-thumbnail","hentry","category-blog"],"_links":{"self":[{"href":"https:\/\/inces.gob.ve\/index.php\/wp-json\/wp\/v2\/posts\/44145","targetHints":{"allow":["GET"]}}],"collection":[{"href":"https:\/\/inces.gob.ve\/index.php\/wp-json\/wp\/v2\/posts"}],"about":[{"href":"https:\/\/inces.gob.ve\/index.php\/wp-json\/wp\/v2\/types\/post"}],"author":[{"embeddable":true,"href":"https:\/\/inces.gob.ve\/index.php\/wp-json\/wp\/v2\/users\/4"}],"replies":[{"embeddable":true,"href":"https:\/\/inces.gob.ve\/index.php\/wp-json\/wp\/v2\/comments?post=44145"}],"version-history":[{"count":1,"href":"https:\/\/inces.gob.ve\/index.php\/wp-json\/wp\/v2\/posts\/44145\/revisions"}],"predecessor-version":[{"id":44147,"href":"https:\/\/inces.gob.ve\/index.php\/wp-json\/wp\/v2\/posts\/44145\/revisions\/44147"}],"wp:featuredmedia":[{"embeddable":true,"href":"https:\/\/inces.gob.ve\/index.php\/wp-json\/wp\/v2\/media\/44146"}],"wp:attachment":[{"href":"https:\/\/inces.gob.ve\/index.php\/wp-json\/wp\/v2\/media?parent=44145"}],"wp:term":[{"taxonomy":"category","embeddable":true,"href":"https:\/\/inces.gob.ve\/index.php\/wp-json\/wp\/v2\/categories?post=44145"},{"taxonomy":"post_tag","embeddable":true,"href":"https:\/\/inces.gob.ve\/index.php\/wp-json\/wp\/v2\/tags?post=44145"}],"curies":[{"name":"wp","href":"https:\/\/api.w.org\/{rel}","templated":true}]}}