{"id":44148,"date":"2022-08-01T00:41:16","date_gmt":"2022-08-01T04:41:16","guid":{"rendered":"https:\/\/inces.gob.ve\/?p=44148"},"modified":"2022-07-31T19:42:45","modified_gmt":"2022-07-31T23:42:45","slug":"el-inces-militar-tachira-llega-con-sus-programas-academicos-a-los-liceos-militares-de-la-region-andina","status":"publish","type":"post","link":"https:\/\/inces.gob.ve\/index.php\/2022\/08\/01\/el-inces-militar-tachira-llega-con-sus-programas-academicos-a-los-liceos-militares-de-la-region-andina\/","title":{"rendered":"El Inces Militar T\u00e1chira llega con sus programas acad\u00e9micos a los liceos militares de la regi\u00f3n andina"},"content":{"rendered":"<p style=\"text-align: justify;\" align=\"justify\"><em><strong><span style=\"font-size: 14pt;\">** El motor Industria fue pririzado para las formaciones<\/span><\/strong><\/em><br \/>\n<!--more--><\/p>\n<p align=\"justify\">\n<p style=\"text-align: justify;\" align=\"justify\"><strong><span style=\"font-size: 14pt;\">EDMUNDO ARIAS<\/span><\/strong><\/p>\n<p style=\"text-align: justify;\" align=\"justify\"><span style=\"font-size: 14pt;\">Siguiendo los lineamientos del ciudadano Nicol\u00e1s Madura Moros, presidente constitucional de la Rep\u00fablica Bolivariana de Venezuela y comandante en jefe de la Fuerza Armada Nacional Bolivariana, a trav\u00e9s del ministro del Poder Popular para la Defensa, el general en jefe, Vlad\u00edmir Padrino L\u00f3pez y el director general del Inces Militar, contralmirante Luis Ren\u00e9 \u00c1greda Dur\u00e1n, se ha desarrollado el programa acad\u00e9mico de preparaci\u00f3n industrial para los futuros bachilleres de los liceos militares del estado T\u00e1chira.<\/span><\/p>\n<p style=\"text-align: justify;\" align=\"justify\">\n<p style=\"text-align: justify;\" align=\"justify\"><span style=\"font-size: 14pt;\">En cuanto al liceo militar 4 de Agosto, del componente militar Guardia Nacional Bolivariana, ubicado en la localidad de Col\u00f3n, desarroll\u00f3 los cursos de Mec\u00e1nica Automotriz y Electricidad B\u00e1sica, los cuales le permitir\u00e1n al nuevo bachiller tener los conocimiento esenciales en materia de reparaci\u00f3n de aver\u00edas vehiculares como por ejemplo; reparaci\u00f3n el sistema de frenos, sistema de inyecci\u00f3n, reemplazo de bombas de gasolina, limpieza de inyectores, manejo de circunstancias relacionadas con el recalentamiento de veh\u00edculos, tren delantero, cuerpo de aceleraci\u00f3n y un conocimiento muy completo sobre las partes y piezas que componen el funcionamiento de un motor de estas caracter\u00edsticas.<\/span><\/p>\n<p style=\"text-align: justify;\" align=\"justify\">\n<p style=\"text-align: justify;\" align=\"justify\"><a name=\"_GoBack\"><\/a><span style=\"font-size: 14pt;\"> De la misma manera, en materia de electricidad, los alumnos ser\u00e1n capaces de desarrollar los principios b\u00e1sicos de los planos el\u00e9ctricos, su estructuraci\u00f3n y simbolog\u00eda, as\u00ed como tambi\u00e9n la manipulaci\u00f3n, instalaci\u00f3n y funcionabilidad de los diferentes circuitos de corrientes monof\u00e1sicas y b\u00e1sicas para una unidad habitacional.<\/span><\/p>\n<p class=\"western\" style=\"text-align: justify;\" align=\"justify\">\n<p class=\"western\" style=\"text-align: justify;\" align=\"justify\"><span style=\"font-size: 14pt;\">A su vez, el liceo militar Monse\u00f1or J\u00e1uregui, del componente militar Ej\u00e9rcito Bolivariano, ubicado en la ciudad de La Grita, de la misma regi\u00f3n andina, desarroll\u00f3 en sus instalaciones la formaci\u00f3n de Carpinter\u00eda B\u00e1sica para los alumnos del 5to a\u00f1o, pr\u00f3ximos a egresar como bachilleres de la Rep\u00fablica en el presente mes de julio.<\/span><\/p>\n<p class=\"western\" style=\"text-align: justify;\" align=\"justify\">\n<p class=\"western\" style=\"text-align: justify;\" align=\"justify\"><span style=\"font-size: 14pt;\">Aqu\u00ed los participantes adquirieron los conocimientos necesarios para que a trav\u00e9s de la pr\u00e1ctica, logren la correcta manipulaci\u00f3n, medici\u00f3n, cortes, pulitura y acoplamiento de las piezas de madera y as\u00ed, poder desarrollar art\u00edculos, piezas y\/o componentes como por ejemplo; puertas, ventanas, mesas, sillas, as\u00ed como la instalaci\u00f3n y reparaci\u00f3n de techos de machimbre, instalaci\u00f3n de bisagras, cerraduras y marcos.<\/span><\/p>\n<p class=\"western\" style=\"text-align: justify;\" align=\"justify\">\n<p class=\"western\" style=\"text-align: justify;\" align=\"justify\">\n<p class=\"western\" style=\"text-align: justify;\" align=\"justify\"><span style=\"font-size: 14pt;\">Todas estas herramientas acad\u00e9micas son posibles gracias a la colaboraci\u00f3n, integraci\u00f3n y aporte del mismo personal profesional militar que hace vida en estas dependencias militares educativas, as\u00ed como tambi\u00e9n del personal civil org\u00e1nico y de la comunidad organizada, integrantes de las unidades de UBCH, que amablemente y de manera muy espont\u00e1nea y desinteresada, prestan su colaboraci\u00f3n para transmitir sus conocimientos a estos j\u00f3venes, prepararlos en estas \u00e1reas del desarrollo industrial, que les ser\u00e1n de mucha utilidad en su inmediata integraci\u00f3n al campo laboral, para que de manera paralela puedan desarrollar estos conocimientos y profesionalizarse en sus futuros centros universitarios.<\/span><\/p>\n<p align=\"justify\">\n<p class=\"western\" style=\"text-align: justify;\" align=\"justify\"><span style=\"font-size: 14pt;\">El coronel V\u00edctor Julio Castillo Blanco, gerente regional del Inces Militar T\u00e1chira, destac\u00f3 el excelente nivel de acogimiento de estas iniciativas por parte del estudiantado, quienes se han visto muy interesados e involucrados en el proceso de aprendizaje, demostrando preocupaci\u00f3n y muchos deseos de adquirir cuanto m\u00e1s conocimiento sea posible para facilitarles o colocarles en la mano una herramienta importante que les sirva en su desarrollo personal y profesional en el futuro inmediato.<\/span><\/p>\n<p align=\"justify\">\n<p class=\"western\" style=\"text-align: justify;\" align=\"justify\"><span style=\"font-size: 14pt;\">El Inces Militar T\u00e1chira camina de la mano con su pueblo, con sus unidades militares, con su personal militar, llevando la conciencia socialista y adoctrinamiento educacional necesario para la formaci\u00f3n y desarrollo del nuevo hombre, el nuevo venezolano.<\/span><\/p>\n","protected":false},"excerpt":{"rendered":"<p>** El motor Industria fue pririzado para las formaciones<\/p>\n","protected":false},"author":4,"featured_media":43166,"comment_status":"closed","ping_status":"closed","sticky":false,"template":"","format":"standard","meta":{"footnotes":""},"categories":[2],"tags":[],"class_list":["post-44148","post","type-post","status-publish","format-standard","has-post-thumbnail","hentry","category-blog"],"_links":{"self":[{"href":"https:\/\/inces.gob.ve\/index.php\/wp-json\/wp\/v2\/posts\/44148","targetHints":{"allow":["GET"]}}],"collection":[{"href":"https:\/\/inces.gob.ve\/index.php\/wp-json\/wp\/v2\/posts"}],"about":[{"href":"https:\/\/inces.gob.ve\/index.php\/wp-json\/wp\/v2\/types\/post"}],"author":[{"embeddable":true,"href":"https:\/\/inces.gob.ve\/index.php\/wp-json\/wp\/v2\/users\/4"}],"replies":[{"embeddable":true,"href":"https:\/\/inces.gob.ve\/index.php\/wp-json\/wp\/v2\/comments?post=44148"}],"version-history":[{"count":1,"href":"https:\/\/inces.gob.ve\/index.php\/wp-json\/wp\/v2\/posts\/44148\/revisions"}],"predecessor-version":[{"id":44149,"href":"https:\/\/inces.gob.ve\/index.php\/wp-json\/wp\/v2\/posts\/44148\/revisions\/44149"}],"wp:featuredmedia":[{"embeddable":true,"href":"https:\/\/inces.gob.ve\/index.php\/wp-json\/wp\/v2\/media\/43166"}],"wp:attachment":[{"href":"https:\/\/inces.gob.ve\/index.php\/wp-json\/wp\/v2\/media?parent=44148"}],"wp:term":[{"taxonomy":"category","embeddable":true,"href":"https:\/\/inces.gob.ve\/index.php\/wp-json\/wp\/v2\/categories?post=44148"},{"taxonomy":"post_tag","embeddable":true,"href":"https:\/\/inces.gob.ve\/index.php\/wp-json\/wp\/v2\/tags?post=44148"}],"curies":[{"name":"wp","href":"https:\/\/api.w.org\/{rel}","templated":true}]}}