{"id":44160,"date":"2022-08-02T07:06:12","date_gmt":"2022-08-02T11:06:12","guid":{"rendered":"https:\/\/inces.gob.ve\/?p=44160"},"modified":"2022-08-02T07:06:12","modified_gmt":"2022-08-02T11:06:12","slug":"yaracuy-inces-abre-curso-a-estudiantes-de-la-unes","status":"publish","type":"post","link":"https:\/\/inces.gob.ve\/index.php\/2022\/08\/02\/yaracuy-inces-abre-curso-a-estudiantes-de-la-unes\/","title":{"rendered":"YARACUY | Inces abre curso a estudiantes de la UNES"},"content":{"rendered":"<p style=\"text-align: justify;\" align=\"justify\"><em><strong><span style=\"font-size: 14pt;\">***Un total de 63 participantes se capacitan en el \u00e1rea de inform\u00e1tica en la sede del CFS \u201cManuel Cede\u00f1o\u201d<\/span><\/strong><\/em><!--more--><\/p>\n<p align=\"justify\">\n<p style=\"text-align: justify;\" align=\"justify\"><strong><span style=\"font-size: 14pt;\">YOLAICE VARGAS<\/span><\/strong><\/p>\n<p style=\"text-align: justify;\" align=\"justify\"><span style=\"font-size: 14pt;\">Siguiendo orientaciones del presidente del Inces, Wuikelman Angel Paredes, de avanzar hacia la educaci\u00f3n t\u00e9cnica profesional, se dio inicio al curso Word 2000 avanzado, dirigido a 63 estudiantes de la academia del Cuerpo de Investigaciones Cient\u00edficas Penales y Criminal\u00edstica &#8211; Universidad Nacional Experimental de la Seguridad, (CICPC-UNES).<\/span><\/p>\n<p style=\"text-align: justify;\" align=\"justify\">\n<p style=\"text-align: justify;\" align=\"justify\"><span style=\"font-size: 14pt;\">La formaci\u00f3n se desarrolla en dos ambientes de aprendizaje en las instalaciones del Centro de Formaci\u00f3n Socialista \u201cManuel Cede\u00f1o\u201d a cargo del maestro t\u00e9cnico productivo (MPT), Julio Ferrer, quien es el responsable de formar a los j\u00f3venes. <\/span><\/p>\n<p style=\"text-align: justify;\" align=\"justify\">\n<p style=\"text-align: justify;\" align=\"justify\"><span style=\"font-size: 14pt;\">Cabe destacar que la formaci\u00f3n contar\u00e1 tambi\u00e9n con otras \u00e1reas como: Excel y redacci\u00f3n de informes t\u00e9cnicos, a fin de brindar herramientas te\u00f3rico-pr\u00e1cticas a los participantes y que puedan utilizar al momento de ejercer sus funciones laborales, toda vez que ingresen a las filas del cuerpo detectivesco. <\/span><\/p>\n<p style=\"text-align: justify;\" align=\"justify\">\n<p style=\"text-align: justify;\" align=\"justify\"><span style=\"font-size: 14pt;\">Es de hacer notar que el inicio de la formaci\u00f3n se realiza bajo previa reuni\u00f3n y acuerdos de cooperaci\u00f3n interinstitucional entre los entes de seguridad y el Inces, logrando as\u00ed beneficiar a los participantes quienes, adem\u00e1s de recibir sus clases en la UNES con relaci\u00f3n a temas espec\u00edficos, a la par reciben capacitaci\u00f3n en otras \u00e1reas a trav\u00e9s del Inces. <\/span><\/p>\n<p style=\"text-align: justify;\" align=\"justify\">\n<p style=\"text-align: justify;\" align=\"justify\"><span style=\"font-size: 14pt;\">Durante el inicio del curso estuvo presente la delegada de la academia, comisario Miriam Pinto, adscrita al CICPC, Delegaci\u00f3n Yaracuy y el jefe del CFS \u201cManuel Cede\u00f1o\u201d, Luis Traviezo, as\u00ed como otros representantes de la UNES.<\/span><\/p>\n","protected":false},"excerpt":{"rendered":"<p>***Un total de 63 participantes se capacitan en el \u00e1rea de inform\u00e1tica en la sede del CFS \u201cManuel Cede\u00f1o\u201d<\/p>\n","protected":false},"author":4,"featured_media":44161,"comment_status":"closed","ping_status":"closed","sticky":false,"template":"","format":"standard","meta":{"footnotes":""},"categories":[2],"tags":[],"class_list":["post-44160","post","type-post","status-publish","format-standard","has-post-thumbnail","hentry","category-blog"],"_links":{"self":[{"href":"https:\/\/inces.gob.ve\/index.php\/wp-json\/wp\/v2\/posts\/44160","targetHints":{"allow":["GET"]}}],"collection":[{"href":"https:\/\/inces.gob.ve\/index.php\/wp-json\/wp\/v2\/posts"}],"about":[{"href":"https:\/\/inces.gob.ve\/index.php\/wp-json\/wp\/v2\/types\/post"}],"author":[{"embeddable":true,"href":"https:\/\/inces.gob.ve\/index.php\/wp-json\/wp\/v2\/users\/4"}],"replies":[{"embeddable":true,"href":"https:\/\/inces.gob.ve\/index.php\/wp-json\/wp\/v2\/comments?post=44160"}],"version-history":[{"count":1,"href":"https:\/\/inces.gob.ve\/index.php\/wp-json\/wp\/v2\/posts\/44160\/revisions"}],"predecessor-version":[{"id":44162,"href":"https:\/\/inces.gob.ve\/index.php\/wp-json\/wp\/v2\/posts\/44160\/revisions\/44162"}],"wp:featuredmedia":[{"embeddable":true,"href":"https:\/\/inces.gob.ve\/index.php\/wp-json\/wp\/v2\/media\/44161"}],"wp:attachment":[{"href":"https:\/\/inces.gob.ve\/index.php\/wp-json\/wp\/v2\/media?parent=44160"}],"wp:term":[{"taxonomy":"category","embeddable":true,"href":"https:\/\/inces.gob.ve\/index.php\/wp-json\/wp\/v2\/categories?post=44160"},{"taxonomy":"post_tag","embeddable":true,"href":"https:\/\/inces.gob.ve\/index.php\/wp-json\/wp\/v2\/tags?post=44160"}],"curies":[{"name":"wp","href":"https:\/\/api.w.org\/{rel}","templated":true}]}}