{"id":44171,"date":"2022-08-02T13:20:46","date_gmt":"2022-08-02T17:20:46","guid":{"rendered":"https:\/\/inces.gob.ve\/?p=44171"},"modified":"2022-08-02T13:23:22","modified_gmt":"2022-08-02T17:23:22","slug":"yaracuy-egresados-del-liceo-nocturno-inces-recibieron-titulos-de-bachiller-productivo","status":"publish","type":"post","link":"https:\/\/inces.gob.ve\/index.php\/2022\/08\/02\/yaracuy-egresados-del-liceo-nocturno-inces-recibieron-titulos-de-bachiller-productivo\/","title":{"rendered":"YARACUY | Egresados del Liceo nocturno Inces recibieron t\u00edtulos de bachiller productivo"},"content":{"rendered":"<p align=\"justify\"><span style=\"font-size: 14pt;\"><span style=\"font-family: Georgia, serif;\">*<i><b>**El auditorio de la Universidad Polit\u00e9cnica Territorial Ar\u00edstides Bastidas sirvi\u00f3 de escenario para la entrega de t\u00edtulos a los graduandos <\/b><\/i><\/span><!--more--><\/span><\/p>\n<p align=\"justify\"><span style=\"font-family: Georgia, serif; font-size: 14pt;\">YOLAICE VARGAS<\/span><\/p>\n<p align=\"justify\"><span style=\"font-family: Georgia, serif; font-size: 14pt;\">Bajo un ambiente de alegr\u00eda y algarab\u00eda los j\u00f3venes y adultos integrantes de la novena y d\u00e9cima promoci\u00f3n de bachilleres productivos del Liceo Nocturno Inces Yaracuy recibieron sus t\u00edtulos que los acredita como bachilleres de la Rep\u00fablica Bolivariana de Venezuela, en el auditorio de la Universidad Polit\u00e9cnica Territorial Ar\u00edstides Bastidas. <\/span><\/p>\n<p align=\"justify\"><span style=\"font-family: Georgia, serif; font-size: 14pt;\">El acto cont\u00f3 con la presencia del gerente regional del Inces Yaracuy, Dalvi Torrealba; el jefe de Formaci\u00f3n Profesional, Rafael Arias; el director del Liceo Nocturno Inces Yaracuy, Andry Fonseca y\u00a0 la coordinadora de Evaluaci\u00f3n del Liceo Nocturno Inces, MIlitza Espino.<\/span><\/p>\n<p align=\"justify\"><img loading=\"lazy\" decoding=\"async\" class=\"aligncenter wp-image-44172 size-full\" src=\"https:\/\/inces.gob.ve\/wp-content\/uploads\/2022\/08\/titulos-de-bachiller-productivo1--e1659460562627.jpg\" alt=\"\" width=\"640\" height=\"480\" \/><\/p>\n<p align=\"justify\"><span style=\"font-family: Georgia, serif; font-size: 14pt;\">El discurso central del acto bajo el ep\u00f3nimo \u201cGran Mariscal de Ayacucho, Antonio Jos\u00e9 de Sucre\u00bb, estuvo a cargo de quien suscribe esta nota de prensa, el mismo relat\u00f3 con hechos puntuales algunas gestas hist\u00f3ricas del h\u00e9roe de la patria, quien junto al Libertador Sim\u00f3n Bol\u00edvar logr\u00f3 ganar grandes batallas para dar libertad e independencia a varias naciones, de igual manera durante el discurso el llamado fue a los graduandos a seguir avanzando bajo esos ejemplos de lucha, constancia, dedicaci\u00f3n y entrega para alcanzar el \u00e9xito, sin darse por vencidos y reconociendo errores, lo que los hace m\u00e1s humanistas y mejores seres humanos. <\/span><\/p>\n<p align=\"justify\"><span style=\"font-family: Georgia, serif; font-size: 14pt;\">De igual manera el gerente regional del Inces Yaracuy, Dalvi Torrealba, expres\u00f3 palabras de felicitaciones a los nuevos bachilleres y a su vez los exhort\u00f3 a seguir form\u00e1ndose de manera profesional,\u00a0 para construir la patria grande y avanzar en el desarrollo del estado y del pa\u00eds.<\/span><\/p>\n<p align=\"justify\"><img loading=\"lazy\" decoding=\"async\" class=\"wp-image-44174 size-full aligncenter\" src=\"https:\/\/inces.gob.ve\/wp-content\/uploads\/2022\/08\/titulos-de-bachiller-productivo4-.jpg\" alt=\"\" width=\"640\" height=\"480\" srcset=\"https:\/\/inces.gob.ve\/wp-content\/uploads\/2022\/08\/titulos-de-bachiller-productivo4-.jpg 640w, https:\/\/inces.gob.ve\/wp-content\/uploads\/2022\/08\/titulos-de-bachiller-productivo4--300x225.jpg 300w, https:\/\/inces.gob.ve\/wp-content\/uploads\/2022\/08\/titulos-de-bachiller-productivo4--136x102.jpg 136w\" sizes=\"auto, (max-width: 640px) 100vw, 640px\" \/><\/p>\n<p align=\"justify\"><span style=\"font-family: Georgia, serif; font-size: 14pt;\">Asimismo, mencion\u00f3 que la instituci\u00f3n que gerencia tambi\u00e9n ofrece otras ofertas formativas de las cuales pueden ser part\u00edcipes y continuar capacit\u00e1ndose y form\u00e1ndose en los centros de formaci\u00f3n socialista.<\/span><\/p>\n<p align=\"justify\"><img loading=\"lazy\" decoding=\"async\" class=\"wp-image-44173 aligncenter\" src=\"https:\/\/inces.gob.ve\/wp-content\/uploads\/2022\/08\/titulos-de-bachiller-productivo2--e1659460622619.jpg\" alt=\"\" width=\"392\" height=\"523\" \/><\/p>\n<p align=\"justify\"><span style=\"font-family: Georgia, serif; font-size: 14pt;\">Luego de la entrega de t\u00edtulos y acreditaciones Inces, el alumno con el primer promedio acad\u00e9mico, Maikel Arteaga, expres\u00f3 palabras de agradecimiento y de felicitaciones al personal encargado de la formaci\u00f3n y de manera de manera muy emotiva y con l\u00e1grimas en los ojos invit\u00f3 a sus compa\u00f1eros de curso a seguir la trayectoria acad\u00e9mica profesional.<\/span><\/p>\n<p align=\"justify\"><img loading=\"lazy\" decoding=\"async\" class=\"wp-image-44175 size-full aligncenter\" src=\"https:\/\/inces.gob.ve\/wp-content\/uploads\/2022\/08\/titulos-de-bachiller-productivo5-.jpg\" alt=\"\" width=\"640\" height=\"480\" srcset=\"https:\/\/inces.gob.ve\/wp-content\/uploads\/2022\/08\/titulos-de-bachiller-productivo5-.jpg 640w, https:\/\/inces.gob.ve\/wp-content\/uploads\/2022\/08\/titulos-de-bachiller-productivo5--300x225.jpg 300w, https:\/\/inces.gob.ve\/wp-content\/uploads\/2022\/08\/titulos-de-bachiller-productivo5--136x102.jpg 136w\" sizes=\"auto, (max-width: 640px) 100vw, 640px\" \/><\/p>\n<p align=\"justify\"><span style=\"font-family: Georgia, serif; font-size: 14pt;\">Graduandos comparten su experiencia<\/span><\/p>\n<p align=\"justify\"><span style=\"font-family: Georgia, serif; font-size: 14pt;\">Jos\u00e9 Graterol agradeci\u00f3 a Dios y a todos quienes de alguna manera estuvieron involucrados con su proceso formativo, destac\u00f3 que el estudiar en el Inces fue una experiencia \u00fanica y maravillosa, se\u00f1al\u00f3 que nunca es tarde para superarse y salir adelante.<\/span><\/p>\n<p align=\"justify\"><img loading=\"lazy\" decoding=\"async\" class=\"wp-image-44177 aligncenter\" src=\"https:\/\/inces.gob.ve\/wp-content\/uploads\/2022\/08\/titulos-de-bachiller-productivo-6-.jpg\" alt=\"\" width=\"355\" height=\"473\" srcset=\"https:\/\/inces.gob.ve\/wp-content\/uploads\/2022\/08\/titulos-de-bachiller-productivo-6-.jpg 480w, https:\/\/inces.gob.ve\/wp-content\/uploads\/2022\/08\/titulos-de-bachiller-productivo-6--225x300.jpg 225w\" sizes=\"auto, (max-width: 355px) 100vw, 355px\" \/><\/p>\n<p align=\"justify\"><span style=\"font-family: Georgia, serif; font-size: 14pt;\">Por su parte Ver\u00f3nica Torres manifest\u00f3 sentirse muy feliz por estar recibiendo su t\u00edtulo de bachiller productivo y agradeci\u00f3 a todos los profesores. Destac\u00f3 que la experiencia de estudiar en el Inces fue maravillosa. <\/span><\/p>\n","protected":false},"excerpt":{"rendered":"<p>***El auditorio de la Universidad Polit\u00e9cnica Territorial Ar\u00edstides Bastidas sirvi\u00f3 de escenario para la entrega de t\u00edtulos a los graduandos<\/p>\n","protected":false},"author":15,"featured_media":44176,"comment_status":"closed","ping_status":"closed","sticky":false,"template":"","format":"standard","meta":{"footnotes":""},"categories":[2],"tags":[],"class_list":["post-44171","post","type-post","status-publish","format-standard","has-post-thumbnail","hentry","category-blog"],"_links":{"self":[{"href":"https:\/\/inces.gob.ve\/index.php\/wp-json\/wp\/v2\/posts\/44171","targetHints":{"allow":["GET"]}}],"collection":[{"href":"https:\/\/inces.gob.ve\/index.php\/wp-json\/wp\/v2\/posts"}],"about":[{"href":"https:\/\/inces.gob.ve\/index.php\/wp-json\/wp\/v2\/types\/post"}],"author":[{"embeddable":true,"href":"https:\/\/inces.gob.ve\/index.php\/wp-json\/wp\/v2\/users\/15"}],"replies":[{"embeddable":true,"href":"https:\/\/inces.gob.ve\/index.php\/wp-json\/wp\/v2\/comments?post=44171"}],"version-history":[{"count":4,"href":"https:\/\/inces.gob.ve\/index.php\/wp-json\/wp\/v2\/posts\/44171\/revisions"}],"predecessor-version":[{"id":44181,"href":"https:\/\/inces.gob.ve\/index.php\/wp-json\/wp\/v2\/posts\/44171\/revisions\/44181"}],"wp:featuredmedia":[{"embeddable":true,"href":"https:\/\/inces.gob.ve\/index.php\/wp-json\/wp\/v2\/media\/44176"}],"wp:attachment":[{"href":"https:\/\/inces.gob.ve\/index.php\/wp-json\/wp\/v2\/media?parent=44171"}],"wp:term":[{"taxonomy":"category","embeddable":true,"href":"https:\/\/inces.gob.ve\/index.php\/wp-json\/wp\/v2\/categories?post=44171"},{"taxonomy":"post_tag","embeddable":true,"href":"https:\/\/inces.gob.ve\/index.php\/wp-json\/wp\/v2\/tags?post=44171"}],"curies":[{"name":"wp","href":"https:\/\/api.w.org\/{rel}","templated":true}]}}