{"id":44197,"date":"2022-08-02T15:50:03","date_gmt":"2022-08-02T19:50:03","guid":{"rendered":"https:\/\/inces.gob.ve\/?p=44197"},"modified":"2022-08-02T15:50:36","modified_gmt":"2022-08-02T19:50:36","slug":"cojedes-egresan-bachilleres-productivos-en-la-modalidad-jovenes-adultos-y-adultas","status":"publish","type":"post","link":"https:\/\/inces.gob.ve\/index.php\/2022\/08\/02\/cojedes-egresan-bachilleres-productivos-en-la-modalidad-jovenes-adultos-y-adultas\/","title":{"rendered":"COJEDES | Egresan bachilleres productivos en la modalidad J\u00f3venes, Adultos y Adultas"},"content":{"rendered":"<p align=\"justify\"><span style=\"font-size: 14pt;\"><span style=\"font-family: Georgia, serif;\"><i><b>** Esta misma acci\u00f3n se replica en todos los estados del pa\u00eds, a prop\u00f3sito del cierre del a\u00f1o escolar 2021 -2022<\/b><\/i><\/span><!--more--><\/span><\/p>\n<p align=\"justify\"><span style=\"font-family: Georgia, serif; font-size: 14pt;\">Un total de 34 nuevos bachilleres fueron promovidos de cinco institutos del Sistema Educativo de la modalidad J\u00f3venes, Adultos y Adultas, luego de culminar su periodo acad\u00e9mico y cumplir con sus competencias educativas; al acto se dieron cita los egresados del municipio Ezequiel Zamora, donde recibieron su t\u00edtulo de bachilleres.<\/span><\/p>\n<p align=\"justify\"><span style=\"font-family: Georgia, serif; font-size: 14pt;\">El acto se llev\u00f3 a cabo en el auditorio del Liceo Nacional \u201cEloy Guillermo Gonz\u00e1lez\u201d, inform\u00f3\u00a0 la coordinadora zonal de la Modalidad de J\u00f3venes y Adultos, Marlene Rodr\u00edguez, donde fueron promovidos estudiantes del Instituto Nacional de Capacitaci\u00f3n y Educaci\u00f3n Socialista (Inces), C.C.B. Ra\u00fal Leoni, Unidad Educativa \u201cR\u00f3mulo Gallegos\u201d, \u201cPedro Manzanero\u201d y el Instituto Radiof\u00f3nico Fe y Alegr\u00eda.<\/span><\/p>\n<p align=\"justify\"><img loading=\"lazy\" decoding=\"async\" class=\"aligncenter wp-image-44198 size-full\" src=\"https:\/\/inces.gob.ve\/wp-content\/uploads\/2022\/08\/modalidad-Jovenes-Adultos-y-Adultas1--e1659469527158.jpg\" alt=\"\" width=\"800\" height=\"450\" \/><\/p>\n<p align=\"justify\"><span style=\"font-family: Georgia, serif; font-size: 14pt;\">Con la lectura del ep\u00f3nimo \u201cGran Mariscal de Ayacucho, Antonio Jos\u00e9 de Sucre\u201d, inici\u00f3 este solemne acto, siendo esta\u00a0 a cuadrag\u00e9sima graduaci\u00f3n de bachilleres en la modalidad J\u00f3venes, Adultos y Adultas de la regi\u00f3n llanera.<img loading=\"lazy\" decoding=\"async\" class=\"aligncenter wp-image-44201 size-full\" src=\"https:\/\/inces.gob.ve\/wp-content\/uploads\/2022\/08\/modalidad-Jovenes-Adultos-y-Adultas-4--e1659469551892.jpg\" alt=\"\" width=\"800\" height=\"450\" \/> <\/span><\/p>\n<p align=\"justify\"><span style=\"font-family: Georgia, serif; font-size: 14pt;\">Por su Parte, el coordinador de Educaci\u00f3n B\u00e1sica del Inces, Ender Moncada, explic\u00f3 que egresaron del programa Inces 14 j\u00f3venes y adultos del municipio Ezequiel Zamora y Tinaquillo, explic\u00f3 que entre algunas materias que pudieron alcanzar fue Manos a la Siembra, proyecto comunitario reflejado en seis periodos bajo la premisa del maestro Sim\u00f3n Rodr\u00edguez,\u00a0 Formar produciendo, producir formando\u201d.<\/span><\/p>\n<p align=\"justify\"><span style=\"font-family: Georgia, serif; font-size: 14pt;\">As\u00ed mismo, Gabriel Figueredo, Bachiller Productivo Inces, indic\u00f3 haber vivido una experiencia muy bonita, explic\u00f3 que se trat\u00f3 de \u00a0una socializaci\u00f3n de saberes, \u201ccompartimos experiencias entre estudiantes, profesores, comunidad y familia,\u201d.<\/span><\/p>\n<p align=\"justify\"><span style=\"font-family: Georgia, serif; font-size: 14pt;\">Finalmente, el gerente regional del Inces, Jos\u00e9 Antonio Mart\u00ednez,\u00a0 dijo: \u201cHoy queda demostrado que cuando la familia, la comunidad y la escuela se juntan se logran las victorias, se vencen las dificultades y juntos se vislumbra un futuro para el sue\u00f1o de la familia, y por ende para cumplir el sue\u00f1o de la patria\u201d. Felicit\u00f3 a todos los egresados y los invito a seguir adelante sus estudios, a trav\u00e9s de los diferentes programas que el gobierno Bolivariano ha puesto a disposici\u00f3n de la poblaci\u00f3n como misiones, universidades, institutos y otros,\u00a0 finaliz\u00f3 Mart\u00ednez,<\/span><\/p>\n<p align=\"justify\"><img loading=\"lazy\" decoding=\"async\" class=\"aligncenter wp-image-44199 size-full\" src=\"https:\/\/inces.gob.ve\/wp-content\/uploads\/2022\/08\/modalidad-Jovenes-Adultos-y-Adultas2--e1659469587940.jpg\" alt=\"\" width=\"800\" height=\"450\" \/><\/p>\n<p align=\"justify\"><span style=\"font-family: Georgia, serif; font-size: 14pt;\">El acto estuvo acompa\u00f1ado de las autoridades educativas regionales, Marlene Rodr\u00edguez, Coordinadora Zonal de la Modalidad J\u00f3venes y Adultos; Jos\u00e9 Antonio Mart\u00ednez, gerente Regional del Inces, Ender Moncada, Director de la Unidad Educativa Antonio Guzm\u00e1n Blanco y Coordinador de educaci\u00f3n b\u00e1sica del Inces;\u00a0 Olga Vadillo, Directora del Instituto Radiof\u00f3nico de Fe y Alegr\u00eda; Jhon Betancourt,\u00a0 Dir. De la Unidad Educativo R\u00f3mulo Gallegos; Jhoan Pinto, CCB Ra\u00fal Leoni; Rosmar Ascanio, Coordinador de la U. E. Pedro Manzanero y Julieta Lara, Supervisora Circuito de la Zona Educativa.\u00a0 <\/span><\/p>\n","protected":false},"excerpt":{"rendered":"<p>** Esta misma acci\u00f3n se replica en todos los estados del pa\u00eds, a prop\u00f3sito del cierre del a\u00f1o escolar 2021 -2022<\/p>\n","protected":false},"author":15,"featured_media":44200,"comment_status":"closed","ping_status":"closed","sticky":false,"template":"","format":"standard","meta":{"footnotes":""},"categories":[2],"tags":[],"class_list":["post-44197","post","type-post","status-publish","format-standard","has-post-thumbnail","hentry","category-blog"],"_links":{"self":[{"href":"https:\/\/inces.gob.ve\/index.php\/wp-json\/wp\/v2\/posts\/44197","targetHints":{"allow":["GET"]}}],"collection":[{"href":"https:\/\/inces.gob.ve\/index.php\/wp-json\/wp\/v2\/posts"}],"about":[{"href":"https:\/\/inces.gob.ve\/index.php\/wp-json\/wp\/v2\/types\/post"}],"author":[{"embeddable":true,"href":"https:\/\/inces.gob.ve\/index.php\/wp-json\/wp\/v2\/users\/15"}],"replies":[{"embeddable":true,"href":"https:\/\/inces.gob.ve\/index.php\/wp-json\/wp\/v2\/comments?post=44197"}],"version-history":[{"count":2,"href":"https:\/\/inces.gob.ve\/index.php\/wp-json\/wp\/v2\/posts\/44197\/revisions"}],"predecessor-version":[{"id":44203,"href":"https:\/\/inces.gob.ve\/index.php\/wp-json\/wp\/v2\/posts\/44197\/revisions\/44203"}],"wp:featuredmedia":[{"embeddable":true,"href":"https:\/\/inces.gob.ve\/index.php\/wp-json\/wp\/v2\/media\/44200"}],"wp:attachment":[{"href":"https:\/\/inces.gob.ve\/index.php\/wp-json\/wp\/v2\/media?parent=44197"}],"wp:term":[{"taxonomy":"category","embeddable":true,"href":"https:\/\/inces.gob.ve\/index.php\/wp-json\/wp\/v2\/categories?post=44197"},{"taxonomy":"post_tag","embeddable":true,"href":"https:\/\/inces.gob.ve\/index.php\/wp-json\/wp\/v2\/tags?post=44197"}],"curies":[{"name":"wp","href":"https:\/\/api.w.org\/{rel}","templated":true}]}}