{"id":44236,"date":"2022-08-04T12:18:44","date_gmt":"2022-08-04T16:18:44","guid":{"rendered":"https:\/\/inces.gob.ve\/?p=44236"},"modified":"2022-08-04T12:18:44","modified_gmt":"2022-08-04T16:18:44","slug":"zulia-22-jovenes-iniciaron-su-capacitacion-tecnica-profesional-en-seguridad-industrial","status":"publish","type":"post","link":"https:\/\/inces.gob.ve\/index.php\/2022\/08\/04\/zulia-22-jovenes-iniciaron-su-capacitacion-tecnica-profesional-en-seguridad-industrial\/","title":{"rendered":"ZULIA | 22 j\u00f3venes iniciaron su capacitaci\u00f3n t\u00e9cnica profesional en Seguridad Industrial"},"content":{"rendered":"<p style=\"text-align: justify;\"><em><strong><span style=\"font-size: 14pt;\">** La sede del CFS Los H\u00e1ticos, en Maracaibo, recibi\u00f3 a 22 participantes de la formaci\u00f3n Seguridad Industrial, quienes al egresar se incorporar\u00e1n a la din\u00e1mica laboral, gracias a la acreditaci\u00f3n obtenida a trav\u00e9s del instituto<\/span><\/strong><\/em><!--more--><\/p>\n<p>&nbsp;<\/p>\n<p style=\"text-align: justify;\"><strong><span style=\"font-size: 14pt;\">MARIANA ALBARR\u00c1N<\/span><\/strong><\/p>\n<p style=\"text-align: justify;\"><span style=\"font-size: 14pt;\">Recibimos agosto, mes del 63 aniversario del Instituto Nacional de Capacitaci\u00f3n y Educaci\u00f3n Socialista (Inces), desplegados y brindando desde su gerencia en el Zulia, cada d\u00eda m\u00e1s y mejores herramientas para el hacer, al acompa\u00f1ar la fuerza creadora de los emprendedores, hombres y mujeres y la juventud que ama a Venezuela, como lo practicaron este jueves, 22 j\u00f3venes que inician su formaci\u00f3n en la ocupaci\u00f3n productiva: Seguridad Industrial, como se\u00f1al de que somos un pueblo que avanza a paso de vencedores, bajo la l\u00ednea estrat\u00e9gica del sistema de educaci\u00f3n y formaci\u00f3n, t\u00e9cnica y profesional.<\/span><\/p>\n<p style=\"text-align: justify;\">\n<p style=\"text-align: justify;\"><span style=\"font-size: 14pt;\">Las instalaciones del Centro de Formaci\u00f3n Socialista Los H\u00e1ticos, en la parroquia Cristo de Aranza de Maracaibo, acogieron al grupo de participantes que durante varias semanas cursar\u00e1n su capacitaci\u00f3n y ejecutaran sus pr\u00e1cticas, para recibir una acreditaci\u00f3n, avalada internacionalmente, ya que el Inces, suscribi\u00f3 recientemente, a trav\u00e9s del c\u00a1viceministro de Comunidades Educativas y Uni\u00f3n con el Pueblo y presidente del ente, Wuikelman \u00c1ngel Paredes, un acuerdo con la Organizaci\u00f3n de las Naciones Unidas para la Educaci\u00f3n, la Ciencia y la Cultura (UNESCO).<\/span><\/p>\n<p style=\"text-align: justify;\">\n<p style=\"text-align: justify;\"><span style=\"font-size: 14pt;\">El gerente del Inces Zulia, Jos\u00e9 Vicente Far\u00edas Echeverri, brind\u00f3 la bienvenida al grupo de participantes y se\u00f1al\u00f3 que el instituto tiene la perspectiva, bajo orientaci\u00f3n del Gobierno Nacional, de tener mayor presencia en los territorios y de acuerdo a las necesidades formativas que se amerite en cada \u00e1mbito. \u201cSin duda, vamos a seguir creciendo y por ello, tambi\u00e9n estamos atentos, a las acciones de mantenimiento y embellecimiento de las diferentes sedes para brindar la infraestructura adecuada y recibir a todo aquel que desee sumarse a la formaci\u00f3n t\u00e9cnica productiva\u201d.<\/span><\/p>\n","protected":false},"excerpt":{"rendered":"<p>** La sede del CFS Los H\u00e1ticos, en Maracaibo, recibi\u00f3 a 22 participantes de la formaci\u00f3n Seguridad Industrial, quienes al egresar se incorporar\u00e1n a la din\u00e1mica laboral, gracias a la acreditaci\u00f3n obtenida a trav\u00e9s del instituto<\/p>\n","protected":false},"author":4,"featured_media":44237,"comment_status":"closed","ping_status":"closed","sticky":false,"template":"","format":"standard","meta":{"footnotes":""},"categories":[2],"tags":[],"class_list":["post-44236","post","type-post","status-publish","format-standard","has-post-thumbnail","hentry","category-blog"],"_links":{"self":[{"href":"https:\/\/inces.gob.ve\/index.php\/wp-json\/wp\/v2\/posts\/44236","targetHints":{"allow":["GET"]}}],"collection":[{"href":"https:\/\/inces.gob.ve\/index.php\/wp-json\/wp\/v2\/posts"}],"about":[{"href":"https:\/\/inces.gob.ve\/index.php\/wp-json\/wp\/v2\/types\/post"}],"author":[{"embeddable":true,"href":"https:\/\/inces.gob.ve\/index.php\/wp-json\/wp\/v2\/users\/4"}],"replies":[{"embeddable":true,"href":"https:\/\/inces.gob.ve\/index.php\/wp-json\/wp\/v2\/comments?post=44236"}],"version-history":[{"count":1,"href":"https:\/\/inces.gob.ve\/index.php\/wp-json\/wp\/v2\/posts\/44236\/revisions"}],"predecessor-version":[{"id":44238,"href":"https:\/\/inces.gob.ve\/index.php\/wp-json\/wp\/v2\/posts\/44236\/revisions\/44238"}],"wp:featuredmedia":[{"embeddable":true,"href":"https:\/\/inces.gob.ve\/index.php\/wp-json\/wp\/v2\/media\/44237"}],"wp:attachment":[{"href":"https:\/\/inces.gob.ve\/index.php\/wp-json\/wp\/v2\/media?parent=44236"}],"wp:term":[{"taxonomy":"category","embeddable":true,"href":"https:\/\/inces.gob.ve\/index.php\/wp-json\/wp\/v2\/categories?post=44236"},{"taxonomy":"post_tag","embeddable":true,"href":"https:\/\/inces.gob.ve\/index.php\/wp-json\/wp\/v2\/tags?post=44236"}],"curies":[{"name":"wp","href":"https:\/\/api.w.org\/{rel}","templated":true}]}}