{"id":44273,"date":"2022-08-05T09:19:21","date_gmt":"2022-08-05T13:19:21","guid":{"rendered":"https:\/\/inces.gob.ve\/?p=44273"},"modified":"2022-08-05T09:21:42","modified_gmt":"2022-08-05T13:21:42","slug":"el-inces-persiste-en-potenciar-las-fuerzas-productivas-del-pais","status":"publish","type":"post","link":"https:\/\/inces.gob.ve\/index.php\/2022\/08\/05\/el-inces-persiste-en-potenciar-las-fuerzas-productivas-del-pais\/","title":{"rendered":"El Inces persiste en potenciar las fuerzas productivas del pa\u00eds"},"content":{"rendered":"<p style=\"text-align: justify;\"><span style=\"font-size: 14pt;\"><strong><em>*** De all\u00ed la suma de esfuerzos con el Movimiento Bolivariano de la Familia, las Fuerzas Armadas, Min Educaci\u00f3n y las comunidades organizadas, para \u201cirrumpir\u201d con la fuerza de los saberes y la formaci\u00f3n profesional a los colectivos antes excluidos\u2026<\/em><\/strong><\/span><!--more--><\/p>\n<p style=\"text-align: justify;\"><strong><span style=\"font-size: 14pt;\">IVALDO RODR\u00cdGUEZ<\/span><\/strong><\/p>\n<p style=\"text-align: justify;\"><span style=\"font-size: 14pt;\">Son un buen n\u00famero las organizaciones sociales que se organizan en el pa\u00eds con el prop\u00f3sito de diagnosticar, caracterizar y en fin, <strong>apoyar a las comunidades organizadas en la resoluci\u00f3n de sus problem\u00e1ticas<\/strong> y en la facilitaci\u00f3n de recursos para su desarrollo, crecimiento y mejor desenvolvimiento social.<\/span><\/p>\n<p>&nbsp;<\/p>\n<p style=\"text-align: justify;\"><span style=\"font-size: 14pt;\">En ese contexto el\u00a0Movimiento Bolivariano\u00a0de Familias surge como un espacio de participaci\u00f3n protag\u00f3nica que asume su corresponsabilidad en el ejercicio de los derechos sociales, fundamentalmente <strong>el derecho a la Educaci\u00f3n<\/strong> consagrado tanto en la Constituci\u00f3n de la Rep\u00fablica Bolivariana de Venezuela, como en la Ley Org\u00e1nica de Educaci\u00f3n.<\/span><\/p>\n<p>&nbsp;<\/p>\n<p style=\"text-align: justify;\"><span style=\"font-size: 14pt;\">Con esa introducci\u00f3n inici\u00f3 su participaci\u00f3n en el programa semanal \u201cSomos Inces\u201d radio de todos los jueves la Prof. Carmen Blanco (presidenta\/coordinadora) del Movimiento Bolivariano de Familia \u201cArist\u00f3bulo Isturiz\u201d, quien en una amena conversaci\u00f3n con los moderadores del espacio, encabezados por el diligente Luis Gonz\u00e1lez, apunt\u00f3 sobre el inter\u00e9s y la fortaleza que representa para las actividades comunitarias que llevan a cabo, la intervenci\u00f3n de una instituci\u00f3n como el Instituto Nacional de Capacitaci\u00f3n y Educaci\u00f3n Socialista (Inces); de especial manera en estos \u00faltimos a\u00f1os cuando <strong>han vislumbrado a las comunidades como escenarios de procesos de formaci\u00f3n productiva.<\/strong><\/span><\/p>\n<p>&nbsp;<\/p>\n<p style=\"text-align: justify;\"><span style=\"font-size: 14pt;\">Muy enf\u00e1tica result\u00f3 la profesora Blanco cuando expres\u00f3 que la organizaci\u00f3n que representa conlleva una enorme legitimidad, toda vez que <strong>surge desde el semillero de las aulas de clases<\/strong> y de a poco abarca mayores espacios de representatividad y acci\u00f3n como los planteles, las parroquias, los municipios y hasta los estados nacionales.<\/span><\/p>\n<p>&nbsp;<\/p>\n<p><span style=\"font-size: 12pt;\">Ac\u00e1 te lo dejamos Somos Inces Radio 212<\/span><\/p>\n<p>https:\/\/www.youtube.com\/watch?v=rdBBKPb2VQE<\/p>\n<p>&nbsp;<\/p>\n<p>&nbsp;<\/p>\n<p style=\"text-align: justify;\"><span style=\"font-size: 14pt;\">El Inces, en sus palabras, reviste enorme importancia dadas las m\u00faltiples necesidades de resolver problemas que abundan en las comunidades los cuales, sin una capacitaci\u00f3n apropiada para sus habitantes, se har\u00edan m\u00e1s dif\u00edciles de abordar. De all\u00ed que el instituto haya realizado un enorme <strong>esfuerzo invalorable para la caracterizaci\u00f3n de los habitantes de dichos espacios<\/strong> y luego la log\u00edstica necesaria para dotar de alg\u00fan curso productivo a tantos j\u00f3venes que lo requieren.<\/span><\/p>\n<p>&nbsp;<\/p>\n<p style=\"text-align: justify;\"><span style=\"font-size: 14pt;\">En un esfuerzo descriptivo la profesora Carmen Blanco especific\u00f3 que el Movimiento Bolivariano de la Familia es una c\u00e9lula polidimensional que sobrelleva <strong>responsabilidades de tipo pol\u00edtico, social, cultural, hist\u00f3rico, productivo y territorial.<\/strong><\/span><\/p>\n<p>&nbsp;<\/p>\n<p style=\"text-align: justify;\"><span style=\"font-size: 14pt;\">Con el apoyo del Inces <strong>acompa\u00f1an a las familias en su desarrollo y crecimiento<\/strong>, en circunstancias tan dif\u00edciles que plantean un desaf\u00edo en la concepci\u00f3n, definici\u00f3n y reconocimiento de las familias por extensi\u00f3n, en el rol protag\u00f3nico y victorioso ante la entereza del cruento bloqueo financiero, el golpe a la moneda y en medio de un escenario como la primera pandemia de este siglo.<\/span><\/p>\n<p>&nbsp;<\/p>\n<p style=\"text-align: justify;\"><span style=\"font-size: 14pt;\">Record\u00f3, adicionalmente, que el promotor del Movimiento Bolivariano de Familias fue el profesor Arist\u00f3bulo Ist\u00fariz y precis\u00f3 que cada uno de los integrantes de la organizaci\u00f3n ha dado lo mejor en la promoci\u00f3n de las familias, en la continuidad de los procesos de aprendizaje en medio de las medidas epidemiol\u00f3gicas que se impusieron y de la telem\u00e1tica como modalidad de aprendizaje.<\/span><\/p>\n<p>&nbsp;<\/p>\n<p style=\"text-align: justify;\"><span style=\"font-size: 14pt;\">\u201cTodo hecho educativo tiene corresponsabilidad, de all\u00ed que la fusi\u00f3n que busc\u00f3 el Inces con el movimiento, le ha dado papel protag\u00f3nico <strong>en procesos de formaci\u00f3n profesional y productiva<\/strong>, as\u00ed como de acreditaci\u00f3n de conocimientos y la mencionada caracterizaci\u00f3n; un insumo invalorable <strong>para la conformaci\u00f3n de la cartograf\u00eda social en construcci\u00f3n<\/strong>\u201d, asegur\u00f3 la docente.<\/span><\/p>\n<p>&nbsp;<\/p>\n<p style=\"text-align: justify;\"><span style=\"font-size: 14pt;\">Finalmente hizo un llamado a sensibilizar y expandir m\u00e1s la acci\u00f3n formadora desde las bases, en el entendido de que <strong>\u201cla familia es el eslab\u00f3n fundamental en los procesos de cambio social\u201d.<\/strong><\/span><\/p>\n<p style=\"text-align: justify;\">\n","protected":false},"excerpt":{"rendered":"<p>*** De all\u00ed la suma de esfuerzos con el Movimiento Bolivariano de la Familia, las Fuerzas Armadas, Min Educaci\u00f3n y las comunidades organizadas, para \u201cirrumpir\u201d con la fuerza de los saberes y la formaci\u00f3n profesional a los colectivos antes excluidos\u2026<\/p>\n","protected":false},"author":4,"featured_media":43166,"comment_status":"closed","ping_status":"closed","sticky":false,"template":"","format":"standard","meta":{"footnotes":""},"categories":[2],"tags":[],"class_list":["post-44273","post","type-post","status-publish","format-standard","has-post-thumbnail","hentry","category-blog"],"_links":{"self":[{"href":"https:\/\/inces.gob.ve\/index.php\/wp-json\/wp\/v2\/posts\/44273","targetHints":{"allow":["GET"]}}],"collection":[{"href":"https:\/\/inces.gob.ve\/index.php\/wp-json\/wp\/v2\/posts"}],"about":[{"href":"https:\/\/inces.gob.ve\/index.php\/wp-json\/wp\/v2\/types\/post"}],"author":[{"embeddable":true,"href":"https:\/\/inces.gob.ve\/index.php\/wp-json\/wp\/v2\/users\/4"}],"replies":[{"embeddable":true,"href":"https:\/\/inces.gob.ve\/index.php\/wp-json\/wp\/v2\/comments?post=44273"}],"version-history":[{"count":4,"href":"https:\/\/inces.gob.ve\/index.php\/wp-json\/wp\/v2\/posts\/44273\/revisions"}],"predecessor-version":[{"id":44277,"href":"https:\/\/inces.gob.ve\/index.php\/wp-json\/wp\/v2\/posts\/44273\/revisions\/44277"}],"wp:featuredmedia":[{"embeddable":true,"href":"https:\/\/inces.gob.ve\/index.php\/wp-json\/wp\/v2\/media\/43166"}],"wp:attachment":[{"href":"https:\/\/inces.gob.ve\/index.php\/wp-json\/wp\/v2\/media?parent=44273"}],"wp:term":[{"taxonomy":"category","embeddable":true,"href":"https:\/\/inces.gob.ve\/index.php\/wp-json\/wp\/v2\/categories?post=44273"},{"taxonomy":"post_tag","embeddable":true,"href":"https:\/\/inces.gob.ve\/index.php\/wp-json\/wp\/v2\/tags?post=44273"}],"curies":[{"name":"wp","href":"https:\/\/api.w.org\/{rel}","templated":true}]}}