{"id":44313,"date":"2022-07-11T11:04:16","date_gmt":"2022-07-11T15:04:16","guid":{"rendered":"https:\/\/inces.gob.ve\/?p=44313"},"modified":"2022-08-08T11:06:02","modified_gmt":"2022-08-08T15:06:02","slug":"el-inces-apure-culmino-exitosamente-formaciones-de-peluqueria-y-computacion","status":"publish","type":"post","link":"https:\/\/inces.gob.ve\/index.php\/2022\/07\/11\/el-inces-apure-culmino-exitosamente-formaciones-de-peluqueria-y-computacion\/","title":{"rendered":"El Inces Apure culmin\u00f3 exitosamente formaci\u00f3nes de Peluquer\u00eda y Computaci\u00f3n"},"content":{"rendered":"<p style=\"text-align: justify;\"><span style=\"font-size: 14pt;\">ICNES APURE<\/span><\/p>\n<p style=\"text-align: justify;\"><span style=\"font-size: 14pt;\">El cierre de las formaci\u00f3nes se realiz\u00f3 en el auditorio de la Gerencia Regional con la participaci\u00f3n del Gerente Regional Daviel Rodr\u00edguez, la Jefa de Centro de Formaci\u00f3n Socialista San Fernando Anyhaycar D\u00edaz y la maestra t\u00e9cnico productivo Odalys Y\u00e1nez<\/span><\/p>\n<p>&nbsp;<\/p>\n<p style=\"text-align: justify;\"><span style=\"font-size: 14pt;\">Un total de 23 participantes fueron formados, 15 del \u00e1rea de Peluquer\u00eda perteneciente al motor Econom\u00eda Comunal Social y Socialista y 8 de Computaci\u00f3n del motor Telecomunicaciones e Inform\u00e1tica, donde cada uno pudo adquirir conocimientos, habilidad y destrezas en estas \u00e1reas, ambas formaci\u00f3nes fueron impartidas por Y\u00e1nez<\/span><\/p>\n<p>&nbsp;<\/p>\n<p style=\"text-align: justify;\"><span style=\"font-size: 14pt;\">El gerente regional Daviel Rodr\u00edguez afirm\u00f3 que el Instituto de Capacitaci\u00f3n y Educaci\u00f3n Socialista es una escuela con diversas formaciones, donde todo el que quiera formarse tiene las puertas abiertas.<\/span><\/p>\n","protected":false},"excerpt":{"rendered":"<p>ICNES APURE El cierre de las formaci\u00f3nes se realiz\u00f3 en el auditorio de la Gerencia Regional con la participaci\u00f3n del Gerente Regional Daviel Rodr\u00edguez, la Jefa de Centro de Formaci\u00f3n Socialista San Fernando Anyhaycar D\u00edaz y la maestra t\u00e9cnico productivo Odalys Y\u00e1nez &nbsp; Un total de 23 participantes fueron formados, 15 del \u00e1rea de Peluquer\u00eda [&hellip;]<\/p>\n","protected":false},"author":4,"featured_media":41846,"comment_status":"closed","ping_status":"closed","sticky":false,"template":"","format":"standard","meta":{"footnotes":""},"categories":[2],"tags":[],"class_list":["post-44313","post","type-post","status-publish","format-standard","has-post-thumbnail","hentry","category-blog"],"_links":{"self":[{"href":"https:\/\/inces.gob.ve\/index.php\/wp-json\/wp\/v2\/posts\/44313","targetHints":{"allow":["GET"]}}],"collection":[{"href":"https:\/\/inces.gob.ve\/index.php\/wp-json\/wp\/v2\/posts"}],"about":[{"href":"https:\/\/inces.gob.ve\/index.php\/wp-json\/wp\/v2\/types\/post"}],"author":[{"embeddable":true,"href":"https:\/\/inces.gob.ve\/index.php\/wp-json\/wp\/v2\/users\/4"}],"replies":[{"embeddable":true,"href":"https:\/\/inces.gob.ve\/index.php\/wp-json\/wp\/v2\/comments?post=44313"}],"version-history":[{"count":1,"href":"https:\/\/inces.gob.ve\/index.php\/wp-json\/wp\/v2\/posts\/44313\/revisions"}],"predecessor-version":[{"id":44314,"href":"https:\/\/inces.gob.ve\/index.php\/wp-json\/wp\/v2\/posts\/44313\/revisions\/44314"}],"wp:featuredmedia":[{"embeddable":true,"href":"https:\/\/inces.gob.ve\/index.php\/wp-json\/wp\/v2\/media\/41846"}],"wp:attachment":[{"href":"https:\/\/inces.gob.ve\/index.php\/wp-json\/wp\/v2\/media?parent=44313"}],"wp:term":[{"taxonomy":"category","embeddable":true,"href":"https:\/\/inces.gob.ve\/index.php\/wp-json\/wp\/v2\/categories?post=44313"},{"taxonomy":"post_tag","embeddable":true,"href":"https:\/\/inces.gob.ve\/index.php\/wp-json\/wp\/v2\/tags?post=44313"}],"curies":[{"name":"wp","href":"https:\/\/api.w.org\/{rel}","templated":true}]}}