{"id":44334,"date":"2022-08-08T22:38:27","date_gmt":"2022-08-09T02:38:27","guid":{"rendered":"https:\/\/inces.gob.ve\/?p=44334"},"modified":"2022-08-09T11:52:16","modified_gmt":"2022-08-09T15:52:16","slug":"inces-certifico-el-saber-de-72-personas-de-la-comunidad-cacique-tiuna-en-el-area-agricola-en","status":"publish","type":"post","link":"https:\/\/inces.gob.ve\/index.php\/2022\/08\/08\/inces-certifico-el-saber-de-72-personas-de-la-comunidad-cacique-tiuna-en-el-area-agricola-en\/","title":{"rendered":"Inces certific\u00f3 el saber de 72 personas de la comunidad Cacique Tiuna en el \u00e1rea agr\u00edcola"},"content":{"rendered":"<p style=\"text-align: justify;\"><strong><em><span style=\"font-size: 14pt;\">**En la comunidad se encuentran inmersas las potencialidad productivas propias de la zona urbana en diferentes \u00e1reas de la agricultura<\/span><\/em><\/strong><!--more--><\/p>\n<p>&nbsp;<\/p>\n<p style=\"text-align: justify;\"><strong><span style=\"font-size: 14pt;\">T\/ Luis J. Gonz\u00e1lez C.<\/span><\/strong><br \/>\n<strong><span style=\"font-size: 14pt;\">F\/Georgelys L\u00f3pez<\/span><\/strong><\/p>\n<p style=\"text-align: justify;\"><span style=\"font-size: 14pt;\">Un total de 72 integrantes de la comunidad Cacique Tiuna, ubicada en la ciudad de Caracas, fueron certificados por el Instituto Nacional de Capacitaci\u00f3n y Educaci\u00f3n Socialista (Inces), en las opciones formativas vinculadas con el motor Agr\u00edcola, actividad organizada por la Coordinaci\u00f3n Nacional Mujer Inces Productiva.<\/span><\/p>\n<p><img loading=\"lazy\" decoding=\"async\" class=\"aligncenter wp-image-44338 size-large\" src=\"https:\/\/inces.gob.ve\/wp-content\/uploads\/2022\/08\/MG_57081-1024x683.jpg\" alt=\"\" width=\"640\" height=\"427\" srcset=\"https:\/\/inces.gob.ve\/wp-content\/uploads\/2022\/08\/MG_57081-1024x683.jpg 1024w, https:\/\/inces.gob.ve\/wp-content\/uploads\/2022\/08\/MG_57081-300x200.jpg 300w, https:\/\/inces.gob.ve\/wp-content\/uploads\/2022\/08\/MG_57081-768x512.jpg 768w, https:\/\/inces.gob.ve\/wp-content\/uploads\/2022\/08\/MG_57081-272x182.jpg 272w, https:\/\/inces.gob.ve\/wp-content\/uploads\/2022\/08\/MG_57081.jpg 1200w\" sizes=\"auto, (max-width: 640px) 100vw, 640px\" \/><\/p>\n<p>&nbsp;<\/p>\n<p style=\"text-align: justify;\"><span style=\"font-size: 14pt;\">Los participantes, constituidos en Unidades de Producci\u00f3n Familiar, fueron formados por el Inces en las ocupaciones productivas Criador de pollos de engorde, Criador de cerdos y en Agricultura. Todo pertenecen al sector El Arpa, integrado por comunidades La Esperanza, Guerreros de la Monta\u00f1a y La Quebradita.<\/span><\/p>\n<p><img loading=\"lazy\" decoding=\"async\" class=\"aligncenter wp-image-44337 size-large\" src=\"https:\/\/inces.gob.ve\/wp-content\/uploads\/2022\/08\/WhatsApp-Image-2022-08-08-at-2.22.41-PM-1024x461.jpeg\" alt=\"\" width=\"640\" height=\"288\" srcset=\"https:\/\/inces.gob.ve\/wp-content\/uploads\/2022\/08\/WhatsApp-Image-2022-08-08-at-2.22.41-PM-1024x461.jpeg 1024w, https:\/\/inces.gob.ve\/wp-content\/uploads\/2022\/08\/WhatsApp-Image-2022-08-08-at-2.22.41-PM-300x135.jpeg 300w, https:\/\/inces.gob.ve\/wp-content\/uploads\/2022\/08\/WhatsApp-Image-2022-08-08-at-2.22.41-PM-768x346.jpeg 768w, https:\/\/inces.gob.ve\/wp-content\/uploads\/2022\/08\/WhatsApp-Image-2022-08-08-at-2.22.41-PM.jpeg 1040w\" sizes=\"auto, (max-width: 640px) 100vw, 640px\" \/><\/p>\n<p>&nbsp;<\/p>\n<p style=\"text-align: justify;\"><span style=\"font-size: 14pt;\">En la actividad estuvieron presentes, por el Inces, el gerente general de Formaci\u00f3n Profesional, Hern\u00e1n Garboza, la gerente regional de Caracas, Tania D\u00edaz y la coordinadora nacional de Mujeres Productivas, Norelys Rever\u00f3n; acompa\u00f1ados por la representante de la alcald\u00eda de Caracas, Yajaira Mel\u00e9ndez, la consejal de la entidad, Antonieta D&#8217;Estefano y el designado por el Viceministerio de Desarrollo Productivo de Minmujer, Maykel Col\u00f3n.<br \/>\n<\/span><\/p>\n<p><img loading=\"lazy\" decoding=\"async\" class=\"aligncenter wp-image-44339 size-full\" src=\"https:\/\/inces.gob.ve\/wp-content\/uploads\/2022\/08\/WhatsApp-Image-2022-08-08-at-2.41.45-PM.jpeg\" alt=\"\" width=\"486\" height=\"504\" srcset=\"https:\/\/inces.gob.ve\/wp-content\/uploads\/2022\/08\/WhatsApp-Image-2022-08-08-at-2.41.45-PM.jpeg 486w, https:\/\/inces.gob.ve\/wp-content\/uploads\/2022\/08\/WhatsApp-Image-2022-08-08-at-2.41.45-PM-289x300.jpeg 289w\" sizes=\"auto, (max-width: 486px) 100vw, 486px\" \/><\/p>\n<p>&nbsp;<\/p>\n<p style=\"text-align: justify;\"><strong><span style=\"font-size: 14pt;\">La necesidad de aprender a hacer<\/span><\/strong><\/p>\n<p style=\"text-align: justify;\"><span style=\"font-size: 14pt;\">A juicio de Hern\u00e1n Garboza, actualmente la instituci\u00f3n \u201ctiene la necesidad de seguir conectando al pueblo, con nuestros hombres y mujeres, con el desarrollo productivo, econ\u00f3mico e independiente. Esta comunidad ha demostrado que puede producir y superar el rentismo petrolero y no depender de modelos importados\u201d.<\/span><\/p>\n<p><img loading=\"lazy\" decoding=\"async\" class=\"aligncenter wp-image-44338 size-large\" src=\"https:\/\/inces.gob.ve\/wp-content\/uploads\/2022\/08\/MG_57081-1024x683.jpg\" alt=\"\" width=\"640\" height=\"427\" srcset=\"https:\/\/inces.gob.ve\/wp-content\/uploads\/2022\/08\/MG_57081-1024x683.jpg 1024w, https:\/\/inces.gob.ve\/wp-content\/uploads\/2022\/08\/MG_57081-300x200.jpg 300w, https:\/\/inces.gob.ve\/wp-content\/uploads\/2022\/08\/MG_57081-768x512.jpg 768w, https:\/\/inces.gob.ve\/wp-content\/uploads\/2022\/08\/MG_57081-272x182.jpg 272w, https:\/\/inces.gob.ve\/wp-content\/uploads\/2022\/08\/MG_57081.jpg 1200w\" sizes=\"auto, (max-width: 640px) 100vw, 640px\" \/><\/p>\n<p>&nbsp;<\/p>\n<p style=\"text-align: justify;\"><span style=\"font-size: 14pt;\">Agreg\u00f3 Garboza: \u201cEn el Inces no nos podemos permitir graduar a hombres y mujeres que no sepan hacer o producir, tenemos que hacer posible el aprender a hacer. Es para nosotros un orgullo conocer estas potencialidades productivas que se encuentran en nuestras comunidades\u201d, expres\u00f3 emocionado.<\/span><\/p>\n<p><img loading=\"lazy\" decoding=\"async\" class=\"aligncenter wp-image-44336 size-large\" src=\"https:\/\/inces.gob.ve\/wp-content\/uploads\/2022\/08\/WhatsApp-Image-2022-08-08-at-2.22.42-PM-1024x461.jpeg\" alt=\"\" width=\"640\" height=\"288\" srcset=\"https:\/\/inces.gob.ve\/wp-content\/uploads\/2022\/08\/WhatsApp-Image-2022-08-08-at-2.22.42-PM-1024x461.jpeg 1024w, https:\/\/inces.gob.ve\/wp-content\/uploads\/2022\/08\/WhatsApp-Image-2022-08-08-at-2.22.42-PM-300x135.jpeg 300w, https:\/\/inces.gob.ve\/wp-content\/uploads\/2022\/08\/WhatsApp-Image-2022-08-08-at-2.22.42-PM-768x346.jpeg 768w, https:\/\/inces.gob.ve\/wp-content\/uploads\/2022\/08\/WhatsApp-Image-2022-08-08-at-2.22.42-PM.jpeg 1040w\" sizes=\"auto, (max-width: 640px) 100vw, 640px\" \/><\/p>\n<p style=\"text-align: justify;\">\n","protected":false},"excerpt":{"rendered":"<p>**En la comunidad se encuentran inmersas las potencialidad productivas propias de la zona urbana en diferentes \u00e1reas de la agricultura<\/p>\n","protected":false},"author":4,"featured_media":44284,"comment_status":"closed","ping_status":"closed","sticky":false,"template":"","format":"standard","meta":{"footnotes":""},"categories":[2],"tags":[],"class_list":["post-44334","post","type-post","status-publish","format-standard","has-post-thumbnail","hentry","category-blog"],"_links":{"self":[{"href":"https:\/\/inces.gob.ve\/index.php\/wp-json\/wp\/v2\/posts\/44334","targetHints":{"allow":["GET"]}}],"collection":[{"href":"https:\/\/inces.gob.ve\/index.php\/wp-json\/wp\/v2\/posts"}],"about":[{"href":"https:\/\/inces.gob.ve\/index.php\/wp-json\/wp\/v2\/types\/post"}],"author":[{"embeddable":true,"href":"https:\/\/inces.gob.ve\/index.php\/wp-json\/wp\/v2\/users\/4"}],"replies":[{"embeddable":true,"href":"https:\/\/inces.gob.ve\/index.php\/wp-json\/wp\/v2\/comments?post=44334"}],"version-history":[{"count":5,"href":"https:\/\/inces.gob.ve\/index.php\/wp-json\/wp\/v2\/posts\/44334\/revisions"}],"predecessor-version":[{"id":44353,"href":"https:\/\/inces.gob.ve\/index.php\/wp-json\/wp\/v2\/posts\/44334\/revisions\/44353"}],"wp:featuredmedia":[{"embeddable":true,"href":"https:\/\/inces.gob.ve\/index.php\/wp-json\/wp\/v2\/media\/44284"}],"wp:attachment":[{"href":"https:\/\/inces.gob.ve\/index.php\/wp-json\/wp\/v2\/media?parent=44334"}],"wp:term":[{"taxonomy":"category","embeddable":true,"href":"https:\/\/inces.gob.ve\/index.php\/wp-json\/wp\/v2\/categories?post=44334"},{"taxonomy":"post_tag","embeddable":true,"href":"https:\/\/inces.gob.ve\/index.php\/wp-json\/wp\/v2\/tags?post=44334"}],"curies":[{"name":"wp","href":"https:\/\/api.w.org\/{rel}","templated":true}]}}