{"id":44398,"date":"2022-08-10T08:35:34","date_gmt":"2022-08-10T12:35:34","guid":{"rendered":"https:\/\/inces.gob.ve\/?p=44398"},"modified":"2022-08-10T08:38:16","modified_gmt":"2022-08-10T12:38:16","slug":"inces-celebra-su-aniversario-63-con-una-fiesta-de-futbol-sala","status":"publish","type":"post","link":"https:\/\/inces.gob.ve\/index.php\/2022\/08\/10\/inces-celebra-su-aniversario-63-con-una-fiesta-de-futbol-sala\/","title":{"rendered":"Inces celebra su aniversario 63 con una fiesta de futbol sala"},"content":{"rendered":"<p><em><strong><span style=\"font-family: helvetica, arial, sans-serif; font-size: 14pt;\">** El intercambio y fogueo es imprescindible para el crecimiento de toda escuela deportiva<\/span><\/strong><\/em><!--more--><\/p>\n<p>&nbsp;<\/p>\n<p><strong><span style=\"font-family: helvetica, arial, sans-serif; font-size: 14pt;\">LONGINA TOVAR<\/span><\/strong><\/p>\n<p><span style=\"font-family: helvetica, arial, sans-serif; font-size: 14pt;\">La cancha de usos m\u00faltiples del edificio anexo se convirti\u00f3 en una fiesta deportiva, cuando m\u00e1s de cincuenta ni\u00f1os, entre los 6 y los 14 a\u00f1os, se empoderaron de estos espacios para debatirse en un amistoso de futbol sala donde participaron la Escuela de Futsal Inces y la Escuela Las Torres de la parroquia Ant\u00edmano.<\/span><\/p>\n<p>&nbsp;<\/p>\n<p><img loading=\"lazy\" decoding=\"async\" class=\"aligncenter wp-image-44405 size-large\" src=\"https:\/\/inces.gob.ve\/wp-content\/uploads\/2022\/08\/DSC_3102_1-1024x685.jpg\" alt=\"\" width=\"640\" height=\"428\" srcset=\"https:\/\/inces.gob.ve\/wp-content\/uploads\/2022\/08\/DSC_3102_1-1024x685.jpg 1024w, https:\/\/inces.gob.ve\/wp-content\/uploads\/2022\/08\/DSC_3102_1-300x201.jpg 300w, https:\/\/inces.gob.ve\/wp-content\/uploads\/2022\/08\/DSC_3102_1-768x514.jpg 768w, https:\/\/inces.gob.ve\/wp-content\/uploads\/2022\/08\/DSC_3102_1-1536x1028.jpg 1536w, https:\/\/inces.gob.ve\/wp-content\/uploads\/2022\/08\/DSC_3102_1-272x182.jpg 272w, https:\/\/inces.gob.ve\/wp-content\/uploads\/2022\/08\/DSC_3102_1.jpg 1936w\" sizes=\"auto, (max-width: 640px) 100vw, 640px\" \/><\/p>\n<p>&nbsp;<\/p>\n<p><span style=\"font-family: helvetica, arial, sans-serif; font-size: 14pt;\">La gerente general de Cultura, Deporte, Recreaci\u00f3n y Participaci\u00f3n Comunal explic\u00f3 que, si bien se trata de una actividad que forma parte del 63 Aniversario del Inces, tambi\u00e9n es una jornada propia de las funciones de la gerencia que lidera.<\/span><\/p>\n<p>&nbsp;<\/p>\n<p><img loading=\"lazy\" decoding=\"async\" class=\"aligncenter wp-image-44402 size-large\" src=\"https:\/\/inces.gob.ve\/wp-content\/uploads\/2022\/08\/DSC_3081-1024x685.jpg\" alt=\"\" width=\"640\" height=\"428\" srcset=\"https:\/\/inces.gob.ve\/wp-content\/uploads\/2022\/08\/DSC_3081-1024x685.jpg 1024w, https:\/\/inces.gob.ve\/wp-content\/uploads\/2022\/08\/DSC_3081-300x201.jpg 300w, https:\/\/inces.gob.ve\/wp-content\/uploads\/2022\/08\/DSC_3081-768x514.jpg 768w, https:\/\/inces.gob.ve\/wp-content\/uploads\/2022\/08\/DSC_3081-1536x1028.jpg 1536w, https:\/\/inces.gob.ve\/wp-content\/uploads\/2022\/08\/DSC_3081-272x182.jpg 272w, https:\/\/inces.gob.ve\/wp-content\/uploads\/2022\/08\/DSC_3081.jpg 1936w\" sizes=\"auto, (max-width: 640px) 100vw, 640px\" \/><\/p>\n<p>&nbsp;<\/p>\n<p><span style=\"font-family: helvetica, arial, sans-serif; font-size: 14pt;\">Los resultados siguen sin favorecer al Inces; pues se trata de una escuela que apenas se forma y el fogueo apenas comienza:<\/span><\/p>\n<p>&nbsp;<\/p>\n<p><img loading=\"lazy\" decoding=\"async\" class=\"aligncenter wp-image-44408 size-large\" src=\"https:\/\/inces.gob.ve\/wp-content\/uploads\/2022\/08\/DSC_3106-1024x685.jpg\" alt=\"\" width=\"640\" height=\"428\" srcset=\"https:\/\/inces.gob.ve\/wp-content\/uploads\/2022\/08\/DSC_3106-1024x685.jpg 1024w, https:\/\/inces.gob.ve\/wp-content\/uploads\/2022\/08\/DSC_3106-300x201.jpg 300w, https:\/\/inces.gob.ve\/wp-content\/uploads\/2022\/08\/DSC_3106-768x514.jpg 768w, https:\/\/inces.gob.ve\/wp-content\/uploads\/2022\/08\/DSC_3106-1536x1028.jpg 1536w, https:\/\/inces.gob.ve\/wp-content\/uploads\/2022\/08\/DSC_3106-272x182.jpg 272w, https:\/\/inces.gob.ve\/wp-content\/uploads\/2022\/08\/DSC_3106.jpg 1936w\" sizes=\"auto, (max-width: 640px) 100vw, 640px\" \/><\/p>\n<p>&nbsp;<\/p>\n<p><span style=\"font-family: helvetica, arial, sans-serif; font-size: 14pt;\"><strong>MASCULINO<\/strong><\/span><\/p>\n<table>\n<tbody>\n<tr>\n<td colspan=\"2\" width=\"245\"><span style=\"font-family: helvetica, arial, sans-serif; font-size: 14pt;\"><strong>Sub 6<\/strong><\/span><\/td>\n<\/tr>\n<tr>\n<td width=\"132\"><span style=\"font-family: helvetica, arial, sans-serif; font-size: 14pt;\">Las Torres 4<\/span><\/td>\n<td width=\"113\"><span style=\"font-family: helvetica, arial, sans-serif; font-size: 14pt;\">Inces 4<\/span><\/td>\n<\/tr>\n<tr>\n<td colspan=\"2\" width=\"245\"><span style=\"font-family: helvetica, arial, sans-serif; font-size: 14pt;\"><strong>Sub 8<\/strong><\/span><\/td>\n<\/tr>\n<tr>\n<td width=\"132\"><span style=\"font-family: helvetica, arial, sans-serif; font-size: 14pt;\">Las Torres 6<\/span><\/td>\n<td width=\"113\"><span style=\"font-family: helvetica, arial, sans-serif; font-size: 14pt;\">Inces 4<\/span><\/td>\n<\/tr>\n<tr>\n<td colspan=\"2\" width=\"245\"><span style=\"font-family: helvetica, arial, sans-serif; font-size: 14pt;\"><strong>Sub 10<\/strong><\/span><\/td>\n<\/tr>\n<tr>\n<td width=\"132\"><span style=\"font-family: helvetica, arial, sans-serif; font-size: 14pt;\">Las Torres 6<\/span><\/td>\n<td width=\"113\"><span style=\"font-family: helvetica, arial, sans-serif; font-size: 14pt;\">Inces 2<\/span><\/td>\n<\/tr>\n<tr>\n<td colspan=\"2\" width=\"245\"><span style=\"font-family: helvetica, arial, sans-serif; font-size: 14pt;\"><strong>Sub 12<\/strong><\/span><\/td>\n<\/tr>\n<tr>\n<td width=\"132\"><span style=\"font-family: helvetica, arial, sans-serif; font-size: 14pt;\">Las Torres 4<\/span><\/td>\n<td width=\"113\"><span style=\"font-family: helvetica, arial, sans-serif; font-size: 14pt;\">Inces 2<\/span><\/td>\n<\/tr>\n<tr>\n<td colspan=\"2\" width=\"245\"><span style=\"font-family: helvetica, arial, sans-serif; font-size: 14pt;\"><strong>Sub 14<\/strong><\/span><\/td>\n<\/tr>\n<tr>\n<td width=\"132\"><span style=\"font-family: helvetica, arial, sans-serif; font-size: 14pt;\">Las Torres 5<\/span><\/td>\n<td width=\"113\"><span style=\"font-family: helvetica, arial, sans-serif; font-size: 14pt;\">Inces 2<\/span><\/td>\n<\/tr>\n<\/tbody>\n<\/table>\n<p><span style=\"font-family: helvetica, arial, sans-serif; font-size: 14pt;\"><strong>FEMENINO<\/strong><\/span><\/p>\n<table>\n<tbody>\n<tr>\n<td colspan=\"2\" width=\"245\"><span style=\"font-family: helvetica, arial, sans-serif; font-size: 14pt;\"><strong>Sub 10<\/strong><\/span><\/td>\n<\/tr>\n<tr>\n<td width=\"132\"><span style=\"font-family: helvetica, arial, sans-serif; font-size: 14pt;\">Las Torres 4<\/span><\/td>\n<td width=\"113\"><span style=\"font-family: helvetica, arial, sans-serif; font-size: 14pt;\">Inces 3<\/span><\/td>\n<\/tr>\n<\/tbody>\n<\/table>\n<p>&nbsp;<\/p>\n<p><span style=\"font-family: helvetica, arial, sans-serif; font-size: 14pt;\"><strong>Se viene la escuela de basquetbol<\/strong><\/span><\/p>\n<p><span style=\"font-family: helvetica, arial, sans-serif; font-size: 14pt;\">Como siempre la actividad cont\u00f3 con la participaci\u00f3n activa de Jhonny Jim\u00e9nez, quien dio al departamento de prensa la primicia de la inauguraci\u00f3n de la escuela de basquetbol.<\/span><\/p>\n<p>&nbsp;<\/p>\n<p><img loading=\"lazy\" decoding=\"async\" class=\"aligncenter wp-image-44406 size-large\" src=\"https:\/\/inces.gob.ve\/wp-content\/uploads\/2022\/08\/DSC_3103-1024x685.jpg\" alt=\"\" width=\"640\" height=\"428\" srcset=\"https:\/\/inces.gob.ve\/wp-content\/uploads\/2022\/08\/DSC_3103-1024x685.jpg 1024w, https:\/\/inces.gob.ve\/wp-content\/uploads\/2022\/08\/DSC_3103-300x201.jpg 300w, https:\/\/inces.gob.ve\/wp-content\/uploads\/2022\/08\/DSC_3103-768x514.jpg 768w, https:\/\/inces.gob.ve\/wp-content\/uploads\/2022\/08\/DSC_3103-1536x1028.jpg 1536w, https:\/\/inces.gob.ve\/wp-content\/uploads\/2022\/08\/DSC_3103-272x182.jpg 272w, https:\/\/inces.gob.ve\/wp-content\/uploads\/2022\/08\/DSC_3103.jpg 1936w\" sizes=\"auto, (max-width: 640px) 100vw, 640px\" \/><\/p>\n<p>&nbsp;<\/p>\n<p><span style=\"font-family: helvetica, arial, sans-serif; font-size: 14pt;\">\u201cEso va a ocurrir aqu\u00ed, en este mismo espacio (canchas del anexo) la semana que viene. Vamos a contar con grandes estrellas de la cancha como Francisco \u201cPaco\u201d Diez y N\u00e9stor \u201cMam\u00e1 Osa\u201d Salazar, Melquiades Jaramillo y V\u00edctor David D\u00edaz. Tambi\u00e9n nos estar\u00e1 acompa\u00f1ando una delegaci\u00f3n de la Asociaci\u00f3n de Baloncesto del Distrito Capital\u201d.<\/span><\/p>\n<p>&nbsp;<\/p>\n<p><img loading=\"lazy\" decoding=\"async\" class=\"aligncenter wp-image-44407 size-large\" src=\"https:\/\/inces.gob.ve\/wp-content\/uploads\/2022\/08\/DSC_3105-1024x685.jpg\" alt=\"\" width=\"640\" height=\"428\" srcset=\"https:\/\/inces.gob.ve\/wp-content\/uploads\/2022\/08\/DSC_3105-1024x685.jpg 1024w, https:\/\/inces.gob.ve\/wp-content\/uploads\/2022\/08\/DSC_3105-300x201.jpg 300w, https:\/\/inces.gob.ve\/wp-content\/uploads\/2022\/08\/DSC_3105-768x514.jpg 768w, https:\/\/inces.gob.ve\/wp-content\/uploads\/2022\/08\/DSC_3105-1536x1028.jpg 1536w, https:\/\/inces.gob.ve\/wp-content\/uploads\/2022\/08\/DSC_3105-272x182.jpg 272w, https:\/\/inces.gob.ve\/wp-content\/uploads\/2022\/08\/DSC_3105.jpg 1936w\" sizes=\"auto, (max-width: 640px) 100vw, 640px\" \/><\/p>\n<p>&nbsp;<\/p>\n<p><span style=\"font-family: helvetica, arial, sans-serif; font-size: 14pt;\">Por si fuese poco, y para deleite de trabajadores y de los integrantes de la Escuela de Baloncesto del Inces, en este 63 Aniversario vamos a poder ver un juego de exhibici\u00f3n de cargo de la Selecci\u00f3n de Caracas.<\/span><\/p>\n<p>&nbsp;<\/p>\n<p><span style=\"font-family: helvetica, arial, sans-serif; font-size: 14pt;\">La gerente Marrufo inform\u00f3 que en el estado Miranda tambi\u00e9n va a comenzar a funcionar la escuela de Basquetbol para uso y disfrute de los hijos de los trabajadores y de la comunidad, y que se espera que en las pr\u00f3ximas semanas las coordinaciones de cultura de todo el pa\u00eds cuenten con esta misma iniciativa.<\/span><\/p>\n<p>&nbsp;<\/p>\n<p><img loading=\"lazy\" decoding=\"async\" class=\"aligncenter wp-image-44399 size-large\" src=\"https:\/\/inces.gob.ve\/wp-content\/uploads\/2022\/08\/DSC_3070-1024x685.jpg\" alt=\"\" width=\"640\" height=\"428\" srcset=\"https:\/\/inces.gob.ve\/wp-content\/uploads\/2022\/08\/DSC_3070-1024x685.jpg 1024w, https:\/\/inces.gob.ve\/wp-content\/uploads\/2022\/08\/DSC_3070-300x201.jpg 300w, https:\/\/inces.gob.ve\/wp-content\/uploads\/2022\/08\/DSC_3070-768x514.jpg 768w, https:\/\/inces.gob.ve\/wp-content\/uploads\/2022\/08\/DSC_3070-1536x1028.jpg 1536w, https:\/\/inces.gob.ve\/wp-content\/uploads\/2022\/08\/DSC_3070-272x182.jpg 272w, https:\/\/inces.gob.ve\/wp-content\/uploads\/2022\/08\/DSC_3070.jpg 1936w\" sizes=\"auto, (max-width: 640px) 100vw, 640px\" \/><\/p>\n<p>&nbsp;<\/p>\n<p><span style=\"font-family: helvetica, arial, sans-serif; font-size: 14pt;\">Por su parte, Jim\u00e9nez fue enf\u00e1tico al precisar que la escuela de basquetbol, a diferencia de la de futbolito que tiene sus compoticas, atender\u00e1 a los ni\u00f1os a partir de los 8 a\u00f1os; \u201chay que cuidarles esos deditos y manos y la pelota de b\u00e1squet es muy dura\u201d, dijo.<\/span><\/p>\n<p>&nbsp;<\/p>\n<p><img loading=\"lazy\" decoding=\"async\" class=\"aligncenter wp-image-44403 size-large\" src=\"https:\/\/inces.gob.ve\/wp-content\/uploads\/2022\/08\/DSC_3101-1024x685.jpg\" alt=\"\" width=\"640\" height=\"428\" srcset=\"https:\/\/inces.gob.ve\/wp-content\/uploads\/2022\/08\/DSC_3101-1024x685.jpg 1024w, https:\/\/inces.gob.ve\/wp-content\/uploads\/2022\/08\/DSC_3101-300x201.jpg 300w, https:\/\/inces.gob.ve\/wp-content\/uploads\/2022\/08\/DSC_3101-768x514.jpg 768w, https:\/\/inces.gob.ve\/wp-content\/uploads\/2022\/08\/DSC_3101-1536x1028.jpg 1536w, https:\/\/inces.gob.ve\/wp-content\/uploads\/2022\/08\/DSC_3101-272x182.jpg 272w, https:\/\/inces.gob.ve\/wp-content\/uploads\/2022\/08\/DSC_3101.jpg 1936w\" sizes=\"auto, (max-width: 640px) 100vw, 640px\" \/><\/p>\n","protected":false},"excerpt":{"rendered":"<p>** El intercambio y fogueo es imprescindible para el crecimiento de toda escuela deportiva<\/p>\n","protected":false},"author":4,"featured_media":44401,"comment_status":"closed","ping_status":"closed","sticky":false,"template":"","format":"standard","meta":{"footnotes":""},"categories":[2],"tags":[],"class_list":["post-44398","post","type-post","status-publish","format-standard","has-post-thumbnail","hentry","category-blog"],"_links":{"self":[{"href":"https:\/\/inces.gob.ve\/index.php\/wp-json\/wp\/v2\/posts\/44398","targetHints":{"allow":["GET"]}}],"collection":[{"href":"https:\/\/inces.gob.ve\/index.php\/wp-json\/wp\/v2\/posts"}],"about":[{"href":"https:\/\/inces.gob.ve\/index.php\/wp-json\/wp\/v2\/types\/post"}],"author":[{"embeddable":true,"href":"https:\/\/inces.gob.ve\/index.php\/wp-json\/wp\/v2\/users\/4"}],"replies":[{"embeddable":true,"href":"https:\/\/inces.gob.ve\/index.php\/wp-json\/wp\/v2\/comments?post=44398"}],"version-history":[{"count":3,"href":"https:\/\/inces.gob.ve\/index.php\/wp-json\/wp\/v2\/posts\/44398\/revisions"}],"predecessor-version":[{"id":44411,"href":"https:\/\/inces.gob.ve\/index.php\/wp-json\/wp\/v2\/posts\/44398\/revisions\/44411"}],"wp:featuredmedia":[{"embeddable":true,"href":"https:\/\/inces.gob.ve\/index.php\/wp-json\/wp\/v2\/media\/44401"}],"wp:attachment":[{"href":"https:\/\/inces.gob.ve\/index.php\/wp-json\/wp\/v2\/media?parent=44398"}],"wp:term":[{"taxonomy":"category","embeddable":true,"href":"https:\/\/inces.gob.ve\/index.php\/wp-json\/wp\/v2\/categories?post=44398"},{"taxonomy":"post_tag","embeddable":true,"href":"https:\/\/inces.gob.ve\/index.php\/wp-json\/wp\/v2\/tags?post=44398"}],"curies":[{"name":"wp","href":"https:\/\/api.w.org\/{rel}","templated":true}]}}