{"id":44436,"date":"2022-08-11T07:28:37","date_gmt":"2022-08-11T11:28:37","guid":{"rendered":"https:\/\/inces.gob.ve\/?p=44436"},"modified":"2022-08-11T07:54:57","modified_gmt":"2022-08-11T11:54:57","slug":"inces-reactivo-el-servicio-de-ginecologia-para-sus-trabajadoras","status":"publish","type":"post","link":"https:\/\/inces.gob.ve\/index.php\/2022\/08\/11\/inces-reactivo-el-servicio-de-ginecologia-para-sus-trabajadoras\/","title":{"rendered":"Inces reactiv\u00f3 el servicio de ginecolog\u00eda para sus trabajadoras"},"content":{"rendered":"<p style=\"text-align: justify;\"><em><strong><span style=\"font-size: 14pt;\">** El personal de la Sede, Miranda, Distrito Capital y La Guaira ser\u00e1n los primeros beneficiados<\/span><\/strong><\/em><!--more--><\/p>\n<p style=\"text-align: justify;\"><strong><span style=\"font-size: 14pt;\">LONGINA TOVAR<\/span><\/strong><\/p>\n<p style=\"text-align: justify;\"><span style=\"font-size: 14pt;\">Con el apoyo de la Presidencia y de la Direcci\u00f3n Ejecutiva Financiera de la instituci\u00f3n, la Gerencia General de Talento Humano logr\u00f3 reactivar el servicio de ginecolog\u00eda para las mujeres trabajadoras, activas y jubiladas del Inces Rector y las regionales Miranda, Distrito Capital y La Guaira.<\/span><\/p>\n<p>&nbsp;<\/p>\n<p style=\"text-align: justify;\"><span style=\"font-size: 14pt;\">Reinaugurar este servicio forma parte de las acciones que corresponden a la celebraci\u00f3n del 63 aniversario del Inces, y tambi\u00e9n a una pol\u00edtica que adelantan tanto Talento Humano, liderado por Nielsy Cabrera, como la misma Presidencia de la instituci\u00f3n, y que tiene que ver con la atenci\u00f3n integral y el bienestar de los trabajadores.<\/span><\/p>\n<p>&nbsp;<\/p>\n<p style=\"text-align: justify;\"><span style=\"font-size: 14pt;\">A partir de esta semana, todos los d\u00edas mi\u00e9rcoles el Servicio M\u00e9dico de la Mezzanina estar\u00e1 a disposici\u00f3n de pacientes que requieran de chequeo ginecol\u00f3gico, previa solicitud de cita que desde ya puede concertarse.<\/span><\/p>\n<p>&nbsp;<\/p>\n<p style=\"text-align: justify;\"><span style=\"font-size: 14pt;\">\u201cEstamos trabajando en posibles alianzas con la Sociedad Anticancerosa, el Ministerio de Salud y la Asid Gran Colombia para hacer jornadas especiales en el \u00e1rea de ginecolog\u00eda y poder atender as\u00ed la gran demanda que vamos a tener al principio porque, aunado a los dos a\u00f1os de pandemia, estamos conscientes de no haber prestado este servicio desde hace alg\u00fan tiempo\u201d, declar\u00f3 el gerente de Bienestar Social, David Betancourt.<\/span><\/p>\n<p>&nbsp;<\/p>\n<p style=\"text-align: justify;\"><span style=\"font-size: 14pt;\">Durante la entrevista se supo que la Gerencia General de Infraestructura y Servicios tambi\u00e9n ha hecho reparaciones mayores y menores en el espacios m\u00e9dico que corresponde a la Mezzanina, incluyendo la reparaci\u00f3n del aire acondicionado, indispensable para recintos donde se atienden pacientes con patolog\u00edas m\u00e9dicas.<\/span><\/p>\n<p>&nbsp;<\/p>\n<p style=\"text-align: justify;\"><span style=\"font-size: 14pt;\">Pero el trabajo no solo queda en la Sede y la zona metropolitana, desde hace semanas se est\u00e1 trabajando en el env\u00edo de medicinas, equipos m\u00e9dicos y otros insumos para las 24 regionales del pa\u00eds.<\/span><\/p>\n<p>&nbsp;<\/p>\n<p style=\"text-align: justify;\"><span style=\"font-size: 14pt;\">\u201cEstamos dotando todas nuestras unidades m\u00e9dicas regionales para que el trabajador pueda ser atendido. Y quiero recordar, a los que est\u00e1n en Caracas y cerca, que contamos con una farmacia donde el trabajador puede adquirir a un precio muy inferior al comercial los medicamentos que requiere\u201d, dijo Betancourt.<\/span><\/p>\n<p>&nbsp;<\/p>\n<p style=\"text-align: justify;\"><span style=\"font-size: 14pt;\">Se espera que en los pr\u00f3ximos d\u00edas se vuelva a hacer una jornada de despistaje de c\u00e1ncer de pr\u00f3stata.<\/span><\/p>\n","protected":false},"excerpt":{"rendered":"<p>** El personal de la Sede, Miranda, Distrito Capital y La Guaira ser\u00e1n los primeros beneficiados<\/p>\n","protected":false},"author":4,"featured_media":44437,"comment_status":"closed","ping_status":"closed","sticky":false,"template":"","format":"standard","meta":{"footnotes":""},"categories":[2],"tags":[],"class_list":["post-44436","post","type-post","status-publish","format-standard","has-post-thumbnail","hentry","category-blog"],"_links":{"self":[{"href":"https:\/\/inces.gob.ve\/index.php\/wp-json\/wp\/v2\/posts\/44436","targetHints":{"allow":["GET"]}}],"collection":[{"href":"https:\/\/inces.gob.ve\/index.php\/wp-json\/wp\/v2\/posts"}],"about":[{"href":"https:\/\/inces.gob.ve\/index.php\/wp-json\/wp\/v2\/types\/post"}],"author":[{"embeddable":true,"href":"https:\/\/inces.gob.ve\/index.php\/wp-json\/wp\/v2\/users\/4"}],"replies":[{"embeddable":true,"href":"https:\/\/inces.gob.ve\/index.php\/wp-json\/wp\/v2\/comments?post=44436"}],"version-history":[{"count":3,"href":"https:\/\/inces.gob.ve\/index.php\/wp-json\/wp\/v2\/posts\/44436\/revisions"}],"predecessor-version":[{"id":44440,"href":"https:\/\/inces.gob.ve\/index.php\/wp-json\/wp\/v2\/posts\/44436\/revisions\/44440"}],"wp:featuredmedia":[{"embeddable":true,"href":"https:\/\/inces.gob.ve\/index.php\/wp-json\/wp\/v2\/media\/44437"}],"wp:attachment":[{"href":"https:\/\/inces.gob.ve\/index.php\/wp-json\/wp\/v2\/media?parent=44436"}],"wp:term":[{"taxonomy":"category","embeddable":true,"href":"https:\/\/inces.gob.ve\/index.php\/wp-json\/wp\/v2\/categories?post=44436"},{"taxonomy":"post_tag","embeddable":true,"href":"https:\/\/inces.gob.ve\/index.php\/wp-json\/wp\/v2\/tags?post=44436"}],"curies":[{"name":"wp","href":"https:\/\/api.w.org\/{rel}","templated":true}]}}