{"id":44466,"date":"2022-08-12T10:59:10","date_gmt":"2022-08-12T14:59:10","guid":{"rendered":"https:\/\/inces.gob.ve\/?p=44466"},"modified":"2022-08-11T22:47:29","modified_gmt":"2022-08-12T02:47:29","slug":"zulia-el-inces-suma-recreacion-y-formacion-a-traves-del-plan-escuela-abierta-2022","status":"publish","type":"post","link":"https:\/\/inces.gob.ve\/index.php\/2022\/08\/12\/zulia-el-inces-suma-recreacion-y-formacion-a-traves-del-plan-escuela-abierta-2022\/","title":{"rendered":"ZULIA | El Inces suma recreaci\u00f3n y formaci\u00f3n a trav\u00e9s del plan escuela abierta 2022"},"content":{"rendered":"<p style=\"text-align: justify;\"><em><strong><span style=\"font-family: helvetica, arial, sans-serif; font-size: 14pt;\">** En la temporada vacacional escolar el Inces en el Zulia se mantendr\u00e1 activo en los planteles contribuyendo a la animaci\u00f3n infantil, a trav\u00e9s de los participantes de los cursos de recreaci\u00f3n, al igual que impartiendo cursos y desarrollando procesos de acreditaci\u00f3n de saberes<\/span><\/strong><\/em><\/p>\n<p><!--more--><\/p>\n<p>&nbsp;<\/p>\n<p style=\"text-align: justify;\"><strong><span style=\"font-family: helvetica, arial, sans-serif; font-size: 14pt;\">MARIANA ALBARR\u00c1N \/ LENIN R\u00cdOS<\/span><\/strong><\/p>\n<p style=\"text-align: justify;\"><span style=\"font-family: helvetica, arial, sans-serif; font-size: 14pt;\">\u00a1Llegaron las vacaciones escolares y es hora de la alegr\u00eda! y este lunes, el equipo del Instituto Nacional de Capacitaci\u00f3n y Educaci\u00f3n Socialista (INCES), en el Zulia, bajo lineamientos del Viceministro de Comunidades Educativas y Uni\u00f3n con el Pueblo y Presidente del ente, Wuikelman \u00c1ngel Paredes, se sumaron al equipo de la Zona Educativa Zulia para activar desde la escuela B\u00e1sica Nacional Julio Fern\u00e1ndez, ubicada en el Barrio El Mam\u00f3n de Maracaibo, el plan \u201cEscuelas Abiertas 2022\u201d, donde el sistema t\u00e9cnico profesional brindar\u00e1 su aporte, para la diversi\u00f3n de los ni\u00f1os y ni\u00f1as de la patria, el embellecimiento de las instituciones y la formaci\u00f3n del personal, comunidad y movimientos sociales, en este receso escolar.<\/span><\/p>\n<p>&nbsp;<\/p>\n<p style=\"text-align: justify;\"><span style=\"font-family: helvetica, arial, sans-serif; font-size: 14pt;\">El Gerente del Inces Zulia, Jos\u00e9 Vicente Far\u00edas Echeverri, expres\u00f3 que: \u201cEn el marco de este plan, queremos ratificar que nuestra instituci\u00f3n que se acerca a sus 63 a\u00f1os formando generaciones, se instalar\u00e1 en los colegios, no s\u00f3lo para promover recreaci\u00f3n, sino tambi\u00e9n para atender al personal y movimientos sociales que hacen vida en estos espacios, como el Frente Fernanda Bola\u00f1o, que agrupa a la Cocineras o Madres Procesadoras, con uno de los m\u00e1s nobles programa educativos que impulsamos que es la certificaci\u00f3n de saberes emp\u00edricos, que reconoce la experiencia de nuestro pueblo, en diferentes ocupaciones\u201d.<\/span><\/p>\n<p>&nbsp;<\/p>\n<p><img loading=\"lazy\" decoding=\"async\" class=\"aligncenter wp-image-44467 size-full\" src=\"https:\/\/inces.gob.ve\/wp-content\/uploads\/2022\/08\/WhatsApp-Image-2022-08-08-at-1.58.36-PM.jpeg\" alt=\"\" width=\"544\" height=\"285\" srcset=\"https:\/\/inces.gob.ve\/wp-content\/uploads\/2022\/08\/WhatsApp-Image-2022-08-08-at-1.58.36-PM.jpeg 544w, https:\/\/inces.gob.ve\/wp-content\/uploads\/2022\/08\/WhatsApp-Image-2022-08-08-at-1.58.36-PM-300x157.jpeg 300w\" sizes=\"auto, (max-width: 544px) 100vw, 544px\" \/><\/p>\n<p>&nbsp;<\/p>\n<p style=\"text-align: justify;\"><span style=\"font-family: helvetica, arial, sans-serif; font-size: 14pt;\">La jefa de la Zona Educativa, Dorelis Echeto, indic\u00f3 que: \u201cEl Plan Escuelas Abiertas 2022, donde participa el Inces, en el Zulia, es un esfuerzo hermoso como un solo equipo, que se desarrollar\u00e1 durante todo agosto, a modo de un did\u00e1ctico plan vacacional, a la par del acompa\u00f1amiento a las Bricomiles, todo, con el fin de brindar un regreso victorioso, el pr\u00f3ximo 15 de septiembre, para iniciar el a\u00f1o escolar 2022-2023\u201d.<\/span><\/p>\n<p>&nbsp;<\/p>\n<p style=\"text-align: justify;\"><span style=\"font-family: helvetica, arial, sans-serif; font-size: 14pt;\">A la par, los participantes del curso de recreaci\u00f3n del CFS Panamericano atender\u00e1n animaci\u00f3n infantil de la Escuela B\u00e1sica Nacional Panamericana y la Escuela B\u00e1sica Nacional Jos\u00e9 Mar\u00eda Vargas, de la parroquia Caracciolo Parra P\u00e9rez de Maracaibo y el CFS San Francisco inici\u00f3 la formaci\u00f3n en Patronaje y la de Torta base, en el Colegio Carlos Luis Andrade, del municipio sure\u00f1o.<\/span><\/p>\n","protected":false},"excerpt":{"rendered":"<p>** En la temporada vacacional escolar el Inces en el Zulia se mantendr\u00e1 activo en los planteles contribuyendo a la animaci\u00f3n infantil, a trav\u00e9s de los participantes de los cursos de recreaci\u00f3n, al igual que impartiendo cursos y desarrollando procesos de acreditaci\u00f3n de saberes<\/p>\n","protected":false},"author":4,"featured_media":44468,"comment_status":"closed","ping_status":"closed","sticky":false,"template":"","format":"standard","meta":{"footnotes":""},"categories":[2],"tags":[],"class_list":["post-44466","post","type-post","status-publish","format-standard","has-post-thumbnail","hentry","category-blog"],"_links":{"self":[{"href":"https:\/\/inces.gob.ve\/index.php\/wp-json\/wp\/v2\/posts\/44466","targetHints":{"allow":["GET"]}}],"collection":[{"href":"https:\/\/inces.gob.ve\/index.php\/wp-json\/wp\/v2\/posts"}],"about":[{"href":"https:\/\/inces.gob.ve\/index.php\/wp-json\/wp\/v2\/types\/post"}],"author":[{"embeddable":true,"href":"https:\/\/inces.gob.ve\/index.php\/wp-json\/wp\/v2\/users\/4"}],"replies":[{"embeddable":true,"href":"https:\/\/inces.gob.ve\/index.php\/wp-json\/wp\/v2\/comments?post=44466"}],"version-history":[{"count":1,"href":"https:\/\/inces.gob.ve\/index.php\/wp-json\/wp\/v2\/posts\/44466\/revisions"}],"predecessor-version":[{"id":44469,"href":"https:\/\/inces.gob.ve\/index.php\/wp-json\/wp\/v2\/posts\/44466\/revisions\/44469"}],"wp:featuredmedia":[{"embeddable":true,"href":"https:\/\/inces.gob.ve\/index.php\/wp-json\/wp\/v2\/media\/44468"}],"wp:attachment":[{"href":"https:\/\/inces.gob.ve\/index.php\/wp-json\/wp\/v2\/media?parent=44466"}],"wp:term":[{"taxonomy":"category","embeddable":true,"href":"https:\/\/inces.gob.ve\/index.php\/wp-json\/wp\/v2\/categories?post=44466"},{"taxonomy":"post_tag","embeddable":true,"href":"https:\/\/inces.gob.ve\/index.php\/wp-json\/wp\/v2\/tags?post=44466"}],"curies":[{"name":"wp","href":"https:\/\/api.w.org\/{rel}","templated":true}]}}