{"id":44484,"date":"2022-08-12T14:28:58","date_gmt":"2022-08-12T18:28:58","guid":{"rendered":"https:\/\/inces.gob.ve\/?p=44484"},"modified":"2022-08-12T14:28:58","modified_gmt":"2022-08-12T18:28:58","slug":"inces-celebra-su-63-aniversario-con-un-festival-de-corales","status":"publish","type":"post","link":"https:\/\/inces.gob.ve\/index.php\/2022\/08\/12\/inces-celebra-su-63-aniversario-con-un-festival-de-corales\/","title":{"rendered":"Inces celebra su 63 aniversario con un Festival de Corales"},"content":{"rendered":"<p style=\"text-align: justify;\"><span style=\"font-family: helvetica, arial, sans-serif; font-size: 14pt;\"><strong><em>*El Porvenir puede ser brillante, pero el porvenir no se inventa, se prepara y se planifica\u00a0 en el presente. <\/em><\/strong><strong><em>Luis Beltr\u00e1n Prieto Figueroa<\/em><\/strong><\/span><!--more--><\/p>\n<p style=\"text-align: justify;\"><span style=\"font-family: helvetica, arial, sans-serif; font-size: 14pt;\"><strong><em>\u00a0<\/em><\/strong><\/span><\/p>\n<p style=\"text-align: justify;\"><span style=\"font-family: helvetica, arial, sans-serif; font-size: 14pt;\"><strong><em>DIMAS P\u00c1EZ<\/em><\/strong><\/span><\/p>\n<p style=\"text-align: justify;\"><span style=\"font-family: helvetica, arial, sans-serif; font-size: 14pt;\"><strong><em>Fotos: Rafael Urbina<\/em><\/strong><\/span><\/p>\n<p style=\"text-align: justify;\"><span style=\"font-family: helvetica, arial, sans-serif; font-size: 14pt;\"><strong><em>\u00a0<\/em><\/strong><\/span><\/p>\n<p style=\"text-align: justify;\"><span style=\"font-family: helvetica, arial, sans-serif; font-size: 14pt;\">Como parte del 63 aniversario del Instituto Nacional de Capacitaci\u00f3n y Educaci\u00f3n Socialista (Inces), la Gerencia General de Cultura, Deporte, Recreaci\u00f3n y Participaci\u00f3n Comunal, liderada por Francia Marrufo,\u00a0 prepar\u00f3 el un Festival de Corales que se celebr\u00f3 en el audit\u00f3rium del Inces sede, y que cont\u00f3 con la presentaci\u00f3n de las corales del Instituto de Previsi\u00f3n y Asistencia Social para el Personal del Ministerio del Poder Popular para la Educaci\u00f3n (Ipasme), Agencia Venezolana de Noticias (AVN), Ministerio Popular para el Turismo (Mintur), Consejo Nacional Electoral (CNE)\u00a0 y la propia coral del Inces.<\/span><\/p>\n<p style=\"text-align: justify;\">\n<p>&nbsp;<\/p>\n<p style=\"text-align: justify;\"><span style=\"font-family: helvetica, arial, sans-serif; font-size: 14pt;\">La coral Inces fue fundada el 21de Julio de 1983 por el profesor Ra\u00fal Delgado Mar\u00edn, por lo que acaba de cumplir 39 a\u00f1os.<\/span><\/p>\n<p style=\"text-align: justify;\">\n<p><img loading=\"lazy\" decoding=\"async\" class=\"aligncenter wp-image-44485 size-large\" src=\"https:\/\/inces.gob.ve\/wp-content\/uploads\/2022\/08\/DSC_3416-1024x685.jpg\" alt=\"\" width=\"640\" height=\"428\" srcset=\"https:\/\/inces.gob.ve\/wp-content\/uploads\/2022\/08\/DSC_3416-1024x685.jpg 1024w, https:\/\/inces.gob.ve\/wp-content\/uploads\/2022\/08\/DSC_3416-300x201.jpg 300w, https:\/\/inces.gob.ve\/wp-content\/uploads\/2022\/08\/DSC_3416-768x514.jpg 768w, https:\/\/inces.gob.ve\/wp-content\/uploads\/2022\/08\/DSC_3416-1536x1028.jpg 1536w, https:\/\/inces.gob.ve\/wp-content\/uploads\/2022\/08\/DSC_3416-272x182.jpg 272w, https:\/\/inces.gob.ve\/wp-content\/uploads\/2022\/08\/DSC_3416.jpg 1936w\" sizes=\"auto, (max-width: 640px) 100vw, 640px\" \/><\/p>\n<p>&nbsp;<\/p>\n<p style=\"text-align: justify;\"><span style=\"font-family: helvetica, arial, sans-serif; font-size: 14pt;\">El actual director de la coral, Omar Simoza, dijo respecto a este Festival Coral: \u201cHoy vamos a compartir con diferentes corales institucionales luego de la pandemia que nos azot\u00f3. Volvemos con mucho \u00e1nimo para ver las magistrales interpretaciones de nuestros compa\u00f1eros y para escuchar el profesionalismo de los diferentes coros.\u201d<\/span><\/p>\n<p style=\"text-align: justify;\">\n<p>&nbsp;<\/p>\n<p style=\"text-align: justify;\"><span style=\"font-family: helvetica, arial, sans-serif; font-size: 14pt;\">Durante el festival se interpretaron composiciones musicales nacionales e internacionales, como Yesterday, Polo margarite\u00f1o, Becerrito, Pasillaneando, Por la cabra rubia, P\u00e1jaro Til\u00edn, entre otras variadas canciones.<\/span><\/p>\n<p>&nbsp;<\/p>\n<p><img loading=\"lazy\" decoding=\"async\" class=\"aligncenter wp-image-44487 size-large\" src=\"https:\/\/inces.gob.ve\/wp-content\/uploads\/2022\/08\/DSC_3436-1024x685.jpg\" alt=\"\" width=\"640\" height=\"428\" srcset=\"https:\/\/inces.gob.ve\/wp-content\/uploads\/2022\/08\/DSC_3436-1024x685.jpg 1024w, https:\/\/inces.gob.ve\/wp-content\/uploads\/2022\/08\/DSC_3436-300x201.jpg 300w, https:\/\/inces.gob.ve\/wp-content\/uploads\/2022\/08\/DSC_3436-768x514.jpg 768w, https:\/\/inces.gob.ve\/wp-content\/uploads\/2022\/08\/DSC_3436-1536x1028.jpg 1536w, https:\/\/inces.gob.ve\/wp-content\/uploads\/2022\/08\/DSC_3436-272x182.jpg 272w, https:\/\/inces.gob.ve\/wp-content\/uploads\/2022\/08\/DSC_3436.jpg 1936w\" sizes=\"auto, (max-width: 640px) 100vw, 640px\" \/><\/p>\n<p style=\"text-align: justify;\">\n<p style=\"text-align: justify;\"><span style=\"font-family: helvetica, arial, sans-serif; font-size: 14pt;\">En la actualidad la coral del Inces cuenta con miembros fundadores como es el caso de la ya jubilada Rosalba Rond\u00f3n, quien expuso: \u201cPara m\u00ed esta coral ha sido una escuela porque he aprendido a cantar, a respirar correctamente para el canto, a compartir con el p\u00fablico.\u00a0 En la parte humana he crecido porque he tenido compa\u00f1eros con criterios y valores de vida que me han servido para ser un mejor ser humano y adem\u00e1s esta coral ha tenido gran directores como Antonio Israel P\u00e9rez\u201d, rememor\u00f3 esta jubilada de la instituci\u00f3n que ha vivido todos los a\u00f1os en la agrupaci\u00f3n.<\/span><\/p>\n<p style=\"text-align: justify;\">\n<p><img loading=\"lazy\" decoding=\"async\" class=\"aligncenter wp-image-44486 size-large\" src=\"https:\/\/inces.gob.ve\/wp-content\/uploads\/2022\/08\/DSC_3401-1024x685.jpg\" alt=\"\" width=\"640\" height=\"428\" srcset=\"https:\/\/inces.gob.ve\/wp-content\/uploads\/2022\/08\/DSC_3401-1024x685.jpg 1024w, https:\/\/inces.gob.ve\/wp-content\/uploads\/2022\/08\/DSC_3401-300x201.jpg 300w, https:\/\/inces.gob.ve\/wp-content\/uploads\/2022\/08\/DSC_3401-768x514.jpg 768w, https:\/\/inces.gob.ve\/wp-content\/uploads\/2022\/08\/DSC_3401-1536x1028.jpg 1536w, https:\/\/inces.gob.ve\/wp-content\/uploads\/2022\/08\/DSC_3401-272x182.jpg 272w, https:\/\/inces.gob.ve\/wp-content\/uploads\/2022\/08\/DSC_3401.jpg 1936w\" sizes=\"auto, (max-width: 640px) 100vw, 640px\" \/><\/p>\n<p>&nbsp;<\/p>\n<p style=\"text-align: justify;\"><span style=\"font-family: helvetica, arial, sans-serif; font-size: 14pt;\">La coral del Inces acumula 39 a\u00f1os de experiencia art\u00edstica, cuenta con producciones discogr\u00e1ficas grabadas. Hoy es embajadora cultural de la instituci\u00f3n, sensibiliza a la familia Inces con canciones populares, folkl\u00f3ricas, villancicos, aguinaldos y parrandas de nuestros compositores venezolanos y latinoamericanos, entre ellos, Jos\u00e9 Antonio Calca\u00f1o, Inocente Carre\u00f1o y Jos\u00e9 Luis Mu\u00f1oz quienes desde 1968 sembraron la semilla cultural a los trabajadores del Inces.<\/span><\/p>\n<p>&nbsp;<\/p>\n<p><img loading=\"lazy\" decoding=\"async\" class=\"aligncenter wp-image-44487 size-large\" src=\"https:\/\/inces.gob.ve\/wp-content\/uploads\/2022\/08\/DSC_3436-1024x685.jpg\" alt=\"\" width=\"640\" height=\"428\" srcset=\"https:\/\/inces.gob.ve\/wp-content\/uploads\/2022\/08\/DSC_3436-1024x685.jpg 1024w, https:\/\/inces.gob.ve\/wp-content\/uploads\/2022\/08\/DSC_3436-300x201.jpg 300w, https:\/\/inces.gob.ve\/wp-content\/uploads\/2022\/08\/DSC_3436-768x514.jpg 768w, https:\/\/inces.gob.ve\/wp-content\/uploads\/2022\/08\/DSC_3436-1536x1028.jpg 1536w, https:\/\/inces.gob.ve\/wp-content\/uploads\/2022\/08\/DSC_3436-272x182.jpg 272w, https:\/\/inces.gob.ve\/wp-content\/uploads\/2022\/08\/DSC_3436.jpg 1936w\" sizes=\"auto, (max-width: 640px) 100vw, 640px\" \/><\/p>\n<p style=\"text-align: justify;\">\n<p style=\"text-align: justify;\"><span style=\"font-family: helvetica, arial, sans-serif; font-size: 14pt;\"><strong><em>\u00a0<\/em><\/strong><\/span><\/p>\n<p style=\"text-align: justify;\">\n","protected":false},"excerpt":{"rendered":"<p>*El Porvenir puede ser brillante, pero el porvenir no se inventa, se prepara y se planifica\u00a0 en el presente. Luis Beltr\u00e1n Prieto Figueroa<\/p>\n","protected":false},"author":4,"featured_media":44489,"comment_status":"closed","ping_status":"closed","sticky":false,"template":"","format":"standard","meta":{"footnotes":""},"categories":[2],"tags":[],"class_list":["post-44484","post","type-post","status-publish","format-standard","has-post-thumbnail","hentry","category-blog"],"_links":{"self":[{"href":"https:\/\/inces.gob.ve\/index.php\/wp-json\/wp\/v2\/posts\/44484","targetHints":{"allow":["GET"]}}],"collection":[{"href":"https:\/\/inces.gob.ve\/index.php\/wp-json\/wp\/v2\/posts"}],"about":[{"href":"https:\/\/inces.gob.ve\/index.php\/wp-json\/wp\/v2\/types\/post"}],"author":[{"embeddable":true,"href":"https:\/\/inces.gob.ve\/index.php\/wp-json\/wp\/v2\/users\/4"}],"replies":[{"embeddable":true,"href":"https:\/\/inces.gob.ve\/index.php\/wp-json\/wp\/v2\/comments?post=44484"}],"version-history":[{"count":1,"href":"https:\/\/inces.gob.ve\/index.php\/wp-json\/wp\/v2\/posts\/44484\/revisions"}],"predecessor-version":[{"id":44490,"href":"https:\/\/inces.gob.ve\/index.php\/wp-json\/wp\/v2\/posts\/44484\/revisions\/44490"}],"wp:featuredmedia":[{"embeddable":true,"href":"https:\/\/inces.gob.ve\/index.php\/wp-json\/wp\/v2\/media\/44489"}],"wp:attachment":[{"href":"https:\/\/inces.gob.ve\/index.php\/wp-json\/wp\/v2\/media?parent=44484"}],"wp:term":[{"taxonomy":"category","embeddable":true,"href":"https:\/\/inces.gob.ve\/index.php\/wp-json\/wp\/v2\/categories?post=44484"},{"taxonomy":"post_tag","embeddable":true,"href":"https:\/\/inces.gob.ve\/index.php\/wp-json\/wp\/v2\/tags?post=44484"}],"curies":[{"name":"wp","href":"https:\/\/api.w.org\/{rel}","templated":true}]}}