{"id":44536,"date":"2022-08-16T10:32:13","date_gmt":"2022-08-16T14:32:13","guid":{"rendered":"https:\/\/inces.gob.ve\/?p=44536"},"modified":"2022-08-16T10:32:13","modified_gmt":"2022-08-16T14:32:13","slug":"cojedes-inces-fija-tareas-para-el-desarrollo-de-normas-tecnicas-para-el-diseno-de-los-pfap","status":"publish","type":"post","link":"https:\/\/inces.gob.ve\/index.php\/2022\/08\/16\/cojedes-inces-fija-tareas-para-el-desarrollo-de-normas-tecnicas-para-el-diseno-de-los-pfap\/","title":{"rendered":"COJEDES | Inces fija tareas para el desarrollo de Normas T\u00e9cnicas para el dise\u00f1o de los\u00a0 PFAP"},"content":{"rendered":"<p style=\"text-align: justify;\"><strong><span style=\"font-family: helvetica, arial, sans-serif; font-size: 14pt;\"><em>** Mesa estadal apunta a la consolidaci\u00f3n de las brigadas pedag\u00f3gicas para la potenciaci\u00f3n de proyectos productivos<\/em><\/span><\/strong><!--more--><\/p>\n<p>&nbsp;<\/p>\n<p style=\"text-align: justify;\"><span style=\"font-family: helvetica, arial, sans-serif; font-size: 14pt;\">En el auditorio del Cuerpo de Bomberos del estado Cojedes, se llev\u00f3 a cabo el simposio \u201cSocializaci\u00f3n descriptiva de las normas t\u00e9cnicas Inces, para la construcci\u00f3n del dise\u00f1o curricular de los Proyectos de Formaci\u00f3n y Autoformaci\u00f3n Productiva (PFAP)\u201d\u00a0 dirigido al personal adscrito al departamento de formaci\u00f3n profesional del Instituto Nacional de Capacitaci\u00f3n y Educaci\u00f3n Socialista (Inces), en conjunto con representantes de la zona educativa. La actividad busca el arranque de las comisiones de la mesa estadal en la que participan distintas comisiones de trabajo integradas en brigadas pedag\u00f3gicas.<\/span><\/p>\n<p>&nbsp;<\/p>\n<p style=\"text-align: justify;\"><span style=\"font-family: helvetica, arial, sans-serif; font-size: 14pt;\">En el simposio participaron ponentes por el Inces, integrado por la doctora Mariela Raymundo, coordinadora del programa de atenci\u00f3n integral al participante (AIP); Msc. Carmen Moreno, auxiliar docente; especialista Mary Rodr\u00edguez, coordinadora de Formaci\u00f3n Profesional, \u00a0el profesor Manuel Herrera, \u00a0supervisor docente; el ingeniero Jos\u00e9 R\u00edos, responsable de formaci\u00f3n profesional y en calidad de invitada especial, la doctora Balmira Molina, supervisora circuital de la Zona Educativa del estado Cojedes.<\/span><\/p>\n<p>&nbsp;<\/p>\n<p style=\"text-align: justify;\"><span style=\"font-family: helvetica, arial, sans-serif; font-size: 14pt;\">Al simposio asistieron supervisores, coordinadores, auxiliares docentes, jefes de programa, maestros t\u00e9cnicos productivos y facilitadores de formaci\u00f3n profesional del Inces; quienes socializaron con la realizaci\u00f3n de preguntas, luego de las ponencias desarrolladas a profundidad en cada uno de los cap\u00edtulos de las normas t\u00e9cnicas.<\/span><\/p>\n<p>&nbsp;<\/p>\n<p style=\"text-align: justify;\"><span style=\"font-family: helvetica, arial, sans-serif; font-size: 14pt;\">Con unas palabras bien explicativas, Moreno dijo \u201cen ese proceso de transformaci\u00f3n, seguimos con las indagaciones para poder desarrollar nuestros propios PFAP pertinentes, de acuerdo a la necesidad existente; por supuesto, es gratificante porque ya se est\u00e1 viendo que hay una transformaci\u00f3n personal a nivel de la clase trabajadora para luego ir a la curricular\u201d.<\/span><\/p>\n<p style=\"text-align: justify;\"><span style=\"font-family: helvetica, arial, sans-serif; font-size: 14pt;\">\u00a0\u201cExiste una disposici\u00f3n plena de la clase trabajadora que nos va acompa\u00f1ar en las mesas t\u00e9cnicas, vamos en un proceso de evoluci\u00f3n para hacer ese trabajo que se requiere. Todos los PFAP que se van a dar en los municipios Ezequiel Zamora, Tinaquillo y R\u00f3mulo Gallegos est\u00e1n en una fase de diagn\u00f3stico. Esperamos llevarlo hasta la \u00faltima etapa para solventar procesos productivos en distintas entidades de trabajo y comunidades\u201d, expres\u00f3 R\u00edos.<\/span><\/p>\n<p>&nbsp;<\/p>\n<p style=\"text-align: justify;\"><span style=\"font-family: helvetica, arial, sans-serif; font-size: 14pt;\">Continu\u00f3 revelando que el equipo conformado por responsables de promoci\u00f3n, construcci\u00f3n, desarrollo, ejecuci\u00f3n y evaluaci\u00f3n de los PFAP, \u00a0est\u00e1n en capacidad para construir e impulsar la nueva cultura productiva que necesita el pa\u00eds, todo ello de la mano de nuestros maestros y promotores Inces.<\/span><\/p>\n<p>&nbsp;<\/p>\n<p style=\"text-align: justify;\"><span style=\"font-family: helvetica, arial, sans-serif; font-size: 14pt;\">Al finalizar el simposio, R\u00edos design\u00f3 al profesor Manuel Herrera como coordinador y en el cierre de la actividad se agendaron fechas y responsables del cronograma a desarrollar en los pr\u00f3ximos d\u00edas, todo enmarcado en posicionar\u00a0 el nuevo curr\u00edculo Inces a trav\u00e9s de los PFAP.<\/span><\/p>\n","protected":false},"excerpt":{"rendered":"<p>** Mesa estadal apunta a la consolidaci\u00f3n de las brigadas pedag\u00f3gicas para la potenciaci\u00f3n de proyectos productivos<\/p>\n","protected":false},"author":4,"featured_media":44537,"comment_status":"closed","ping_status":"closed","sticky":false,"template":"","format":"standard","meta":{"footnotes":""},"categories":[2],"tags":[],"class_list":["post-44536","post","type-post","status-publish","format-standard","has-post-thumbnail","hentry","category-blog"],"_links":{"self":[{"href":"https:\/\/inces.gob.ve\/index.php\/wp-json\/wp\/v2\/posts\/44536","targetHints":{"allow":["GET"]}}],"collection":[{"href":"https:\/\/inces.gob.ve\/index.php\/wp-json\/wp\/v2\/posts"}],"about":[{"href":"https:\/\/inces.gob.ve\/index.php\/wp-json\/wp\/v2\/types\/post"}],"author":[{"embeddable":true,"href":"https:\/\/inces.gob.ve\/index.php\/wp-json\/wp\/v2\/users\/4"}],"replies":[{"embeddable":true,"href":"https:\/\/inces.gob.ve\/index.php\/wp-json\/wp\/v2\/comments?post=44536"}],"version-history":[{"count":1,"href":"https:\/\/inces.gob.ve\/index.php\/wp-json\/wp\/v2\/posts\/44536\/revisions"}],"predecessor-version":[{"id":44538,"href":"https:\/\/inces.gob.ve\/index.php\/wp-json\/wp\/v2\/posts\/44536\/revisions\/44538"}],"wp:featuredmedia":[{"embeddable":true,"href":"https:\/\/inces.gob.ve\/index.php\/wp-json\/wp\/v2\/media\/44537"}],"wp:attachment":[{"href":"https:\/\/inces.gob.ve\/index.php\/wp-json\/wp\/v2\/media?parent=44536"}],"wp:term":[{"taxonomy":"category","embeddable":true,"href":"https:\/\/inces.gob.ve\/index.php\/wp-json\/wp\/v2\/categories?post=44536"},{"taxonomy":"post_tag","embeddable":true,"href":"https:\/\/inces.gob.ve\/index.php\/wp-json\/wp\/v2\/tags?post=44536"}],"curies":[{"name":"wp","href":"https:\/\/api.w.org\/{rel}","templated":true}]}}