{"id":44568,"date":"2022-08-17T12:12:36","date_gmt":"2022-08-17T16:12:36","guid":{"rendered":"https:\/\/inces.gob.ve\/?p=44568"},"modified":"2022-08-17T12:12:36","modified_gmt":"2022-08-17T16:12:36","slug":"venezuela-y-china-intercambiaron-experiencias-sobre-educacion-y-formacion-tecnica-profesional","status":"publish","type":"post","link":"https:\/\/inces.gob.ve\/index.php\/2022\/08\/17\/venezuela-y-china-intercambiaron-experiencias-sobre-educacion-y-formacion-tecnica-profesional\/","title":{"rendered":"Venezuela y China intercambiaron experiencias sobre Educaci\u00f3n y Formaci\u00f3n T\u00e9cnica Profesional"},"content":{"rendered":"<div style=\"text-align: justify;\"><em><strong><span style=\"font-size: 14pt; font-family: helvetica, arial, sans-serif;\">** La reuni\u00f3n telem\u00e1tica cont\u00f3 con la participaci\u00f3n de pa\u00edses como China, Ecuador, Chile, Belice, Francia y San Vicente y las Granadinas, la canciller\u00eda de Venezuela y personal Inces de los 24 estados del pa\u00eds<br \/>\n<\/span><\/strong><\/em><\/div>\n<p><!--more--><\/p>\n<div><\/div>\n<div><\/div>\n<div style=\"text-align: justify;\"><span style=\"font-family: helvetica, arial, sans-serif;\"><strong><span style=\"font-size: 14pt;\">LONGINA TOVAR<\/span><\/strong><\/span><\/div>\n<div style=\"text-align: justify;\"><span style=\"font-size: 14pt; font-family: helvetica, arial, sans-serif;\">El Instituto Nacional de Capacitaci\u00f3n y Educaci\u00f3n Socialista (Inces) llev\u00f3 a cabo\u00a0 la conferencia\u00a0<i>\u201cImportancia de la Educaci\u00f3n y Formaci\u00f3n T\u00e9cnica Profesional (EFTP) para el cumplimiento de los Objetivos de Desarrollo Sostenible: experiencias de\u00a0 China y Venezuela\u00bb,<\/i> espacio donde particip\u00f3 el Embajador de la Rep\u00fablica Popular de China ante la Unesco, en Par\u00eds,\u00a0 Yang Jing, quien expuso la experiencia del pa\u00eds asi\u00e1tico en materia de EFTP.<\/span><\/div>\n<div style=\"text-align: justify;\"><\/div>\n<div><img loading=\"lazy\" decoding=\"async\" class=\"aligncenter wp-image-44569 size-large\" src=\"https:\/\/inces.gob.ve\/wp-content\/uploads\/2022\/08\/1660749774105-1024x768.jpg\" alt=\"\" width=\"640\" height=\"480\" srcset=\"https:\/\/inces.gob.ve\/wp-content\/uploads\/2022\/08\/1660749774105-1024x768.jpg 1024w, https:\/\/inces.gob.ve\/wp-content\/uploads\/2022\/08\/1660749774105-300x225.jpg 300w, https:\/\/inces.gob.ve\/wp-content\/uploads\/2022\/08\/1660749774105-768x576.jpg 768w, https:\/\/inces.gob.ve\/wp-content\/uploads\/2022\/08\/1660749774105-1536x1152.jpg 1536w, https:\/\/inces.gob.ve\/wp-content\/uploads\/2022\/08\/1660749774105-2048x1536.jpg 2048w, https:\/\/inces.gob.ve\/wp-content\/uploads\/2022\/08\/1660749774105-136x102.jpg 136w\" sizes=\"auto, (max-width: 640px) 100vw, 640px\" \/><\/div>\n<div><\/div>\n<div><\/div>\n<div style=\"text-align: justify;\"><span style=\"font-size: 14pt; font-family: helvetica, arial, sans-serif;\">\u00abNuestro presidente Xi Jinping tiene la misma visi\u00f3n que Hugo Chav\u00e1z y que el actual presidente de Venezuela (Nicol\u00e1s Maduro) en el esp\u00edritu de empoderar a nuestra juventud y facilitarle a nuestros pueblos el camino para la adquisici\u00f3n de destrezas\u00bb.<\/span><\/div>\n<div><\/div>\n<div><\/div>\n<div style=\"text-align: justify;\"><\/div>\n<div style=\"text-align: justify;\"><span style=\"font-size: 14pt; font-family: helvetica, arial, sans-serif;\">Explic\u00f3 el embajador durante su ponencia c\u00f3mo funciona el sistema de EFTP en su pa\u00eds, haciendo hincapi\u00e9 en la importancia que tiene el conjugar lo educativo con lo productivo, lo productivo con las entidades de trabajo y hacer de los j\u00f3venes unos aprendices para toda la vida.<\/span><\/div>\n<div><\/div>\n<div><\/div>\n<div><img loading=\"lazy\" decoding=\"async\" class=\"aligncenter wp-image-44574 size-large\" src=\"https:\/\/inces.gob.ve\/wp-content\/uploads\/2022\/08\/1660750202375-1024x533.jpg\" alt=\"\" width=\"640\" height=\"333\" srcset=\"https:\/\/inces.gob.ve\/wp-content\/uploads\/2022\/08\/1660750202375-1024x533.jpg 1024w, https:\/\/inces.gob.ve\/wp-content\/uploads\/2022\/08\/1660750202375-300x156.jpg 300w, https:\/\/inces.gob.ve\/wp-content\/uploads\/2022\/08\/1660750202375-768x400.jpg 768w, https:\/\/inces.gob.ve\/wp-content\/uploads\/2022\/08\/1660750202375.jpg 1280w\" sizes=\"auto, (max-width: 640px) 100vw, 640px\" \/><\/div>\n<div><\/div>\n<div><\/div>\n<div style=\"text-align: justify;\"><\/div>\n<div style=\"text-align: justify;\"><span style=\"font-size: 14pt; font-family: helvetica, arial, sans-serif;\">Por su parte, el viceministro de Comunidades\u00a0 Educativas y Uni\u00f3n con el Pueblo y presidente del Inces, Wuikleman Angel, insisti\u00f3 en que Venezuela est\u00e1 en la b\u00fasqueda constante de fortalecer el sistema de formaci\u00f3n: \u00abEstoy convencido de que la EFTP es la de\u00a0llave para diversificar y robustecer nuestra econom\u00eda\u00bb.<\/span><\/div>\n<div><\/div>\n<div><\/div>\n<div><img loading=\"lazy\" decoding=\"async\" class=\"aligncenter wp-image-44573 size-large\" src=\"https:\/\/inces.gob.ve\/wp-content\/uploads\/2022\/08\/1660749774091-1024x533.jpg\" alt=\"\" width=\"640\" height=\"333\" srcset=\"https:\/\/inces.gob.ve\/wp-content\/uploads\/2022\/08\/1660749774091-1024x533.jpg 1024w, https:\/\/inces.gob.ve\/wp-content\/uploads\/2022\/08\/1660749774091-300x156.jpg 300w, https:\/\/inces.gob.ve\/wp-content\/uploads\/2022\/08\/1660749774091-768x400.jpg 768w, https:\/\/inces.gob.ve\/wp-content\/uploads\/2022\/08\/1660749774091.jpg 1080w\" sizes=\"auto, (max-width: 640px) 100vw, 640px\" \/><\/div>\n<div style=\"text-align: justify;\"><\/div>\n<div style=\"text-align: justify;\">\n<div><\/div>\n<div><span style=\"font-size: 14pt; font-family: helvetica, arial, sans-serif;\">Desde la perspectiva de Angel, el desaf\u00edo es crear una cultura productiva en la juventud y migrar la educaci\u00f3n de los pa\u00edses hacia lo que exigen sus propias realidades; todo ello avanzando a la misma velocidad que lo hace la tecnolog\u00eda.<\/span><\/div>\n<div><\/div>\n<div><\/div>\n<div><span style=\"font-size: 14pt; font-family: helvetica, arial, sans-serif;\">Particip\u00f3 en este encuentro telem\u00e1tico el representante de la Unesco en Quito, Nicol\u00e1s Reyes, quien ratific\u00f3 el apoyo que brinda\u00a0 este organismo multilateral a Venezuela y m\u00e1s espec\u00edficamente al Ministerio del Poder Popular apra la Educaci\u00f3n y al Inces.<\/span><\/div>\n<\/div>\n<div><\/div>\n<div><\/div>\n<div style=\"text-align: justify;\">\n<div><\/div>\n<\/div>\n<div style=\"text-align: justify;\"><span style=\"font-size: 14pt; font-family: helvetica, arial, sans-serif;\">\u00abLa EFTP\u00a0es clave para el cumplimiento de los ODS de la Agenda 2030. Tenemos que lograr en todas las regiones una educaci\u00f3n inclusiva y de calidad que permita que la poblaci\u00f3n adquiera las competencias de trabajo necesarias para la vida\u00bb<\/span><\/div>\n<div><\/div>\n<div style=\"text-align: justify;\"><\/div>\n<div style=\"text-align: justify;\"><span style=\"font-size: 14pt; font-family: helvetica, arial, sans-serif;\">La conferencia tuvo como una \u00faltima actividad un enriquecedor ciclo de preguntas y respuestas, moderado por el Especialista en Educaci\u00f3n de la Oficina de la Unesco para Latinoam\u00e9rica y El Caribe, Ram\u00f3n Iriarte, espacio donde participaron los hom\u00f3logos del Inces en Nicaragua, San Vicente y las Granadinas, Belice, asi como especialistas de formaci\u00f3n t\u00e9cnica profesional de Venezuela.<\/span><\/div>\n<div><\/div>\n<div style=\"text-align: justify;\"><\/div>\n<div style=\"text-align: justify;\"><span style=\"font-size: 14pt; font-family: helvetica, arial, sans-serif;\">La conferencia forma parte del cronograma que el Inces ha preparado para celebrar su 63 aniversario.<br \/>\n<\/span><\/div>\n<div class=\"yj6qo\" style=\"text-align: justify;\"><\/div>\n<div class=\"adL\" style=\"text-align: justify;\"><\/div>\n","protected":false},"excerpt":{"rendered":"<p>** La reuni\u00f3n telem\u00e1tica cont\u00f3 con la participaci\u00f3n de pa\u00edses como China, Ecuador, Chile, Belice, Francia y San Vicente y las Granadinas, la canciller\u00eda de Venezuela y personal Inces de los 24 estados del pa\u00eds<\/p>\n","protected":false},"author":4,"featured_media":44572,"comment_status":"closed","ping_status":"closed","sticky":false,"template":"","format":"standard","meta":{"footnotes":""},"categories":[2],"tags":[],"class_list":["post-44568","post","type-post","status-publish","format-standard","has-post-thumbnail","hentry","category-blog"],"_links":{"self":[{"href":"https:\/\/inces.gob.ve\/index.php\/wp-json\/wp\/v2\/posts\/44568","targetHints":{"allow":["GET"]}}],"collection":[{"href":"https:\/\/inces.gob.ve\/index.php\/wp-json\/wp\/v2\/posts"}],"about":[{"href":"https:\/\/inces.gob.ve\/index.php\/wp-json\/wp\/v2\/types\/post"}],"author":[{"embeddable":true,"href":"https:\/\/inces.gob.ve\/index.php\/wp-json\/wp\/v2\/users\/4"}],"replies":[{"embeddable":true,"href":"https:\/\/inces.gob.ve\/index.php\/wp-json\/wp\/v2\/comments?post=44568"}],"version-history":[{"count":2,"href":"https:\/\/inces.gob.ve\/index.php\/wp-json\/wp\/v2\/posts\/44568\/revisions"}],"predecessor-version":[{"id":44610,"href":"https:\/\/inces.gob.ve\/index.php\/wp-json\/wp\/v2\/posts\/44568\/revisions\/44610"}],"wp:featuredmedia":[{"embeddable":true,"href":"https:\/\/inces.gob.ve\/index.php\/wp-json\/wp\/v2\/media\/44572"}],"wp:attachment":[{"href":"https:\/\/inces.gob.ve\/index.php\/wp-json\/wp\/v2\/media?parent=44568"}],"wp:term":[{"taxonomy":"category","embeddable":true,"href":"https:\/\/inces.gob.ve\/index.php\/wp-json\/wp\/v2\/categories?post=44568"},{"taxonomy":"post_tag","embeddable":true,"href":"https:\/\/inces.gob.ve\/index.php\/wp-json\/wp\/v2\/tags?post=44568"}],"curies":[{"name":"wp","href":"https:\/\/api.w.org\/{rel}","templated":true}]}}