{"id":44584,"date":"2022-08-14T14:23:57","date_gmt":"2022-08-14T18:23:57","guid":{"rendered":"https:\/\/inces.gob.ve\/?p=44584"},"modified":"2022-08-18T14:25:15","modified_gmt":"2022-08-18T18:25:15","slug":"nueva-esparta-maestros-tecnicos-productivos-inces-participaron-en-curso-de-liderazgo","status":"publish","type":"post","link":"https:\/\/inces.gob.ve\/index.php\/2022\/08\/14\/nueva-esparta-maestros-tecnicos-productivos-inces-participaron-en-curso-de-liderazgo\/","title":{"rendered":"NUEVA ESPARTA | Maestros t\u00e9cnicos productivos Inces participaron en curso de liderazgo"},"content":{"rendered":"<p style=\"text-align: justify;\"><em><strong><span style=\"font-size: 14pt; font-family: helvetica, arial, sans-serif;\">**Fueron 32 maestros quienes recibieron esta formaci\u00f3n<\/span><\/strong><\/em><!--more--><\/p>\n<p>&nbsp;<\/p>\n<p style=\"text-align: justify;\">\n<p style=\"text-align: justify;\"><strong><span style=\"font-size: 14pt; font-family: helvetica, arial, sans-serif;\">ELEITA C\u00c9SPEDES DE ANTEPAZ<\/span><\/strong><\/p>\n<p style=\"text-align: justify;\"><span style=\"font-size: 14pt; font-family: helvetica, arial, sans-serif;\">Los maestros t\u00e9cnicos productivos,MTP, del Inces Nueva Esparta, 32 en total,\u00a0 participaron en una jornada de capacitaci\u00f3n programada por la Divisi\u00f3n de Formaci\u00f3n Profesional, a cargo de Laurie Zabala.<\/span><\/p>\n<p style=\"text-align: justify;\">\n<p style=\"text-align: justify;\"><span style=\"font-size: 14pt; font-family: helvetica, arial, sans-serif;\">Este curso, denominado Liderazgo y Cultura Organizacional, fue impartido por las MTP Mar\u00eda Jos\u00e9 Mart\u00ednez, Damelys V\u00e1squez y Enys Rond\u00f3n, del Programa Formaci\u00f3n en Entidades de Trabajo Inces Nueva Esparta que coordina Evelina Gonz\u00e1lez, en las instalaciones del Instituto Insular, ubicado en el sector Genov\u00e9s, en el municipio Mari\u00f1o.<\/span><\/p>\n<p style=\"text-align: justify;\">\n<p style=\"text-align: justify;\"><span style=\"font-size: 14pt; font-family: helvetica, arial, sans-serif;\">El contenido de esta formaci\u00f3n,\u00a0 en sus 20 horas de duraci\u00f3n, vers\u00f3 sobre los siguientes temas: Definici\u00f3n de liderazgo, jefe, l\u00edder; diferencias de la direcci\u00f3n ejercida por un l\u00edder y por un jefe, estilos de liderazgo, caracter\u00edsticas de un buen l\u00edder, cultura organizacional, importancia dela cultura organizacional, finalidad y elementos de la cultura organizacional.<\/span><\/p>\n<p style=\"text-align: justify;\">\n<p style=\"text-align: justify;\"><span style=\"font-size: 14pt; font-family: helvetica, arial, sans-serif;\">As\u00ed como los MTP el resto de los trabajadores Inces han venido recibiendo distintos aprendizajes seg\u00fan el\u00a0 cronograma elaborado por la Divisi\u00f3n de Formaci\u00f3n Profesional, en conjunto con la gerencia regional y las dem\u00e1s divisiones que forman parte del Inces Nueva Esparta, a fin de garantizar y colocar el conocimiento al alcance de todos los inceistas.<\/span><\/p>\n","protected":false},"excerpt":{"rendered":"<p>**Fueron 32 maestros quienes recibieron esta formaci\u00f3n<\/p>\n","protected":false},"author":4,"featured_media":44585,"comment_status":"closed","ping_status":"closed","sticky":false,"template":"","format":"standard","meta":{"footnotes":""},"categories":[2],"tags":[],"class_list":["post-44584","post","type-post","status-publish","format-standard","has-post-thumbnail","hentry","category-blog"],"_links":{"self":[{"href":"https:\/\/inces.gob.ve\/index.php\/wp-json\/wp\/v2\/posts\/44584","targetHints":{"allow":["GET"]}}],"collection":[{"href":"https:\/\/inces.gob.ve\/index.php\/wp-json\/wp\/v2\/posts"}],"about":[{"href":"https:\/\/inces.gob.ve\/index.php\/wp-json\/wp\/v2\/types\/post"}],"author":[{"embeddable":true,"href":"https:\/\/inces.gob.ve\/index.php\/wp-json\/wp\/v2\/users\/4"}],"replies":[{"embeddable":true,"href":"https:\/\/inces.gob.ve\/index.php\/wp-json\/wp\/v2\/comments?post=44584"}],"version-history":[{"count":1,"href":"https:\/\/inces.gob.ve\/index.php\/wp-json\/wp\/v2\/posts\/44584\/revisions"}],"predecessor-version":[{"id":44586,"href":"https:\/\/inces.gob.ve\/index.php\/wp-json\/wp\/v2\/posts\/44584\/revisions\/44586"}],"wp:featuredmedia":[{"embeddable":true,"href":"https:\/\/inces.gob.ve\/index.php\/wp-json\/wp\/v2\/media\/44585"}],"wp:attachment":[{"href":"https:\/\/inces.gob.ve\/index.php\/wp-json\/wp\/v2\/media?parent=44584"}],"wp:term":[{"taxonomy":"category","embeddable":true,"href":"https:\/\/inces.gob.ve\/index.php\/wp-json\/wp\/v2\/categories?post=44584"},{"taxonomy":"post_tag","embeddable":true,"href":"https:\/\/inces.gob.ve\/index.php\/wp-json\/wp\/v2\/tags?post=44584"}],"curies":[{"name":"wp","href":"https:\/\/api.w.org\/{rel}","templated":true}]}}