{"id":44590,"date":"2022-08-14T14:30:41","date_gmt":"2022-08-14T18:30:41","guid":{"rendered":"https:\/\/inces.gob.ve\/?p=44590"},"modified":"2022-08-18T14:31:51","modified_gmt":"2022-08-18T18:31:51","slug":"lara-63-aniversario-en-el-inces-un-canto-para-la-unidad-latinoamericana","status":"publish","type":"post","link":"https:\/\/inces.gob.ve\/index.php\/2022\/08\/14\/lara-63-aniversario-en-el-inces-un-canto-para-la-unidad-latinoamericana\/","title":{"rendered":"LARA | \u00a063 Aniversario en el Inces: \u201cUn canto para la unidad latinoamericana\u201d"},"content":{"rendered":"<p style=\"text-align: justify;\"><em><strong><span style=\"font-family: helvetica, arial, sans-serif; font-size: 14pt;\">** En magistral presentaci\u00f3n con La Cantor\u00eda de la Banda de Conciertos del Estado Lara<\/span><\/strong><\/em><!--more--><\/p>\n<p style=\"text-align: justify;\">\n<p style=\"text-align: justify;\"><strong><span style=\"font-family: helvetica, arial, sans-serif; font-size: 14pt;\">DANNYS MORILLO<\/span><\/strong><\/p>\n<p style=\"text-align: justify;\"><span style=\"font-family: helvetica, arial, sans-serif; font-size: 14pt;\">Con m\u00edstica y amor por lo que hacen y con los mejores protagonistas, el pueblo creador, trabajadores y participantes, maestros y comunidad\u00a0 con la m\u00e1s viva expresi\u00f3n, Inces Lara ofreci\u00f3 desde el Centro de formaci\u00f3n socialista Jes\u00fas Gordo P\u00e1ez una actividad cultural y en un solo canto, donde la historia cantada y contada en hermosas piezas musicales deleit\u00f3 a los presentes.<\/span><\/p>\n<p style=\"text-align: justify;\">\n<p style=\"text-align: justify;\"><span style=\"font-family: helvetica, arial, sans-serif; font-size: 14pt;\"><strong>A lo nuestro, de la mano con la cultura popular<\/strong><\/span><\/p>\n<p style=\"text-align: justify;\"><span style=\"font-family: helvetica, arial, sans-serif; font-size: 14pt;\">Bajo la direcci\u00f3n de la profesora Lisbeth Mendoza, La Cantor\u00eda de la Banda de Conciertos del estado Lara se escucharon piezas emblem\u00e1ticas y conocidas, donde el p\u00fablico asistente ovacion\u00f3 de manera especial cada interpretaci\u00f3n, pues en cada una de ellas se cont\u00f3 con referencias puntuales que unifican y enaltecen y adem\u00e1s con la integralidad y creatividad de sus integrantes al tocar instrumentos y adem\u00e1s bailar al ritmo del genuino tambor.<\/span><\/p>\n<p style=\"text-align: justify;\">\n<p style=\"text-align: justify;\"><span style=\"font-family: helvetica, arial, sans-serif; font-size: 14pt;\">El mensaje es claro \u201cpueblos latinos que se levantan, gracias a la conciencia, no es letra muerta es la acci\u00f3n diaria, comprometida, un maravilloso paseo cultural, donde despertamos en sentires y latires, en una sola lucha\u201d, puntualiz\u00f3 Mendoza.<\/span><\/p>\n<p style=\"text-align: justify;\">\n<p style=\"text-align: justify;\"><span style=\"font-family: helvetica, arial, sans-serif; font-size: 14pt;\">Se escucharon temas como \u201cPlegaria al Labrador\u201d del reconocido Silvio Rodr\u00edguez, \u201cEl Ca\u00f1averal\u201d un bello panalivio peruano, \u201cRosa Amarilla\u201d de Brasil, un mapal\u00e9 llamado \u201cPrende la vela\u201d de Colombia, \u201cJuramento\u201d de Miguel Matamoros, \u201cAdelita\u201d de M\u00e9xico y un maravilloso cierre con el tema \u201cTin Mar\u00edn\u201d del recordado cantor del pueblo Al\u00ed Primera y adem\u00e1s un sabroso <em>son de negros<\/em> como \u201cLa Bella\u201d.<\/span><\/p>\n<p style=\"text-align: justify;\">\n<p style=\"text-align: justify;\"><span style=\"font-family: helvetica, arial, sans-serif; font-size: 14pt;\">Para Andrea Aponte participante del curso Asistente Administrativo de Empresas \u201cesta actividad marca la diferencia, muestra el contexto de nuestras ra\u00edces con contenidos reales, porque\u00a0 lo que se escucha y se ve en los medios para los j\u00f3venes, es pura m\u00fasica sin sentido y es bueno enaltecer qui\u00e9nes somos, de d\u00f3nde venimos y hacia d\u00f3nde vamos\u201d, destac\u00f3.<\/span><\/p>\n","protected":false},"excerpt":{"rendered":"<p>** En magistral presentaci\u00f3n con La Cantor\u00eda de la Banda de Conciertos del Estado Lara<\/p>\n","protected":false},"author":4,"featured_media":44591,"comment_status":"closed","ping_status":"closed","sticky":false,"template":"","format":"standard","meta":{"footnotes":""},"categories":[2],"tags":[],"class_list":["post-44590","post","type-post","status-publish","format-standard","has-post-thumbnail","hentry","category-blog"],"_links":{"self":[{"href":"https:\/\/inces.gob.ve\/index.php\/wp-json\/wp\/v2\/posts\/44590","targetHints":{"allow":["GET"]}}],"collection":[{"href":"https:\/\/inces.gob.ve\/index.php\/wp-json\/wp\/v2\/posts"}],"about":[{"href":"https:\/\/inces.gob.ve\/index.php\/wp-json\/wp\/v2\/types\/post"}],"author":[{"embeddable":true,"href":"https:\/\/inces.gob.ve\/index.php\/wp-json\/wp\/v2\/users\/4"}],"replies":[{"embeddable":true,"href":"https:\/\/inces.gob.ve\/index.php\/wp-json\/wp\/v2\/comments?post=44590"}],"version-history":[{"count":1,"href":"https:\/\/inces.gob.ve\/index.php\/wp-json\/wp\/v2\/posts\/44590\/revisions"}],"predecessor-version":[{"id":44592,"href":"https:\/\/inces.gob.ve\/index.php\/wp-json\/wp\/v2\/posts\/44590\/revisions\/44592"}],"wp:featuredmedia":[{"embeddable":true,"href":"https:\/\/inces.gob.ve\/index.php\/wp-json\/wp\/v2\/media\/44591"}],"wp:attachment":[{"href":"https:\/\/inces.gob.ve\/index.php\/wp-json\/wp\/v2\/media?parent=44590"}],"wp:term":[{"taxonomy":"category","embeddable":true,"href":"https:\/\/inces.gob.ve\/index.php\/wp-json\/wp\/v2\/categories?post=44590"},{"taxonomy":"post_tag","embeddable":true,"href":"https:\/\/inces.gob.ve\/index.php\/wp-json\/wp\/v2\/tags?post=44590"}],"curies":[{"name":"wp","href":"https:\/\/api.w.org\/{rel}","templated":true}]}}