{"id":44624,"date":"2022-08-10T13:01:08","date_gmt":"2022-08-10T17:01:08","guid":{"rendered":"https:\/\/inces.gob.ve\/?p=44624"},"modified":"2022-08-19T13:08:02","modified_gmt":"2022-08-19T17:08:02","slug":"caracas-inces-dc-gradua-64-bachilleres-con-perfiles-productivos","status":"publish","type":"post","link":"https:\/\/inces.gob.ve\/index.php\/2022\/08\/10\/caracas-inces-dc-gradua-64-bachilleres-con-perfiles-productivos\/","title":{"rendered":"CARACAS | Inces DC grad\u00faa 64 bachilleres con perfiles productivos"},"content":{"rendered":"<p style=\"text-align: justify;\"><em><strong><span style=\"font-size: 14pt; font-family: helvetica, arial, sans-serif;\">\u00abLa formaci\u00f3n de nuestros j\u00f3venes y adultos es de vital importancia para nuestra generaci\u00f3n y nuestra patria\u00bb<\/span><\/strong><\/em><\/p>\n<p style=\"text-align: justify;\"><span style=\"font-size: 14pt; font-family: helvetica, arial, sans-serif;\"><!--more--><\/span><\/p>\n<p style=\"text-align: justify;\">\n<p style=\"text-align: justify;\"><span style=\"font-size: 14pt; font-family: helvetica, arial, sans-serif;\">La promoci\u00f3n de 64 bachilleres productivos fue el saldo positivo que dej\u00f3 este primer momento que culmin\u00f3 el presente a\u00f1o 2022, asimismo como el segundo momento que de igual forma culmin\u00f3 en julio, del presente a\u00f1o, quienes estudiaron en los Centros de Formaci\u00f3n Socialista Capacitaci\u00f3n Especial, Luis Beltr\u00e1n Prieto Figueroa y N\u00facleo de Educaci\u00f3n Productiva, Rafael Angulo.<\/span><\/p>\n<p style=\"text-align: justify;\">\n<p style=\"text-align: justify;\"><span style=\"font-size: 14pt; font-family: helvetica, arial, sans-serif;\">Hicieron acto de presencia el viceministro del Sistema de Formaci\u00f3n y los Movimientos Sociales Richard Delgado; el gerente general de Formaci\u00f3n Profesional, Hern\u00e1n Garboza, la gerente regional del Distrito Capital Tania Diaz y la zona educativa del Distrito Capital.<\/span><\/p>\n<p style=\"text-align: justify;\">\n<p style=\"text-align: justify;\"><span style=\"font-size: 14pt; font-family: helvetica, arial, sans-serif;\">Reconocimientos por mejor promedio, fue una de las alegr\u00edas que dejaron los muchachos que con risas y l\u00e1grimas nos dejaron expresar la felicidad que sintieron al recibir su t\u00edtulo de bachiller.<\/span><\/p>\n<p style=\"text-align: justify;\">\n<p style=\"text-align: justify;\"><span style=\"font-size: 14pt; font-family: helvetica, arial, sans-serif;\">Por su parte, los profesores tambi\u00e9n fueron homenajeados por su labor como facilitadores en este duro tiempo con los muchachos.<\/span><\/p>\n<p style=\"text-align: justify;\">\n<p style=\"text-align: justify;\"><span style=\"font-size: 14pt; font-family: helvetica, arial, sans-serif;\">\u00abGracias al Inces, gracias al programa bachiller productivo he podido no solo adquirir los conocimientos de todo programa de bachillerato, si no tambi\u00e9n he podido adquirir un conocimiento productivo que planeo ampliar\u00bb, expres\u00f3 Nidea Salazar reci\u00e9n graduada con el m\u00e9rito a uno de los mejores promedios.<\/span><\/p>\n<p style=\"text-align: justify;\">\n<p style=\"text-align: justify;\"><span style=\"font-size: 14pt; font-family: helvetica, arial, sans-serif;\">El grupo \u00abCaf\u00e9 del beso\u00bb, fue el encargado de los actos culturales efectuados esta ma\u00f1ana en el CFS Prieto Figueroa\u00bb.<\/span><\/p>\n","protected":false},"excerpt":{"rendered":"<p>\u00abLa formaci\u00f3n de nuestros j\u00f3venes y adultos es de vital importancia para nuestra generaci\u00f3n y nuestra patria\u00bb<\/p>\n","protected":false},"author":4,"featured_media":44625,"comment_status":"closed","ping_status":"closed","sticky":false,"template":"","format":"standard","meta":{"footnotes":""},"categories":[2],"tags":[],"class_list":["post-44624","post","type-post","status-publish","format-standard","has-post-thumbnail","hentry","category-blog"],"_links":{"self":[{"href":"https:\/\/inces.gob.ve\/index.php\/wp-json\/wp\/v2\/posts\/44624","targetHints":{"allow":["GET"]}}],"collection":[{"href":"https:\/\/inces.gob.ve\/index.php\/wp-json\/wp\/v2\/posts"}],"about":[{"href":"https:\/\/inces.gob.ve\/index.php\/wp-json\/wp\/v2\/types\/post"}],"author":[{"embeddable":true,"href":"https:\/\/inces.gob.ve\/index.php\/wp-json\/wp\/v2\/users\/4"}],"replies":[{"embeddable":true,"href":"https:\/\/inces.gob.ve\/index.php\/wp-json\/wp\/v2\/comments?post=44624"}],"version-history":[{"count":2,"href":"https:\/\/inces.gob.ve\/index.php\/wp-json\/wp\/v2\/posts\/44624\/revisions"}],"predecessor-version":[{"id":44630,"href":"https:\/\/inces.gob.ve\/index.php\/wp-json\/wp\/v2\/posts\/44624\/revisions\/44630"}],"wp:featuredmedia":[{"embeddable":true,"href":"https:\/\/inces.gob.ve\/index.php\/wp-json\/wp\/v2\/media\/44625"}],"wp:attachment":[{"href":"https:\/\/inces.gob.ve\/index.php\/wp-json\/wp\/v2\/media?parent=44624"}],"wp:term":[{"taxonomy":"category","embeddable":true,"href":"https:\/\/inces.gob.ve\/index.php\/wp-json\/wp\/v2\/categories?post=44624"},{"taxonomy":"post_tag","embeddable":true,"href":"https:\/\/inces.gob.ve\/index.php\/wp-json\/wp\/v2\/tags?post=44624"}],"curies":[{"name":"wp","href":"https:\/\/api.w.org\/{rel}","templated":true}]}}