{"id":44638,"date":"2022-08-19T19:31:13","date_gmt":"2022-08-19T23:31:13","guid":{"rendered":"https:\/\/inces.gob.ve\/?p=44638"},"modified":"2022-08-26T13:24:26","modified_gmt":"2022-08-26T17:24:26","slug":"sucre-inces-celebro-acto-de-graduacion-de-sus-bachilleres-con-perfil-productivo","status":"publish","type":"post","link":"https:\/\/inces.gob.ve\/index.php\/2022\/08\/19\/sucre-inces-celebro-acto-de-graduacion-de-sus-bachilleres-con-perfil-productivo\/","title":{"rendered":"SUCRE | Inces celebr\u00f3 acto de graduaci\u00f3n de sus bachilleres con perfil productivo"},"content":{"rendered":"<p class=\"western\" align=\"justify\"><span style=\"font-size: 14pt; font-family: helvetica, arial, sans-serif;\"><strong><em>**Se procura el apoyo<\/em> <span style=\"color: #00000a;\"><span lang=\"es-VE\">de <\/span><\/span>la poblaci\u00f3n joven en condici\u00f3n de vulnerabilidad<\/strong><!--more--><\/span><\/p>\n<p class=\"western\" align=\"justify\"><span style=\"font-size: 14pt; font-family: helvetica, arial, sans-serif;\"><b>JAIMELYS CAMPOS<\/b><\/span><\/p>\n<p class=\"western\" align=\"justify\"><span style=\"font-size: 14pt; font-family: helvetica, arial, sans-serif;\">El Sal\u00f3n \u201cGran Mariscal de Ayacucho\u201d, del CFS. Comercio, de la Regi\u00f3n Sucre, ubicado en la ciudad de Cuman\u00e1, fue el escenario de la entrega de t\u00edtulos a los graduandos de bachilleres, con perfil productivo.<\/span><\/p>\n<p align=\"justify\">\n<p class=\"western\" align=\"justify\"><span style=\"font-size: 14pt; font-family: helvetica, arial, sans-serif;\">El acto cont\u00f3 con la presencia de la gerente regional del Inces Sucre, Audin Haydee Navarro, el jefe de Formaci\u00f3n Fernando Rodr\u00edguez, la coordinadora de Educaci\u00f3n B\u00e1sica, Raquel Alcal\u00e1 y el profesor, Rafael Arias.<\/span><\/p>\n<p align=\"justify\">\n<p class=\"western\" align=\"justify\"><span style=\"font-size: 14pt; font-family: helvetica, arial, sans-serif;\">Un total de 14 graduandos de la Unidad Educativa de Adultos del Inces Regi\u00f3n Sucre, culminaron y cumplieron con los requisitos, mediante sus actividades escolares, logrando obtener su t\u00ectulo como Bachilleres Productivos de la Rep\u00fablica Bolivariana de Venezuela.<\/span><\/p>\n<p align=\"justify\">\n<p class=\"western\" align=\"justify\"><span style=\"font-size: 14pt; font-family: helvetica, arial, sans-serif;\">Esta actividad <span style=\"color: #00000a;\"><span lang=\"es-VE\">forma parte de<\/span><\/span> una pol\u00edtica inclusiva de la revoluci\u00f3n y su modalidad de Educaci\u00f3n de J\u00f3venes y Adultos. El Inces, a trav\u00e9s del Programa de Educaci\u00f3n Media General, facilita la prosecuci\u00f3n de estudios para la obtenci\u00f3n del Bachillerato con Perfil Productivo.<\/span><\/p>\n<p align=\"justify\">\n<p class=\"western\" align=\"justify\"><span style=\"font-size: 14pt; font-family: helvetica, arial, sans-serif;\">Es de hacer del conocimiento de la colectividad en general que <span style=\"color: #00000a;\"><span lang=\"es-VE\">el<\/span><\/span> programa de bachillerato productivo se encuentra disponible y es la oportunidad de certificarte en uno de nuestros 260 perfiles productivos. La poblaci\u00f3n tiene hasta el 2 de septiembre para formalizar su inscripci\u00f3n en la sede del Inces m\u00e1s cercana a tu domicilio.<\/span><\/p>\n","protected":false},"excerpt":{"rendered":"<p>**Se procura el apoyo de la poblaci\u00f3n joven en condici\u00f3n de vulnerabilidad<\/p>\n","protected":false},"author":4,"featured_media":44639,"comment_status":"closed","ping_status":"closed","sticky":false,"template":"","format":"standard","meta":{"footnotes":""},"categories":[2],"tags":[],"class_list":["post-44638","post","type-post","status-publish","format-standard","has-post-thumbnail","hentry","category-blog"],"_links":{"self":[{"href":"https:\/\/inces.gob.ve\/index.php\/wp-json\/wp\/v2\/posts\/44638","targetHints":{"allow":["GET"]}}],"collection":[{"href":"https:\/\/inces.gob.ve\/index.php\/wp-json\/wp\/v2\/posts"}],"about":[{"href":"https:\/\/inces.gob.ve\/index.php\/wp-json\/wp\/v2\/types\/post"}],"author":[{"embeddable":true,"href":"https:\/\/inces.gob.ve\/index.php\/wp-json\/wp\/v2\/users\/4"}],"replies":[{"embeddable":true,"href":"https:\/\/inces.gob.ve\/index.php\/wp-json\/wp\/v2\/comments?post=44638"}],"version-history":[{"count":2,"href":"https:\/\/inces.gob.ve\/index.php\/wp-json\/wp\/v2\/posts\/44638\/revisions"}],"predecessor-version":[{"id":45157,"href":"https:\/\/inces.gob.ve\/index.php\/wp-json\/wp\/v2\/posts\/44638\/revisions\/45157"}],"wp:featuredmedia":[{"embeddable":true,"href":"https:\/\/inces.gob.ve\/index.php\/wp-json\/wp\/v2\/media\/44639"}],"wp:attachment":[{"href":"https:\/\/inces.gob.ve\/index.php\/wp-json\/wp\/v2\/media?parent=44638"}],"wp:term":[{"taxonomy":"category","embeddable":true,"href":"https:\/\/inces.gob.ve\/index.php\/wp-json\/wp\/v2\/categories?post=44638"},{"taxonomy":"post_tag","embeddable":true,"href":"https:\/\/inces.gob.ve\/index.php\/wp-json\/wp\/v2\/tags?post=44638"}],"curies":[{"name":"wp","href":"https:\/\/api.w.org\/{rel}","templated":true}]}}