{"id":44651,"date":"2022-08-17T10:53:35","date_gmt":"2022-08-17T14:53:35","guid":{"rendered":"https:\/\/inces.gob.ve\/?p=44651"},"modified":"2022-08-20T10:55:31","modified_gmt":"2022-08-20T14:55:31","slug":"cojedes-participantes-del-festival-tu-voz-inces-desbordaron-con-distintos-talentos","status":"publish","type":"post","link":"https:\/\/inces.gob.ve\/index.php\/2022\/08\/17\/cojedes-participantes-del-festival-tu-voz-inces-desbordaron-con-distintos-talentos\/","title":{"rendered":"COJEDES | Participantes del festival \u201cTu Voz Inces\u201d desbordaron con distintos talentos"},"content":{"rendered":"<p align=\"justify\"><strong><span style=\"font-family: helvetica, arial, sans-serif; font-size: 14pt;\"><i>** Clase trabajadora, aprendices, maestros t\u00e9cnicos productivos atendieron al llamado\u201d Ven y expresa tu talento\u201d<\/i><\/span><\/strong><!--more--><\/p>\n<p align=\"justify\">\n<p align=\"justify\"><span style=\"font-family: helvetica, arial, sans-serif; font-size: 14pt;\">Bajo la responsabilidad de los integrantes del comit\u00e9, de la gerencia regional de cultura, deporte, recreaci\u00f3n y\u00a0 participaci\u00f3n comunal, se llev\u00f3 a cabo la final del festival T\u00fa Voz Inces , como parte de las actividades del 63 aniversario del Instituto Nacional de Capacitaci\u00f3n y Educaci\u00f3n Socialista (Inces). La actividad se realiz\u00f3 en el auditorio del centro de formaci\u00f3n socialista \u201cArgimiro Gabald\u00f3n\u201d.<\/span><\/p>\n<p align=\"justify\">\n<p align=\"justify\"><span style=\"font-family: helvetica, arial, sans-serif; font-size: 14pt;\">Luego del proceso de convocatoria y audiciones, un total de ocho talentosos participantes entre ellos Richard Mora, Julianny Ordo\u00f1ez, Leonardo Cuba, V\u00edctor Suarez, Rusbel Escalona, Alannys Sierra y Blanca Salcine, \u00a0formalizaron su participaron en el festival acatando las pautas de baile y canto.<\/span><\/p>\n<p align=\"justify\">\n<p align=\"justify\"><span style=\"font-family: helvetica, arial, sans-serif; font-size: 14pt;\">La responsabilidad de seleccionar a los ganadores, estuvo a cargo del jurado integrado Oswaldo Arcila, director de la polif\u00f3nica del estado Cojedes,\u00a0 Andry Abreu \u00a0junto a Enrique Ram\u00edrez, de la academia de baile Expresi\u00f3n Cojede\u00f1a. As\u00ed\u00a0 como tambi\u00e9n el gerente del Inces, Jos\u00e9 Antonio Mart\u00ednez, acompa\u00f1ado de dos ex participantes de la Voz Inces, \u00a0Sandra P\u00e9rez y H\u00e9ctor Lozada, en representaci\u00f3n de la clase trabajadora.<\/span><\/p>\n<p align=\"justify\">\n<p align=\"justify\"><span style=\"font-family: helvetica, arial, sans-serif; font-size: 14pt;\">En esta oportunidad el primer lugar lo obtuvo\u00a0 la joven aprendiz Inces, Crislexi Angarita, segundo lugar le correspondi\u00f3 al joven Richard Mora y el tercer lugar Rusbel Escalona; mientras que en la\u00a0 categor\u00eda de baile lo obtuvo Blanca Salcine. \u00a0La representaci\u00f3n que asistir\u00e1 a Caracas \u00a0tendr\u00e1 una acreditaci\u00f3n para participar en la fase nacional a realizarse en los pr\u00f3ximos d\u00edas. <\/span><\/p>\n<p align=\"justify\">\n<p align=\"justify\"><span style=\"font-family: helvetica, arial, sans-serif; font-size: 14pt;\">Por su parte el Mart\u00ednez, reconoci\u00f3 el compromiso del comit\u00e9 a cargo de Jos\u00e9 Veliz, Mar\u00eda Valentina Hern\u00e1ndez, \u00a0\u00a0Eduar Ortega, Miguel Villanueva, Jos\u00e9 R\u00edos y Jhonana Poyer; as\u00ed como tambi\u00e9n \u00a0el apoyo de los trabajadores, Wualter Venegas, Nelly Sequera, Pedro Guti\u00e9rrez, y la comisi\u00f3n de Infraestructura. <\/span><\/p>\n<p align=\"justify\">\n<p align=\"justify\"><span style=\"font-family: helvetica, arial, sans-serif; font-size: 14pt;\">\u00a0\u201cObserv\u00e9 un trabajo en equipo que \u00a0dio todo el calor al festival para que \u00a0los participantes estuvieran aqu\u00ed en \u00e9ste evento que integran a la sociedad\u201d. \u00a0Tambi\u00e9n agradeci\u00f3 a los concursantes \u00a0por tomarse el tiempo en dedicarnos a los presentes, esa pasi\u00f3n, esas ganas, ese afecto y t\u00e9cnica de los que hacen. La cultura transforma la vida y nos acerca a lo m\u00e1s bonito y sublime de la vida\u201d, expres\u00f3 Mart\u00ednez.<\/span><\/p>\n<p align=\"justify\">\n<p align=\"justify\"><span style=\"font-family: helvetica, arial, sans-serif; font-size: 14pt;\">Por su parte, la ganadora de canto, Angarita, del programa nacional de aprendizaje (PNA), en el municipio Tinaquillo, \u00a0dijo \u201ccontenta por haber obtenido \u00a0el primer lugar, me seguir\u00e9 preparando para que mi estado quede bien representado y obtener un lugar privilegiado. Voy con las ganas de participar, ganar y obtener experiencia\u201d. \u00a0<\/span><\/p>\n","protected":false},"excerpt":{"rendered":"<p>** Clase trabajadora, aprendices, maestros t\u00e9cnicos productivos atendieron al llamado\u201d Ven y expresa tu talento\u201d<\/p>\n","protected":false},"author":4,"featured_media":44652,"comment_status":"closed","ping_status":"closed","sticky":false,"template":"","format":"standard","meta":{"footnotes":""},"categories":[2],"tags":[],"class_list":["post-44651","post","type-post","status-publish","format-standard","has-post-thumbnail","hentry","category-blog"],"_links":{"self":[{"href":"https:\/\/inces.gob.ve\/index.php\/wp-json\/wp\/v2\/posts\/44651","targetHints":{"allow":["GET"]}}],"collection":[{"href":"https:\/\/inces.gob.ve\/index.php\/wp-json\/wp\/v2\/posts"}],"about":[{"href":"https:\/\/inces.gob.ve\/index.php\/wp-json\/wp\/v2\/types\/post"}],"author":[{"embeddable":true,"href":"https:\/\/inces.gob.ve\/index.php\/wp-json\/wp\/v2\/users\/4"}],"replies":[{"embeddable":true,"href":"https:\/\/inces.gob.ve\/index.php\/wp-json\/wp\/v2\/comments?post=44651"}],"version-history":[{"count":1,"href":"https:\/\/inces.gob.ve\/index.php\/wp-json\/wp\/v2\/posts\/44651\/revisions"}],"predecessor-version":[{"id":44653,"href":"https:\/\/inces.gob.ve\/index.php\/wp-json\/wp\/v2\/posts\/44651\/revisions\/44653"}],"wp:featuredmedia":[{"embeddable":true,"href":"https:\/\/inces.gob.ve\/index.php\/wp-json\/wp\/v2\/media\/44652"}],"wp:attachment":[{"href":"https:\/\/inces.gob.ve\/index.php\/wp-json\/wp\/v2\/media?parent=44651"}],"wp:term":[{"taxonomy":"category","embeddable":true,"href":"https:\/\/inces.gob.ve\/index.php\/wp-json\/wp\/v2\/categories?post=44651"},{"taxonomy":"post_tag","embeddable":true,"href":"https:\/\/inces.gob.ve\/index.php\/wp-json\/wp\/v2\/tags?post=44651"}],"curies":[{"name":"wp","href":"https:\/\/api.w.org\/{rel}","templated":true}]}}