{"id":44673,"date":"2022-08-20T11:55:47","date_gmt":"2022-08-20T15:55:47","guid":{"rendered":"https:\/\/inces.gob.ve\/?p=44673"},"modified":"2022-08-20T11:56:07","modified_gmt":"2022-08-20T15:56:07","slug":"los-andes-inces-merida-recibio-dotacion-de-medicamentos-y-equipos-de-salud","status":"publish","type":"post","link":"https:\/\/inces.gob.ve\/index.php\/2022\/08\/20\/los-andes-inces-merida-recibio-dotacion-de-medicamentos-y-equipos-de-salud\/","title":{"rendered":"LOS ANDES  | Inces M\u00e9rida recibi\u00f3 dotaci\u00f3n de medicamentos y equipos de salud"},"content":{"rendered":"<p style=\"text-align: justify;\"><span style=\"font-family: helvetica, arial, sans-serif; font-size: 14pt;\"><strong><i>**<\/i> <\/strong><i><strong>Dando cumplimiento a la cl\u00e1usula N\u00b040 de la convenci\u00f3n colectiva sobre el servicio m\u00e9dico primario y preventivo para los trabajadores del Inces, que incluye, adem\u00e1s entrega de medicamentos, entre otros beneficios<\/strong> <\/i><!--more--><\/span><\/p>\n<p style=\"text-align: justify;\"><span style=\"font-family: helvetica, arial, sans-serif; font-size: 14pt;\"><b>NADIA LOBO<\/b><\/span><\/p>\n<p style=\"text-align: justify;\"><span style=\"font-family: helvetica, arial, sans-serif; font-size: 14pt;\">Como parte de las pol\u00edticas y cuidado social que ofrece el gobierno revolucionario de presidente Nicol\u00e1s Maduro, y con el objeto de garantizar la atenci\u00f3n m\u00e9dica a los trabajadores,<b> <\/b><span style=\"color: #222222;\">el Inces M\u00e9rida recibi\u00f3 medicamentos, insumos y equipos para dotar el Servicio M\u00e9dico de la instituci\u00f3n.<\/span><\/span><\/p>\n<p>&nbsp;<\/p>\n<p style=\"text-align: justify;\"><span style=\"font-family: helvetica, arial, sans-serif; font-size: 14pt;\">As\u00ed lo inform\u00f3 el gerente regional del Inces-M\u00e9rida, Geldrit Roca, quien asegur\u00f3 que la dotaci\u00f3n de medicinas, materiales y equipos de salud, los recibi\u00f3 el <span style=\"color: #222222;\">jefe de Talento Humano, Adri\u00e1n Siso y las doctoras Nora de D\u00e1vila y Cecilia Guerrero, ambas adscritas al servicio m\u00e9dico de esta instituci\u00f3n.<\/span><\/span><\/p>\n<p>&nbsp;<\/p>\n<p style=\"text-align: justify;\"><span style=\"font-family: helvetica, arial, sans-serif; font-size: 14pt;\">Indic\u00f3 igualmente que la dotaci\u00f3n consta de antipir\u00e9ticos, vitaminas, analg\u00e9sicos, hipertensivos, antial\u00e9rgicos, as\u00ed como soluciones, insumos, mascarillas, inyectadoras, gluc\u00f3metro, balanza, silla de ruedas, macro-goteros, estetoscopio entre otros.<\/span><\/p>\n<p>&nbsp;<\/p>\n<p style=\"text-align: justify;\"><span style=\"font-family: helvetica, arial, sans-serif; font-size: 14pt;\">De igual manera destac\u00f3 el trabajo que se ha venido desarrollando tanto en el centro de formaci\u00f3n socialista (CFS) El Vig\u00eda, como en la sede administrativa de M\u00e9rida, a trav\u00e9s de la Divisi\u00f3n de Talento Humano, donde se han desarrollado jornada de atenci\u00f3n especial dirigida no solo a los trabajadores activos, sino tambi\u00e9n al personal jubilado con la entrega de medicamentos.<\/span><\/p>\n<p>&nbsp;<\/p>\n<p style=\"text-align: justify;\"><span style=\"font-family: helvetica, arial, sans-serif; font-size: 14pt;\">\u201cEstas jornadas de atenci\u00f3n social, se realizan siguiendo las orientaciones del presidente del Inces, Wuikelman Angel Paredes y gracias al apoyo del gobernador del Estado Bolivariano de M\u00e9rida, Jehyson Guzm\u00e1n, quienes mantienen atenci\u00f3n especial a los trabajadores de la instituci\u00f3n\u201d, dijo Roca.<\/span><\/p>\n<p>&nbsp;<\/p>\n<p style=\"text-align: justify;\"><a name=\"_GoBack\"><\/a><span style=\"font-family: helvetica, arial, sans-serif; font-size: 14pt;\"> Finalmente se\u00f1al\u00f3 que este tipo de actividades se seguir\u00e1n desarrollando durante el a\u00f1o 2022, con la intenci\u00f3n de brindar atenci\u00f3n personalizada tanto a los trabajadores como al personal jubilado y pensionado del Inces desplegados a lo largo y ancho de la entidad meride\u00f1a.<\/span><\/p>\n<p style=\"text-align: justify;\">\n","protected":false},"excerpt":{"rendered":"<p>** Dando cumplimiento a la cl\u00e1usula N\u00b040 de la convenci\u00f3n colectiva sobre el servicio m\u00e9dico primario y preventivo para los trabajadores del Inces, que incluye, adem\u00e1s entrega de medicamentos, entre otros beneficios<\/p>\n","protected":false},"author":4,"featured_media":44674,"comment_status":"closed","ping_status":"closed","sticky":false,"template":"","format":"standard","meta":{"footnotes":""},"categories":[2],"tags":[],"class_list":["post-44673","post","type-post","status-publish","format-standard","has-post-thumbnail","hentry","category-blog"],"_links":{"self":[{"href":"https:\/\/inces.gob.ve\/index.php\/wp-json\/wp\/v2\/posts\/44673","targetHints":{"allow":["GET"]}}],"collection":[{"href":"https:\/\/inces.gob.ve\/index.php\/wp-json\/wp\/v2\/posts"}],"about":[{"href":"https:\/\/inces.gob.ve\/index.php\/wp-json\/wp\/v2\/types\/post"}],"author":[{"embeddable":true,"href":"https:\/\/inces.gob.ve\/index.php\/wp-json\/wp\/v2\/users\/4"}],"replies":[{"embeddable":true,"href":"https:\/\/inces.gob.ve\/index.php\/wp-json\/wp\/v2\/comments?post=44673"}],"version-history":[{"count":2,"href":"https:\/\/inces.gob.ve\/index.php\/wp-json\/wp\/v2\/posts\/44673\/revisions"}],"predecessor-version":[{"id":44676,"href":"https:\/\/inces.gob.ve\/index.php\/wp-json\/wp\/v2\/posts\/44673\/revisions\/44676"}],"wp:featuredmedia":[{"embeddable":true,"href":"https:\/\/inces.gob.ve\/index.php\/wp-json\/wp\/v2\/media\/44674"}],"wp:attachment":[{"href":"https:\/\/inces.gob.ve\/index.php\/wp-json\/wp\/v2\/media?parent=44673"}],"wp:term":[{"taxonomy":"category","embeddable":true,"href":"https:\/\/inces.gob.ve\/index.php\/wp-json\/wp\/v2\/categories?post=44673"},{"taxonomy":"post_tag","embeddable":true,"href":"https:\/\/inces.gob.ve\/index.php\/wp-json\/wp\/v2\/tags?post=44673"}],"curies":[{"name":"wp","href":"https:\/\/api.w.org\/{rel}","templated":true}]}}