{"id":44699,"date":"2022-08-22T22:40:50","date_gmt":"2022-08-23T02:40:50","guid":{"rendered":"https:\/\/inces.gob.ve\/?p=44699"},"modified":"2022-08-24T18:47:06","modified_gmt":"2022-08-24T22:47:06","slug":"aniversario-63-del-inces-inicio-con-los-honores-a-la-bandera-y-ofrenda-al-maestro-de-america","status":"publish","type":"post","link":"https:\/\/inces.gob.ve\/index.php\/2022\/08\/22\/aniversario-63-del-inces-inicio-con-los-honores-a-la-bandera-y-ofrenda-al-maestro-de-america\/","title":{"rendered":"Aniversario 63 del Inces inici\u00f3 con los honores a la bandera y ofrenda al Maestro de Am\u00e9rica"},"content":{"rendered":"<p style=\"text-align: justify;\"><strong><em><span style=\"font-size: large;\">*<\/span><span style=\"font-size: large;\"><span style=\"font-size: 14pt;\">*El Estado Docente es el derecho y deber del estado a orientar la educaci\u00f3n, a definir sus fines, a supervisarla y colocarla en sinton\u00eda con los planes de la naci\u00f3n. Luis Beltr\u00e1n Prieto<\/span><\/span><\/em><\/strong><span style=\"font-size: 14pt;\"><!--more--><\/span><\/p>\n<p style=\"text-align: justify;\"><span style=\"font-size: 14pt;\"><strong>DIMAS P\u00c1EZ <\/strong><\/span><\/p>\n<p style=\"text-align: justify;\"><span style=\"font-size: 14pt;\"><em>Foto: Rafael Urbina<\/em><\/span><\/p>\n<p style=\"text-align: justify;\"><span style=\"font-size: 14pt;\"><em>El acto central para conmemorar el 63 Aniversario del Instituto Nacional de Capacitaci\u00f3n y Educaci\u00f3n Socialista (Inces) inici\u00f3 con la Parada Militar por parte del Cuerpo Combatiente del Inces, Sim\u00f3n\u00a0Rodr\u00edguez, los honores al Pabell\u00f3n Nacional y una ofrenda floral al Maestro de Am\u00e9rica, Luis Beltr\u00e1n prieto Figueroa.<\/em><\/span><\/p>\n<p><img loading=\"lazy\" decoding=\"async\" class=\"aligncenter wp-image-44687 size-full\" src=\"https:\/\/inces.gob.ve\/wp-content\/uploads\/2022\/08\/Aniversario-63-del-Inces-7--e1661189584442.jpg\" alt=\"\" width=\"800\" height=\"536\" \/><\/p>\n<p style=\"text-align: justify;\"><span style=\"font-size: 14pt;\"><em>Los himnos Nacional y del Inces fueron interpretados por parte de la Coral Ra\u00fal Delgado Mar\u00edn, desde la plazoleta del edificio sede, escenario donde se realiz\u00f3 el acto.<\/em><\/span><\/p>\n<p>&nbsp;<\/p>\n<p>https:\/\/www.youtube.com\/watch?v=jPx4ngAw-qg<\/p>\n<p><img loading=\"lazy\" decoding=\"async\" class=\"aligncenter wp-image-44685 size-full\" src=\"https:\/\/inces.gob.ve\/wp-content\/uploads\/2022\/08\/Aniversario-63-del-Inces-3--e1661187872853.jpg\" alt=\"\" width=\"800\" height=\"536\" \/><\/p>\n<p style=\"text-align: justify;\"><span style=\"font-size: 14pt;\"><em>La actividad cont\u00f3 con la presencia de Wuikelman Angel Paredes, viceministro de Comunidades Educativas y Uni\u00f3n con el Pueblo y presidente del Inces, en compa\u00f1\u00eda del diputado a la Asamblea Nacional, Gilberto Gim\u00e9nez Prieto; nieto de Luis Beltr\u00e1n Prieto Figueroa, el Ing. Agust\u00edn Prieto, sobrino del fundador del Inces, y las autoridades y personal activo y jubilado del ente, dando por inaugurada la semana aniversario de la instituci\u00f3n.<\/em><\/span><\/p>\n<p style=\"text-align: justify;\"><span style=\"font-size: 14pt;\"><em>Wuikelman Angel, expuso: \u201cReconozco el tremendo trabajo que vienen realizando los trabajadores del Inces en estos tiempos de tantas dificultades. Aun teniendo aires en contra y a pesar de estas adversidades, hay que reconocer que nuestra gente ha sabido dar la cara por la instituci\u00f3n; tambi\u00e9n queremos reconocer la figura hermosa de nuestros aprendices Inces. Hoy en d\u00eda atendemos a cien mil j\u00f3venes en promedio al a\u00f1o\u201d.<\/em><\/span><\/p>\n<p style=\"text-align: justify;\"><span style=\"font-size: 14pt;\"><em><img loading=\"lazy\" decoding=\"async\" class=\"aligncenter wp-image-44689 size-full\" src=\"https:\/\/inces.gob.ve\/wp-content\/uploads\/2022\/08\/Aniversario-63-del-Inces-5--e1661189535395.jpg\" alt=\"\" width=\"800\" height=\"536\" \/><\/em><\/span><\/p>\n<p style=\"text-align: justify;\"><span style=\"font-size: 14pt;\"><em>El presidente Nicol\u00e1s Maduro nos pidi\u00f3 que este a\u00f1o atendi\u00e9ramos a 250.000 aprendices, esto significa un reto e invita a las empresas p\u00fablicas y privadas a que contribuyan para hacer posible el Programa Nacional de Aprendizaje.<\/em><\/span><\/p>\n<p style=\"text-align: justify;\"><span style=\"font-size: 14pt;\"><em>Entre otros temas habl\u00f3 sobre lo que debemos hacer para transformar la educaci\u00f3n en el pa\u00eds y la reuni\u00f3n que se efectu\u00f3 en las Naciones Unidades para discutir este tema. \u00abPorque hay conciencia en todos los pa\u00edses del mundo y se reconoci\u00f3 que la educaci\u00f3n debe ser revisada, modificada y adecuarla a nuestros d\u00edas\u00bb.<\/em><\/span><\/p>\n<p><img loading=\"lazy\" decoding=\"async\" class=\"aligncenter wp-image-44686 size-full\" src=\"https:\/\/inces.gob.ve\/wp-content\/uploads\/2022\/08\/Aniversario-63-del-Inces-6--e1661189664998.jpg\" alt=\"\" width=\"800\" height=\"536\" \/><\/p>\n<p style=\"text-align: justify;\"><span style=\"font-size: 14pt;\"><em>Agreg\u00f3 el viceministro y presidente: \u201cTenemos muchos desaf\u00edos, no solo en nuestra amada patria que batalla contra las agresiones del imperialismo que busca derrotar nuestro sistema de gobierno. Antes muchas adversidades nosotros mostramos nuestra mejor cara de Bol\u00edvar, Sucre, Ribas y estamos aqu\u00ed con la esperanza, la convicci\u00f3n de construir una patria independiente, libre y soberana\u201d.<\/em><\/span><\/p>\n<p><img loading=\"lazy\" decoding=\"async\" class=\"aligncenter wp-image-44684 size-full\" src=\"https:\/\/inces.gob.ve\/wp-content\/uploads\/2022\/08\/Aniversario-63-del-Inces-2--e1661187952238.jpg\" alt=\"\" width=\"800\" height=\"536\" \/><\/p>\n<p style=\"text-align: justify;\"><span style=\"font-size: 14pt;\"><em>Por su parte, el diputado Gilberto Gim\u00e9nez Prieto expres\u00f3: <\/em><strong>\u201c<\/strong><em>Yo quiero traerles un mensaje cari\u00f1oso, amoroso de parte de la familia Prieto. Nosotros nos unimos a este inmenso homenaje que se hace a una de las obras educativa mas importantes y relevante del maestro Luis Beltr\u00e1n Prieto Figueroa. Cuando uno comienza a escuchar que 100.000 o 140.000 persona se han\u00a0 formando como aprendices, que 6.000 docentes est\u00e1n tambi\u00e9n en esa tarea cotidiana, uno se siente orgulloso. Eso en tiempos de una agresi\u00f3n como la que est\u00e1 viviendo el pa\u00eds. Un ataque sin precedente, y que se ha sembrado a nivel nacional.\u00a0 Con esto quiero decir que los trabajadores y trabajadoras son unos h\u00e9roes y unas hero\u00ednas por el compromiso que tienen de transformar la conciencia y sobre todo crear al hombre y a la mujer nueva. Eso que tanto escuch\u00e1bamos que dec\u00edan el Che, Salvador Allende y otros hombres y mujeres progresistas se est\u00e1 llevando a cabo en el Inces hoy en d\u00eda. As\u00ed que perm\u00edtanme felicitarlos por esa gran labor que viene desarrollando en la instituci\u00f3n<\/em><strong>\u201d.<\/strong><\/span><\/p>\n<p><img loading=\"lazy\" decoding=\"async\" class=\"aligncenter wp-image-44690 size-full\" src=\"https:\/\/inces.gob.ve\/wp-content\/uploads\/2022\/08\/Aniversario-63-del-Inces-9--e1661189707360.jpg\" alt=\"\" width=\"800\" height=\"536\" \/><\/p>\n<p style=\"text-align: justify;\"><span style=\"font-size: 14pt;\"><em>Santiago Gonz\u00e1lez, aprendiz del Programa Nacional de Aprendizaje, fue el encargado de lee\u00a0 la rese\u00f1a hist\u00f3rica del Maestro Luis Beltr\u00e1n Prieto Figueroa. Narro el nacimiento del fundador del Inces, se pase\u00f3 por los momentos m\u00e1s sublimes de su vida, destacando la fundaci\u00f3n del Inces y otros datos de inter\u00e9s sobre la vida este ilustre venezolano.<\/em><\/span><\/p>\n<p style=\"text-align: justify;\"><span style=\"font-size: 14pt;\"><em> la rese\u00f1a hist\u00f3rica del Maestro Luis Beltr\u00e1n Prieto Figueroa.\u00a0 Narro el nacimiento del fundador del Inces, se pase\u00f3 por los momentos m\u00e1s sublimes de su vida, destacando la fundaci\u00f3n del Inces y otros datos de inter\u00e9s sobre la vida este ilustre venezolano.<\/em><\/span><\/p>\n<p><img loading=\"lazy\" decoding=\"async\" class=\"aligncenter wp-image-44683 size-full\" src=\"https:\/\/inces.gob.ve\/wp-content\/uploads\/2022\/08\/Aniversario-63-del-Inces-1--e1661189639161.jpg\" alt=\"\" width=\"800\" height=\"536\" \/><\/p>\n","protected":false},"excerpt":{"rendered":"<p>**El Estado Docente es el derecho y deber del estado a orientar la educaci\u00f3n, a definir sus fines, a supervisarla y colocarla en sinton\u00eda con los planes de la naci\u00f3n. Luis Beltr\u00e1n Prieto<\/p>\n","protected":false},"author":15,"featured_media":44688,"comment_status":"closed","ping_status":"closed","sticky":false,"template":"","format":"standard","meta":{"footnotes":""},"categories":[2],"tags":[],"class_list":["post-44699","post","type-post","status-publish","format-standard","has-post-thumbnail","hentry","category-blog"],"_links":{"self":[{"href":"https:\/\/inces.gob.ve\/index.php\/wp-json\/wp\/v2\/posts\/44699","targetHints":{"allow":["GET"]}}],"collection":[{"href":"https:\/\/inces.gob.ve\/index.php\/wp-json\/wp\/v2\/posts"}],"about":[{"href":"https:\/\/inces.gob.ve\/index.php\/wp-json\/wp\/v2\/types\/post"}],"author":[{"embeddable":true,"href":"https:\/\/inces.gob.ve\/index.php\/wp-json\/wp\/v2\/users\/15"}],"replies":[{"embeddable":true,"href":"https:\/\/inces.gob.ve\/index.php\/wp-json\/wp\/v2\/comments?post=44699"}],"version-history":[{"count":7,"href":"https:\/\/inces.gob.ve\/index.php\/wp-json\/wp\/v2\/posts\/44699\/revisions"}],"predecessor-version":[{"id":44990,"href":"https:\/\/inces.gob.ve\/index.php\/wp-json\/wp\/v2\/posts\/44699\/revisions\/44990"}],"wp:featuredmedia":[{"embeddable":true,"href":"https:\/\/inces.gob.ve\/index.php\/wp-json\/wp\/v2\/media\/44688"}],"wp:attachment":[{"href":"https:\/\/inces.gob.ve\/index.php\/wp-json\/wp\/v2\/media?parent=44699"}],"wp:term":[{"taxonomy":"category","embeddable":true,"href":"https:\/\/inces.gob.ve\/index.php\/wp-json\/wp\/v2\/categories?post=44699"},{"taxonomy":"post_tag","embeddable":true,"href":"https:\/\/inces.gob.ve\/index.php\/wp-json\/wp\/v2\/tags?post=44699"}],"curies":[{"name":"wp","href":"https:\/\/api.w.org\/{rel}","templated":true}]}}