{"id":44706,"date":"2022-08-22T22:41:44","date_gmt":"2022-08-23T02:41:44","guid":{"rendered":"https:\/\/inces.gob.ve\/?p=44706"},"modified":"2022-08-22T22:42:18","modified_gmt":"2022-08-23T02:42:18","slug":"el-inces-celebro-su-63-aniversario-entregando-la-titularidad-de-cargo-a-4-147-trabajadores","status":"publish","type":"post","link":"https:\/\/inces.gob.ve\/index.php\/2022\/08\/22\/el-inces-celebro-su-63-aniversario-entregando-la-titularidad-de-cargo-a-4-147-trabajadores\/","title":{"rendered":"El Inces celebr\u00f3 su 63 aniversario entregando la titularidad de cargo a 4.147 trabajadores"},"content":{"rendered":"<p style=\"text-align: justify;\"><span style=\"font-size: 14pt;\"><strong><span style=\"font-family: helvetica,arial,sans-serif;\">**<\/span><\/strong><em><strong><span style=\"font-family: helvetica,arial,sans-serif;\"> Yelitze Santaella, reconoci\u00f3 la labor de la instituci\u00f3n y de su talento humano<\/span><\/strong><\/em><\/span><!--more--><\/p>\n<p>&nbsp;<\/p>\n<p style=\"text-align: justify;\"><span style=\"font-size: 14pt;\"><strong>LONGINA TOVAR<\/strong><\/span><\/p>\n<p><strong>F\/ Luis J. Gonz\u00e1lez C.<\/strong><\/p>\n<p style=\"text-align: justify;\"><span style=\"font-family: helvetica,arial,sans-serif; font-size: 14pt;\">Este 22 de agosto, d\u00eda en que el Instituto Nacional de Capacitaci\u00f3n y Educaci\u00f3n Socialista (Inces) cumple 63 a\u00f1os de fundado, la ministra del Poder Popular para la Educaci\u00f3n, Yelitze Santaella, autoriz\u00f3 la entrega de titularidad de cargo a 4.147 trabajadores de todo el pa\u00eds, siempre que tengan m\u00e1s de cinco a\u00f1os al servicio de la casa formativa y haya demostrado compromiso con el trabajo.<\/span><\/p>\n<p><img loading=\"lazy\" decoding=\"async\" class=\"aligncenter wp-image-44713 size-large\" src=\"https:\/\/inces.gob.ve\/wp-content\/uploads\/2022\/08\/IMG-20220822-WA0167-1024x683.jpg\" alt=\"\" width=\"640\" height=\"427\" srcset=\"https:\/\/inces.gob.ve\/wp-content\/uploads\/2022\/08\/IMG-20220822-WA0167-1024x683.jpg 1024w, https:\/\/inces.gob.ve\/wp-content\/uploads\/2022\/08\/IMG-20220822-WA0167-300x200.jpg 300w, https:\/\/inces.gob.ve\/wp-content\/uploads\/2022\/08\/IMG-20220822-WA0167-768x512.jpg 768w, https:\/\/inces.gob.ve\/wp-content\/uploads\/2022\/08\/IMG-20220822-WA0167-272x182.jpg 272w, https:\/\/inces.gob.ve\/wp-content\/uploads\/2022\/08\/IMG-20220822-WA0167.jpg 1080w\" sizes=\"auto, (max-width: 640px) 100vw, 640px\" \/><\/p>\n<p>&nbsp;<\/p>\n<p style=\"text-align: justify;\"><span style=\"font-family: helvetica,arial,sans-serif; font-size: 14pt;\">El acto estuvo presidido por el viceministro de Comunidades Educativas y Uni\u00f3n con el Pueblo y presidente del Inces, Wuikelman Angel, quien durante su discurso asegur\u00f3 que la casa formativa mantiene el lado humano del maestro Luis Beltr\u00e1n Prieto Figueroa.<\/span><\/p>\n<p><img loading=\"lazy\" decoding=\"async\" class=\"aligncenter wp-image-44711 size-large\" src=\"https:\/\/inces.gob.ve\/wp-content\/uploads\/2022\/08\/IMG-20220822-WA0176-680x1024.jpg\" alt=\"\" width=\"640\" height=\"964\" srcset=\"https:\/\/inces.gob.ve\/wp-content\/uploads\/2022\/08\/IMG-20220822-WA0176-680x1024.jpg 680w, https:\/\/inces.gob.ve\/wp-content\/uploads\/2022\/08\/IMG-20220822-WA0176-199x300.jpg 199w, https:\/\/inces.gob.ve\/wp-content\/uploads\/2022\/08\/IMG-20220822-WA0176-510x768.jpg 510w, https:\/\/inces.gob.ve\/wp-content\/uploads\/2022\/08\/IMG-20220822-WA0176.jpg 717w\" sizes=\"auto, (max-width: 640px) 100vw, 640px\" \/><\/p>\n<p style=\"text-align: justify;\"><span style=\"font-family: helvetica,arial,sans-serif; font-size: 14pt;\">\u201cEste pa\u00eds tiene una gran potencial, y la familia Inces contribuye con ello. Somos una referencia ante el mundo, no podemos depender del petr\u00f3leo, debemos ser una potencia.\u201d, dijo Angel<\/span><\/p>\n<p><img loading=\"lazy\" decoding=\"async\" class=\"aligncenter wp-image-44722 size-large\" src=\"https:\/\/inces.gob.ve\/wp-content\/uploads\/2022\/08\/IMG-20220822-WA0158-1024x683.jpg\" alt=\"\" width=\"640\" height=\"427\" srcset=\"https:\/\/inces.gob.ve\/wp-content\/uploads\/2022\/08\/IMG-20220822-WA0158-1024x683.jpg 1024w, https:\/\/inces.gob.ve\/wp-content\/uploads\/2022\/08\/IMG-20220822-WA0158-300x200.jpg 300w, https:\/\/inces.gob.ve\/wp-content\/uploads\/2022\/08\/IMG-20220822-WA0158-768x512.jpg 768w, https:\/\/inces.gob.ve\/wp-content\/uploads\/2022\/08\/IMG-20220822-WA0158-272x182.jpg 272w, https:\/\/inces.gob.ve\/wp-content\/uploads\/2022\/08\/IMG-20220822-WA0158.jpg 1080w\" sizes=\"auto, (max-width: 640px) 100vw, 640px\" \/><\/p>\n<p>&nbsp;<\/p>\n<p style=\"text-align: justify;\"><span style=\"font-family: helvetica,arial,sans-serif; font-size: 14pt;\">La ministra Santaella logr\u00f3 conectarse con el acto v\u00eda telem\u00e1tica, reconociendo el trabajo que se hace desde el Inces y la importancia de los hombres mujeres que hacen posible la capacitaci\u00f3n t\u00e9cnica de los j\u00f3venes y de la clase trabajadora de todo el pa\u00eds, acci\u00f3n que los hace merecedores de un cargo en la administraci\u00f3n p\u00fablica, en consonancia con la agresividad e igualdad social que reza nuestra Constituci\u00f3n Nacional.<\/span><\/p>\n<p><img loading=\"lazy\" decoding=\"async\" class=\"aligncenter wp-image-44715 size-large\" src=\"https:\/\/inces.gob.ve\/wp-content\/uploads\/2022\/08\/IMG-20220822-WA0166-1024x683.jpg\" alt=\"\" width=\"640\" height=\"427\" srcset=\"https:\/\/inces.gob.ve\/wp-content\/uploads\/2022\/08\/IMG-20220822-WA0166-1024x683.jpg 1024w, https:\/\/inces.gob.ve\/wp-content\/uploads\/2022\/08\/IMG-20220822-WA0166-300x200.jpg 300w, https:\/\/inces.gob.ve\/wp-content\/uploads\/2022\/08\/IMG-20220822-WA0166-768x512.jpg 768w, https:\/\/inces.gob.ve\/wp-content\/uploads\/2022\/08\/IMG-20220822-WA0166-272x182.jpg 272w, https:\/\/inces.gob.ve\/wp-content\/uploads\/2022\/08\/IMG-20220822-WA0166.jpg 1080w\" sizes=\"auto, (max-width: 640px) 100vw, 640px\" \/><\/p>\n<p>&nbsp;<\/p>\n<p style=\"text-align: justify;\"><span style=\"font-family: helvetica,arial,sans-serif; font-size: 14pt;\">En nombre de todos los trabajadores condecorados y que recib\u00edan titularidad de cargo, la servidora p\u00fablica, Lolimar Medina, dirigi\u00f3 emotivas palabras al auditorio, todas relacionadas con el orgullo que se siente ser ince\u00edsta y trabajar a favor de la educaci\u00f3n y la formaci\u00f3n t\u00e9cnica profesional.<\/span><\/p>\n<p>&nbsp;<\/p>\n<p><img loading=\"lazy\" decoding=\"async\" class=\"aligncenter wp-image-44712 size-large\" src=\"https:\/\/inces.gob.ve\/wp-content\/uploads\/2022\/08\/IMG-20220822-WA0169-1024x683.jpg\" alt=\"\" width=\"640\" height=\"427\" srcset=\"https:\/\/inces.gob.ve\/wp-content\/uploads\/2022\/08\/IMG-20220822-WA0169-1024x683.jpg 1024w, https:\/\/inces.gob.ve\/wp-content\/uploads\/2022\/08\/IMG-20220822-WA0169-300x200.jpg 300w, https:\/\/inces.gob.ve\/wp-content\/uploads\/2022\/08\/IMG-20220822-WA0169-768x512.jpg 768w, https:\/\/inces.gob.ve\/wp-content\/uploads\/2022\/08\/IMG-20220822-WA0169-272x182.jpg 272w, https:\/\/inces.gob.ve\/wp-content\/uploads\/2022\/08\/IMG-20220822-WA0169.jpg 1080w\" sizes=\"auto, (max-width: 640px) 100vw, 640px\" \/><\/p>\n<p>&nbsp;<\/p>\n<p style=\"text-align: justify;\"><span style=\"font-family: helvetica,arial,sans-serif; font-size: 14pt;\">Acompa\u00f1aron la actividad no solo la ministra Santaella y el presidente del Inces, sino tambi\u00e9n el diputado a la Asamblea Nacional Gilberto Gim\u00e9nez Prieto y los 24 gerentes regionales Inces, conectados estos \u00faltimos en videoconferencia.<\/span><\/p>\n<p>&nbsp;<\/p>\n<p><img loading=\"lazy\" decoding=\"async\" class=\"aligncenter wp-image-44723 size-large\" src=\"https:\/\/inces.gob.ve\/wp-content\/uploads\/2022\/08\/IMG-20220822-WA0156-1024x683.jpg\" alt=\"\" width=\"640\" height=\"427\" srcset=\"https:\/\/inces.gob.ve\/wp-content\/uploads\/2022\/08\/IMG-20220822-WA0156-1024x683.jpg 1024w, https:\/\/inces.gob.ve\/wp-content\/uploads\/2022\/08\/IMG-20220822-WA0156-300x200.jpg 300w, https:\/\/inces.gob.ve\/wp-content\/uploads\/2022\/08\/IMG-20220822-WA0156-768x512.jpg 768w, https:\/\/inces.gob.ve\/wp-content\/uploads\/2022\/08\/IMG-20220822-WA0156-272x182.jpg 272w, https:\/\/inces.gob.ve\/wp-content\/uploads\/2022\/08\/IMG-20220822-WA0156.jpg 1080w\" sizes=\"auto, (max-width: 640px) 100vw, 640px\" \/><\/p>\n<p style=\"text-align: justify;\"><span style=\"font-family: helvetica,arial,sans-serif; font-size: 14pt;\">El cronograma aniversario contin\u00faa ma\u00f1ana martes con la firma del convenio Inces &#8211; Movimiento Otro Beta, y con la entrega de m\u00e1s de cien certificaciones junto a la Alcald\u00eda de Caracas.<\/span><\/p>\n<p>&nbsp;<\/p>\n<p><img loading=\"lazy\" decoding=\"async\" class=\"aligncenter wp-image-44714 size-large\" src=\"https:\/\/inces.gob.ve\/wp-content\/uploads\/2022\/08\/IMG-20220822-WA0168-1024x683.jpg\" alt=\"\" width=\"640\" height=\"427\" srcset=\"https:\/\/inces.gob.ve\/wp-content\/uploads\/2022\/08\/IMG-20220822-WA0168-1024x683.jpg 1024w, https:\/\/inces.gob.ve\/wp-content\/uploads\/2022\/08\/IMG-20220822-WA0168-300x200.jpg 300w, https:\/\/inces.gob.ve\/wp-content\/uploads\/2022\/08\/IMG-20220822-WA0168-768x512.jpg 768w, https:\/\/inces.gob.ve\/wp-content\/uploads\/2022\/08\/IMG-20220822-WA0168-272x182.jpg 272w, https:\/\/inces.gob.ve\/wp-content\/uploads\/2022\/08\/IMG-20220822-WA0168.jpg 1080w\" sizes=\"auto, (max-width: 640px) 100vw, 640px\" \/><\/p>\n<p>&nbsp;<\/p>\n<p><img loading=\"lazy\" decoding=\"async\" class=\"aligncenter wp-image-44721 size-large\" src=\"https:\/\/inces.gob.ve\/wp-content\/uploads\/2022\/08\/IMG-20220822-WA0159-1024x683.jpg\" alt=\"\" width=\"640\" height=\"427\" srcset=\"https:\/\/inces.gob.ve\/wp-content\/uploads\/2022\/08\/IMG-20220822-WA0159-1024x683.jpg 1024w, https:\/\/inces.gob.ve\/wp-content\/uploads\/2022\/08\/IMG-20220822-WA0159-300x200.jpg 300w, https:\/\/inces.gob.ve\/wp-content\/uploads\/2022\/08\/IMG-20220822-WA0159-768x512.jpg 768w, https:\/\/inces.gob.ve\/wp-content\/uploads\/2022\/08\/IMG-20220822-WA0159-272x182.jpg 272w, https:\/\/inces.gob.ve\/wp-content\/uploads\/2022\/08\/IMG-20220822-WA0159.jpg 1080w\" sizes=\"auto, (max-width: 640px) 100vw, 640px\" \/><\/p>\n","protected":false},"excerpt":{"rendered":"<p>** Yelitze Santaella, reconoci\u00f3 la labor de la instituci\u00f3n y de su talento humano<\/p>\n","protected":false},"author":4,"featured_media":44720,"comment_status":"closed","ping_status":"closed","sticky":false,"template":"","format":"standard","meta":{"footnotes":""},"categories":[2],"tags":[],"class_list":["post-44706","post","type-post","status-publish","format-standard","has-post-thumbnail","hentry","category-blog"],"_links":{"self":[{"href":"https:\/\/inces.gob.ve\/index.php\/wp-json\/wp\/v2\/posts\/44706","targetHints":{"allow":["GET"]}}],"collection":[{"href":"https:\/\/inces.gob.ve\/index.php\/wp-json\/wp\/v2\/posts"}],"about":[{"href":"https:\/\/inces.gob.ve\/index.php\/wp-json\/wp\/v2\/types\/post"}],"author":[{"embeddable":true,"href":"https:\/\/inces.gob.ve\/index.php\/wp-json\/wp\/v2\/users\/4"}],"replies":[{"embeddable":true,"href":"https:\/\/inces.gob.ve\/index.php\/wp-json\/wp\/v2\/comments?post=44706"}],"version-history":[{"count":6,"href":"https:\/\/inces.gob.ve\/index.php\/wp-json\/wp\/v2\/posts\/44706\/revisions"}],"predecessor-version":[{"id":44731,"href":"https:\/\/inces.gob.ve\/index.php\/wp-json\/wp\/v2\/posts\/44706\/revisions\/44731"}],"wp:featuredmedia":[{"embeddable":true,"href":"https:\/\/inces.gob.ve\/index.php\/wp-json\/wp\/v2\/media\/44720"}],"wp:attachment":[{"href":"https:\/\/inces.gob.ve\/index.php\/wp-json\/wp\/v2\/media?parent=44706"}],"wp:term":[{"taxonomy":"category","embeddable":true,"href":"https:\/\/inces.gob.ve\/index.php\/wp-json\/wp\/v2\/categories?post=44706"},{"taxonomy":"post_tag","embeddable":true,"href":"https:\/\/inces.gob.ve\/index.php\/wp-json\/wp\/v2\/tags?post=44706"}],"curies":[{"name":"wp","href":"https:\/\/api.w.org\/{rel}","templated":true}]}}