{"id":44734,"date":"2022-08-22T20:56:43","date_gmt":"2022-08-23T00:56:43","guid":{"rendered":"https:\/\/inces.gob.ve\/?p=44734"},"modified":"2022-08-22T20:56:43","modified_gmt":"2022-08-23T00:56:43","slug":"nueva-esparta-inces-recibe-dotacion-de-materiales-y-medicamentos-para-el-personal-inces","status":"publish","type":"post","link":"https:\/\/inces.gob.ve\/index.php\/2022\/08\/22\/nueva-esparta-inces-recibe-dotacion-de-materiales-y-medicamentos-para-el-personal-inces\/","title":{"rendered":"NUEVA ESPARTA | Inces recibe dotaci\u00f3n de materiales y medicamentos para el personal Inces"},"content":{"rendered":"<p><span style=\"font-family: helvetica, arial, sans-serif; font-size: 14pt;\"><i><b>**Beneficiar\u00e1 a los trabajadores, jubilados y a su grupo familiar<\/b><\/i><!--more--><\/span><\/p>\n<p>&nbsp;<\/p>\n<p><strong><span style=\"font-family: helvetica, arial, sans-serif; font-size: 14pt;\">ELEITA C\u00c9SPEDES DE ANTEPAZ<\/span><\/strong><\/p>\n<p><span style=\"font-family: helvetica, arial, sans-serif; font-size: 14pt;\">La gerencia regional del Inces Nueva Esparta, a trav\u00e9s de la divisi\u00f3n de Talento Humano, recibi\u00f3 la dotaci\u00f3n de materiales m\u00e9dicos y medicamentos enviados desde la sede de nuestra instituci\u00f3n para la atenci\u00f3n de la salud de los 103 jubilados, 147 trabajadores activos y su grupos familiares.<\/span><\/p>\n<p>&nbsp;<\/p>\n<p><span style=\"font-family: helvetica, arial, sans-serif; font-size: 14pt;\">Dada la importancia del acceso a los servicios de salud, y el deber de garantizar el cumplimiento de la cl\u00e1usula n\u00famero 40 de la Convenci\u00f3n Colectiva de trabajo, el Inces remite este tipo de recursos a cada una de sus regionales, para ser asignados al servicio m\u00e9dico local.<\/span><\/p>\n<p>&nbsp;<\/p>\n<p><span style=\"font-family: helvetica, arial, sans-serif; font-size: 14pt;\">Tanto el jefe de la Divisi\u00f3n de Talento Humano, Ismel Narv\u00e1ez, como el gerente regional del Inces Nueva Esparta, Alex Andarcia, reconocen la importancia que esta acci\u00f3n reviste para cada uno de los miembros de esta casa de formaci\u00f3n profesional, en un \u00e1rea de estricta relevancia: la salud.<\/span><\/p>\n","protected":false},"excerpt":{"rendered":"<p>**Beneficiar\u00e1 a los trabajadores, jubilados y a su grupo familiar<\/p>\n","protected":false},"author":4,"featured_media":44735,"comment_status":"closed","ping_status":"closed","sticky":false,"template":"","format":"standard","meta":{"footnotes":""},"categories":[2],"tags":[],"class_list":["post-44734","post","type-post","status-publish","format-standard","has-post-thumbnail","hentry","category-blog"],"_links":{"self":[{"href":"https:\/\/inces.gob.ve\/index.php\/wp-json\/wp\/v2\/posts\/44734","targetHints":{"allow":["GET"]}}],"collection":[{"href":"https:\/\/inces.gob.ve\/index.php\/wp-json\/wp\/v2\/posts"}],"about":[{"href":"https:\/\/inces.gob.ve\/index.php\/wp-json\/wp\/v2\/types\/post"}],"author":[{"embeddable":true,"href":"https:\/\/inces.gob.ve\/index.php\/wp-json\/wp\/v2\/users\/4"}],"replies":[{"embeddable":true,"href":"https:\/\/inces.gob.ve\/index.php\/wp-json\/wp\/v2\/comments?post=44734"}],"version-history":[{"count":1,"href":"https:\/\/inces.gob.ve\/index.php\/wp-json\/wp\/v2\/posts\/44734\/revisions"}],"predecessor-version":[{"id":44736,"href":"https:\/\/inces.gob.ve\/index.php\/wp-json\/wp\/v2\/posts\/44734\/revisions\/44736"}],"wp:featuredmedia":[{"embeddable":true,"href":"https:\/\/inces.gob.ve\/index.php\/wp-json\/wp\/v2\/media\/44735"}],"wp:attachment":[{"href":"https:\/\/inces.gob.ve\/index.php\/wp-json\/wp\/v2\/media?parent=44734"}],"wp:term":[{"taxonomy":"category","embeddable":true,"href":"https:\/\/inces.gob.ve\/index.php\/wp-json\/wp\/v2\/categories?post=44734"},{"taxonomy":"post_tag","embeddable":true,"href":"https:\/\/inces.gob.ve\/index.php\/wp-json\/wp\/v2\/tags?post=44734"}],"curies":[{"name":"wp","href":"https:\/\/api.w.org\/{rel}","templated":true}]}}