{"id":44737,"date":"2022-08-22T21:07:17","date_gmt":"2022-08-23T01:07:17","guid":{"rendered":"https:\/\/inces.gob.ve\/?p=44737"},"modified":"2022-08-22T21:07:17","modified_gmt":"2022-08-23T01:07:17","slug":"merida-inces-inicia-aniversario-con-eleccion-de-la-madrina","status":"publish","type":"post","link":"https:\/\/inces.gob.ve\/index.php\/2022\/08\/22\/merida-inces-inicia-aniversario-con-eleccion-de-la-madrina\/","title":{"rendered":"M\u00c9RIDA | Inces inicia aniversario con elecci\u00f3n de la madrina"},"content":{"rendered":"<p style=\"text-align: justify;\"><strong><span style=\"color: #000000; font-family: helvetica, arial, sans-serif; font-size: 14pt;\"><i>** El evento cont\u00f3 con un hermoso desfile de candidatas que representaban cada uno de los programas formativos que imparte el CFS El Vig\u00eda<\/i><\/span><\/strong><!--more--><\/p>\n<p style=\"text-align: justify;\">\n<p style=\"text-align: justify;\"><span style=\"color: #000000; font-family: helvetica, arial, sans-serif; font-size: 14pt;\"><b>NADIA LOBO<\/b><\/span><\/p>\n<p style=\"text-align: justify;\"><span style=\"color: #000000; font-family: helvetica, arial, sans-serif; font-size: 14pt;\">Con diferentes actividades acad\u00e9micas, deportivas, sociales, culturales, recreativas y religiosas, el centro de formaci\u00f3n socialista (CFS) El Vig\u00eda celebra el 63 aniversario del Inces con la participaci\u00f3n de estudiantes, aprendices, maestros y trabajadores que con entusiasmo celebran el cumplea\u00f1os de la instituci\u00f3n creada por el maestro Luis Beltr\u00e1n Prieto Figueroa.<\/span><\/p>\n<p>&nbsp;<\/p>\n<p style=\"text-align: justify;\"><span style=\"font-family: helvetica, arial, sans-serif; font-size: 14pt;\"><span style=\"color: #000000;\">El cronograma de actividades inici\u00f3 con la elecci\u00f3n de la madrina del Inces, que cont\u00f3 con la participaci\u00f3n de diez hermosas candidatas que representan los diferentes programas formativos que se imparte<\/span><span style=\"color: #000000;\">n<\/span><span style=\"color: #000000;\"> en el centro de formaci\u00f3n, resultando como ganadora la se\u00f1orita Mar\u00eda Jos\u00e9 Segura P\u00e1ez, mientras que Johannelys Carolina Atencio M\u00e1rquez fue elegida como Madrina del Deporte.<\/span><\/span><\/p>\n<p>&nbsp;<\/p>\n<p><img loading=\"lazy\" decoding=\"async\" class=\"aligncenter wp-image-44738 size-large\" src=\"https:\/\/inces.gob.ve\/wp-content\/uploads\/2022\/08\/CANDIDATAS-5-1024x768.jpg\" alt=\"\" width=\"640\" height=\"480\" srcset=\"https:\/\/inces.gob.ve\/wp-content\/uploads\/2022\/08\/CANDIDATAS-5-1024x768.jpg 1024w, https:\/\/inces.gob.ve\/wp-content\/uploads\/2022\/08\/CANDIDATAS-5-300x225.jpg 300w, https:\/\/inces.gob.ve\/wp-content\/uploads\/2022\/08\/CANDIDATAS-5-768x576.jpg 768w, https:\/\/inces.gob.ve\/wp-content\/uploads\/2022\/08\/CANDIDATAS-5-136x102.jpg 136w, https:\/\/inces.gob.ve\/wp-content\/uploads\/2022\/08\/CANDIDATAS-5.jpg 1280w\" sizes=\"auto, (max-width: 640px) 100vw, 640px\" \/><\/p>\n<p style=\"text-align: justify;\"><span style=\"color: #000000; font-family: helvetica, arial, sans-serif; font-size: 14pt;\">El desfile fue alusivo a la preservaci\u00f3n del planeta y al ecosistema, mientras que el jurado calificados, estuvo encabezado por la reina de las Ferias de El Vig\u00eda (FERIVIGIA 2022), se\u00f1orita Karelis Prieto acompa\u00f1ada de las maestras t\u00e9cnicas productivas (MTP) Iria Vivas y Belkys Silva, as\u00ed como Williton Velandria, m\u00e9dico del centro y Eiber Berm\u00fadez, representante en el municipio por la JPSUV. <\/span><\/p>\n<p>&nbsp;<\/p>\n<p style=\"text-align: justify;\"><span style=\"color: #000000; font-family: helvetica, arial, sans-serif; font-size: 14pt;\">Isley Moreno, responsable del CFS, destac\u00f3 que ser\u00e1 una semana llena de alegr\u00eda, colorido de entusiasmo, compromiso y j\u00fabilo, pues todos los participantes, aprendices, maestros y trabajadores se unieron para festejar tan magna fecha, siguiendo las orientaciones del presidente del Inces, Wuikelman Angel y el gerente regional Geldrit Roca.<\/span><\/p>\n<p>&nbsp;<\/p>\n<p><img loading=\"lazy\" decoding=\"async\" class=\"aligncenter wp-image-44739 size-large\" src=\"https:\/\/inces.gob.ve\/wp-content\/uploads\/2022\/08\/CANDIDATAS-8-1024x768.jpg\" alt=\"\" width=\"640\" height=\"480\" srcset=\"https:\/\/inces.gob.ve\/wp-content\/uploads\/2022\/08\/CANDIDATAS-8-1024x768.jpg 1024w, https:\/\/inces.gob.ve\/wp-content\/uploads\/2022\/08\/CANDIDATAS-8-300x225.jpg 300w, https:\/\/inces.gob.ve\/wp-content\/uploads\/2022\/08\/CANDIDATAS-8-768x576.jpg 768w, https:\/\/inces.gob.ve\/wp-content\/uploads\/2022\/08\/CANDIDATAS-8-136x102.jpg 136w, https:\/\/inces.gob.ve\/wp-content\/uploads\/2022\/08\/CANDIDATAS-8.jpg 1280w\" sizes=\"auto, (max-width: 640px) 100vw, 640px\" \/><\/p>\n<p>&nbsp;<\/p>\n<p style=\"text-align: justify;\"><span style=\"color: #000000; font-family: helvetica, arial, sans-serif; font-size: 14pt;\">Explic\u00f3 que las bellas candidatas del 63 Aniversario del Inces, representan los siguientes programas de formaci\u00f3n: Arreglo para Fiestas Alejandra Araque; Pasapalos y Bombones, Ana D\u00e1vila; Asistencia al Veterinario, Leymar Mora; PNA, Sugeidys Fern\u00e1ndez; Protocolo y Etiqueta, Estefany Guerrero; Mec\u00e1nica Diesel, Andrea Olano; Dise\u00f1o de Artes Gr\u00e1ficas, Mar\u00eda Jos\u00e9 Segura; Iniciaci\u00f3n Empresarial, Yorgelys Moizan; y Farmacia, Johannelys Atencio.<\/span><\/p>\n","protected":false},"excerpt":{"rendered":"<p>** El evento cont\u00f3 con un hermoso desfile de candidatas que representaban cada uno de los programas formativos que imparte el CFS El Vig\u00eda<\/p>\n","protected":false},"author":4,"featured_media":44740,"comment_status":"closed","ping_status":"closed","sticky":false,"template":"","format":"standard","meta":{"footnotes":""},"categories":[2],"tags":[],"class_list":["post-44737","post","type-post","status-publish","format-standard","has-post-thumbnail","hentry","category-blog"],"_links":{"self":[{"href":"https:\/\/inces.gob.ve\/index.php\/wp-json\/wp\/v2\/posts\/44737","targetHints":{"allow":["GET"]}}],"collection":[{"href":"https:\/\/inces.gob.ve\/index.php\/wp-json\/wp\/v2\/posts"}],"about":[{"href":"https:\/\/inces.gob.ve\/index.php\/wp-json\/wp\/v2\/types\/post"}],"author":[{"embeddable":true,"href":"https:\/\/inces.gob.ve\/index.php\/wp-json\/wp\/v2\/users\/4"}],"replies":[{"embeddable":true,"href":"https:\/\/inces.gob.ve\/index.php\/wp-json\/wp\/v2\/comments?post=44737"}],"version-history":[{"count":1,"href":"https:\/\/inces.gob.ve\/index.php\/wp-json\/wp\/v2\/posts\/44737\/revisions"}],"predecessor-version":[{"id":44741,"href":"https:\/\/inces.gob.ve\/index.php\/wp-json\/wp\/v2\/posts\/44737\/revisions\/44741"}],"wp:featuredmedia":[{"embeddable":true,"href":"https:\/\/inces.gob.ve\/index.php\/wp-json\/wp\/v2\/media\/44740"}],"wp:attachment":[{"href":"https:\/\/inces.gob.ve\/index.php\/wp-json\/wp\/v2\/media?parent=44737"}],"wp:term":[{"taxonomy":"category","embeddable":true,"href":"https:\/\/inces.gob.ve\/index.php\/wp-json\/wp\/v2\/categories?post=44737"},{"taxonomy":"post_tag","embeddable":true,"href":"https:\/\/inces.gob.ve\/index.php\/wp-json\/wp\/v2\/tags?post=44737"}],"curies":[{"name":"wp","href":"https:\/\/api.w.org\/{rel}","templated":true}]}}