{"id":44742,"date":"2022-08-22T21:21:14","date_gmt":"2022-08-23T01:21:14","guid":{"rendered":"https:\/\/inces.gob.ve\/?p=44742"},"modified":"2022-08-22T21:21:14","modified_gmt":"2022-08-23T01:21:14","slug":"trujillo-sesion-especial-63-aniversario-realizo-el-clet-en-el-inces","status":"publish","type":"post","link":"https:\/\/inces.gob.ve\/index.php\/2022\/08\/22\/trujillo-sesion-especial-63-aniversario-realizo-el-clet-en-el-inces\/","title":{"rendered":"TRUJILLO | Sesion especial 63 aniversario realiz\u00f3 el CLET en el Inces"},"content":{"rendered":"<p style=\"text-align: justify;\"><em><span style=\"font-family: helvetica, arial, sans-serif; font-size: 14pt;\"><strong>** La primera combatiente, Reina P\u00e9rez de M\u00e1rquez, en representaci\u00f3n del gobernador del estado, Mayor Gerardo M\u00e1rquez, manifest\u00f3 que gracias al fortalecimiento de las pol\u00edticas gubernamentales nacionales, el Inces ha contribuido en estos 63 a\u00f1os a la capacitaci\u00f3n de ese hombre y mujer que necesita la patria<\/strong> <\/span><\/em><!--more--><\/p>\n<p>&nbsp;<\/p>\n<p style=\"text-align: justify;\"><strong><span style=\"font-family: helvetica, arial, sans-serif; font-size: 14pt;\">MAR\u00cdA CABRERA<\/span><\/strong><\/p>\n<p style=\"text-align: justify;\" align=\"justify\"><span style=\"font-family: helvetica, arial, sans-serif; font-size: 14pt;\">Una c\u00e1lida ma\u00f1ana sirvi\u00f3 de marco para la celebraci\u00f3n de la sesi\u00f3n especial del Concejo Legislativo del estado Trujillo (CLET) y la gobernaci\u00f3n del estado, con motivo del 63 a\u00f1os Aniversario del Instituto Nacional de Capacitaci\u00f3n y Educaci\u00f3n Socialista (Inces), que en esta ocasi\u00f3n se realiz\u00f3 desde el Centro de Formaci\u00f3n Socialista (CFS) \u201cAl\u00ed Primera\u201d.<\/span><\/p>\n<p style=\"text-align: justify;\" align=\"justify\">\n<p style=\"text-align: justify;\" align=\"justify\"><span style=\"font-family: helvetica, arial, sans-serif; font-size: 14pt;\">En el acto que se inici\u00f3 seg\u00fan lo pautado, se ley\u00f3 el acuerdo por parte del Secretario del CLET en la que se hal\u00f3 sobre la celebraci\u00f3n por los 63 a\u00f1os de fundaci\u00f3n del Inces, hecho por dem\u00e1s de trascendencia e impacto social, donde la instituci\u00f3n ha formado t\u00e9cnica y profesionalmente a los venezolanos adem\u00e1s de contribuir a la reactivaci\u00f3n del aparato econ\u00f3mico del pa\u00eds.<\/span><\/p>\n<p style=\"text-align: justify;\" align=\"justify\">\n<p style=\"text-align: justify;\" align=\"justify\"><span style=\"font-family: helvetica, arial, sans-serif; font-size: 14pt;\">El CFS \u201cAl\u00ed Primera\u201d luci\u00f3 una decoraci\u00f3n muy colorida realizada por los mismos trabajadores quienes durante cinco d\u00edas se encargaron de darle otro aspecto al lugar para los visitantes e invitados asistentes a esta sesi\u00f3n especial que el CLET y la Gobernaci\u00f3n de Trujillo prepararon en honor al Inces.<\/span><\/p>\n<p style=\"text-align: justify;\" align=\"justify\">\n<p style=\"text-align: justify;\" align=\"justify\"><span style=\"font-family: helvetica, arial, sans-serif; font-size: 14pt;\">El gerente regional del Inces Trujillo, Alexis Brice\u00f1o, destac\u00f3 que el Inces ha permitido fortalecer la educaci\u00f3n nacional al permitirle colocar sus aportes para capacitar a los venezolanos desde el punto de vista t\u00e9cnico y profesional y lo hace profundizando a trav\u00e9s de los distintos emprendimientos, previo a la preparaci\u00f3n de un oficio que se les oferta y se les ense\u00f1a gracias a la decidida colaboraci\u00f3n de los maestros, trabajadores y el gobierno nacional.<\/span><\/p>\n<p align=\"justify\">\n<p align=\"justify\"><img loading=\"lazy\" decoding=\"async\" class=\"aligncenter wp-image-44744 size-large\" src=\"https:\/\/inces.gob.ve\/wp-content\/uploads\/2022\/08\/12-1024x768.jpg\" alt=\"\" width=\"640\" height=\"480\" srcset=\"https:\/\/inces.gob.ve\/wp-content\/uploads\/2022\/08\/12-1024x768.jpg 1024w, https:\/\/inces.gob.ve\/wp-content\/uploads\/2022\/08\/12-300x225.jpg 300w, https:\/\/inces.gob.ve\/wp-content\/uploads\/2022\/08\/12-768x576.jpg 768w, https:\/\/inces.gob.ve\/wp-content\/uploads\/2022\/08\/12-136x102.jpg 136w, https:\/\/inces.gob.ve\/wp-content\/uploads\/2022\/08\/12.jpg 1280w\" sizes=\"auto, (max-width: 640px) 100vw, 640px\" \/><\/p>\n<p style=\"text-align: justify;\" align=\"justify\"><span style=\"font-family: helvetica, arial, sans-serif; font-size: 14pt;\">Reina P\u00e9rez de M\u00e1rquez, Primera Combatiente en representaci\u00f3n del Gobernador del Estado, Mayor Gerardo M\u00e1rquez, quien no asisti\u00f3 por compromisos contra\u00eddos de \u00faltimo momento, manifest\u00f3 que gracias al fortalecimiento de las pol\u00edticas gubernamentales nacionales, el Inces ha contribuido en estos 63 a\u00f1os a la capacitaci\u00f3n de ese hombre y mujer que necesita la patria fortaleciendo la capacitaci\u00f3n a trav\u00e9s del emprendimiento no solo de las empresas privadas, sino inclusive p\u00fablicas, para lo cual la gobernaci\u00f3n del estado, ha puesto mucho esmero, adem\u00e1s del proceso de certificaci\u00f3n de las personas.<\/span><\/p>\n<p align=\"justify\">\n<p style=\"text-align: justify;\" align=\"justify\"><span style=\"font-family: helvetica, arial, sans-serif; font-size: 14pt;\">Al evento asistieron adem\u00e1s de algunas personalidades, trabajadores, maestros t\u00e9cnicos productivos y familiares, quienes estuvieron atentos al desempe\u00f1o del evento que se desarroll\u00f3 sin contratiempos y de acuerdo a la agenda aniversario preparada para tal ocasi\u00f3n.<\/span><\/p>\n<p style=\"text-align: justify;\" align=\"justify\">\n<p style=\"text-align: justify;\" align=\"justify\"><span style=\"font-family: helvetica, arial, sans-serif; font-size: 14pt;\">Por su parte, Carlos Iglesias, presidente del CLET, se\u00f1al\u00f3 que Inces est\u00e1 muy vinculado a la capacitaci\u00f3n del hombre de este siglo y en especial para darle sentido seg\u00fan la idea de Luis Beltr\u00e1n Prieto Figueroa, \u201cque no diste a los ciudadanos que requiere la patria y la sociedad venezolana que aprende un oficio necesario con el que se defender\u00e1 y emprender\u00e1 su unidad de trabajo\u201d.<\/span><\/p>\n<p style=\"text-align: justify;\" align=\"justify\">\n<p style=\"text-align: justify;\" align=\"justify\"><span style=\"font-family: helvetica, arial, sans-serif; font-size: 14pt;\">Al final del programa, la Gerencia Regional del Inces, junto a la gobernaci\u00f3n y los representantes del CLET impusieron botones a los trabajadores del Inces Trujillo por 5, 10, 15, 20, 25 y 30 a\u00f1os de servicio, quienes felices y sonrientes esperaron su turno para recibir su reconocimiento acumulado por dedicaci\u00f3n laboral al Inces.<\/span><\/p>\n<p style=\"text-align: justify;\">\n","protected":false},"excerpt":{"rendered":"<p>** La primera combatiente, Reina P\u00e9rez de M\u00e1rquez, en representaci\u00f3n del gobernador del estado, Mayor Gerardo M\u00e1rquez, manifest\u00f3 que gracias al fortalecimiento de las pol\u00edticas gubernamentales nacionales, el Inces ha contribuido en estos 63 a\u00f1os a la capacitaci\u00f3n de ese hombre y mujer que necesita la patria<\/p>\n","protected":false},"author":4,"featured_media":44743,"comment_status":"closed","ping_status":"closed","sticky":false,"template":"","format":"standard","meta":{"footnotes":""},"categories":[2],"tags":[],"class_list":["post-44742","post","type-post","status-publish","format-standard","has-post-thumbnail","hentry","category-blog"],"_links":{"self":[{"href":"https:\/\/inces.gob.ve\/index.php\/wp-json\/wp\/v2\/posts\/44742","targetHints":{"allow":["GET"]}}],"collection":[{"href":"https:\/\/inces.gob.ve\/index.php\/wp-json\/wp\/v2\/posts"}],"about":[{"href":"https:\/\/inces.gob.ve\/index.php\/wp-json\/wp\/v2\/types\/post"}],"author":[{"embeddable":true,"href":"https:\/\/inces.gob.ve\/index.php\/wp-json\/wp\/v2\/users\/4"}],"replies":[{"embeddable":true,"href":"https:\/\/inces.gob.ve\/index.php\/wp-json\/wp\/v2\/comments?post=44742"}],"version-history":[{"count":1,"href":"https:\/\/inces.gob.ve\/index.php\/wp-json\/wp\/v2\/posts\/44742\/revisions"}],"predecessor-version":[{"id":44745,"href":"https:\/\/inces.gob.ve\/index.php\/wp-json\/wp\/v2\/posts\/44742\/revisions\/44745"}],"wp:featuredmedia":[{"embeddable":true,"href":"https:\/\/inces.gob.ve\/index.php\/wp-json\/wp\/v2\/media\/44743"}],"wp:attachment":[{"href":"https:\/\/inces.gob.ve\/index.php\/wp-json\/wp\/v2\/media?parent=44742"}],"wp:term":[{"taxonomy":"category","embeddable":true,"href":"https:\/\/inces.gob.ve\/index.php\/wp-json\/wp\/v2\/categories?post=44742"},{"taxonomy":"post_tag","embeddable":true,"href":"https:\/\/inces.gob.ve\/index.php\/wp-json\/wp\/v2\/tags?post=44742"}],"curies":[{"name":"wp","href":"https:\/\/api.w.org\/{rel}","templated":true}]}}