{"id":44771,"date":"2022-08-22T01:59:55","date_gmt":"2022-08-22T05:59:55","guid":{"rendered":"https:\/\/inces.gob.ve\/?p=44771"},"modified":"2022-08-22T22:01:24","modified_gmt":"2022-08-23T02:01:24","slug":"falcon-inces-entrego-constancias-de-culminacion-a-40-peluqueras","status":"publish","type":"post","link":"https:\/\/inces.gob.ve\/index.php\/2022\/08\/22\/falcon-inces-entrego-constancias-de-culminacion-a-40-peluqueras\/","title":{"rendered":"FALC\u00d3N | Inces entreg\u00f3 constancias de culminaci\u00f3n a 40 peluqueras\u00a0"},"content":{"rendered":"<p style=\"text-align: justify;\"><em><strong><span style=\"font-size: 14pt; font-family: helvetica, arial, sans-serif;\">**Son mujeres emprendedoras que culminaron la ocupaci\u00f3n productiva: Corte de Cabello<\/span><\/strong><\/em><!--more--><\/p>\n<p style=\"text-align: justify;\">\n<p style=\"text-align: justify;\"><strong><span style=\"font-size: 14pt; font-family: helvetica, arial, sans-serif;\">MIRIAM GONZ\u00c1LEZ VILLARROEL<\/span><\/strong><br \/>\n<span style=\"font-size: 14pt; font-family: helvetica, arial, sans-serif;\">En los espacios del centro de formaci\u00f3n socialista (CFS) \u00abJos\u00e9 Leonardo Chirino\u00bb en Coro 40 participantes provenientes de distintos sectores del municipio Miranda, durante 186 horas obtuvieron los aprendizajes y las herramientas necesarias para ejercer la ocupaci\u00f3n productiva de Peluquer\u00eda, de la mano del talento t\u00e9cnico de la maestra Carmen Alicia Berm\u00fadez.\u00a0<\/span><\/p>\n<p style=\"text-align: justify;\">\n<p style=\"text-align: justify;\"><span style=\"font-size: 14pt; font-family: helvetica, arial, sans-serif;\">En consecuencia y luego de semanas de formaci\u00f3n y de pr\u00e1cticas,\u00a0 ayer las 40 emprendedoras recibieron constancias de culminaci\u00f3n de parte del equipo de trabajo del centro integrado por: Yared Andrade, Florimar Talavera y Ang\u00e9lica Jord\u00e1n.<\/span><\/p>\n<p style=\"text-align: justify;\">\n<p style=\"text-align: justify;\"><span style=\"font-size: 14pt; font-family: helvetica, arial, sans-serif;\">Este grupo de f\u00e9minas, durante el proceso formativo pusieron a la disposici\u00f3n de las comunidades del punto y c\u00edrculo\u00a0 y de comunidades de otros municipios como: Urumaco, Buchivacoa\u00a0 Colina, Zamora y Miranda los conocimientos obtenidos, atendiendo con cortes de cabellos a damas, caballeros,\u00a0 ni\u00f1os,\u00a0 adultos mayores; asimismo,\u00a0 a trabajadores del Inces y familiares con jornadas de embellecimiento.<\/span><\/p>\n<p style=\"text-align: justify;\">\n<p style=\"text-align: justify;\"><span style=\"font-size: 14pt; font-family: helvetica, arial, sans-serif;\">Explic\u00f3 el equipo de trabajo del centro de formaci\u00f3n,\u00a0 durante el proceso formativo tambi\u00e9n se acreditaron a l\u00edderes de la Misi\u00f3n Hogares de la Patria, quienes realizaron demostraci\u00f3n de saberes que consisti\u00f3 en aplicaci\u00f3n de tintes, cortes y secado de cabellos, arreglo de cejas, entre otros.<\/span><\/p>\n<p style=\"text-align: justify;\">\n<p style=\"text-align: justify;\"><span style=\"font-size: 14pt; font-family: helvetica, arial, sans-serif;\">Es importante destacar, que tanto \u00e9stos j\u00f3venes, mujeres y hombres\u00a0 que se forman en el Inces Falc\u00f3n,\u00a0 en las \u00e1reas de Barber\u00eda y Peluquer\u00eda vienen desempe\u00f1ando un arduo trabajo en las comunidades e instituciones de la regi\u00f3n.<\/span><\/p>\n<p style=\"text-align: justify;\">\n<p style=\"text-align: justify;\"><span style=\"font-size: 14pt; font-family: helvetica, arial, sans-serif;\">\u00abEstamos formando y produciendo, y es bastante gratificante ver a las personas contentas con los servicios que les brindamos, son personas que d\u00eda a d\u00eda agradecen la ate<\/span><\/p>\n","protected":false},"excerpt":{"rendered":"<p>**Son mujeres emprendedoras que culminaron la ocupaci\u00f3n productiva: Corte de Cabello<\/p>\n","protected":false},"author":4,"featured_media":44773,"comment_status":"closed","ping_status":"closed","sticky":false,"template":"","format":"standard","meta":{"footnotes":""},"categories":[2],"tags":[],"class_list":["post-44771","post","type-post","status-publish","format-standard","has-post-thumbnail","hentry","category-blog"],"_links":{"self":[{"href":"https:\/\/inces.gob.ve\/index.php\/wp-json\/wp\/v2\/posts\/44771","targetHints":{"allow":["GET"]}}],"collection":[{"href":"https:\/\/inces.gob.ve\/index.php\/wp-json\/wp\/v2\/posts"}],"about":[{"href":"https:\/\/inces.gob.ve\/index.php\/wp-json\/wp\/v2\/types\/post"}],"author":[{"embeddable":true,"href":"https:\/\/inces.gob.ve\/index.php\/wp-json\/wp\/v2\/users\/4"}],"replies":[{"embeddable":true,"href":"https:\/\/inces.gob.ve\/index.php\/wp-json\/wp\/v2\/comments?post=44771"}],"version-history":[{"count":1,"href":"https:\/\/inces.gob.ve\/index.php\/wp-json\/wp\/v2\/posts\/44771\/revisions"}],"predecessor-version":[{"id":44774,"href":"https:\/\/inces.gob.ve\/index.php\/wp-json\/wp\/v2\/posts\/44771\/revisions\/44774"}],"wp:featuredmedia":[{"embeddable":true,"href":"https:\/\/inces.gob.ve\/index.php\/wp-json\/wp\/v2\/media\/44773"}],"wp:attachment":[{"href":"https:\/\/inces.gob.ve\/index.php\/wp-json\/wp\/v2\/media?parent=44771"}],"wp:term":[{"taxonomy":"category","embeddable":true,"href":"https:\/\/inces.gob.ve\/index.php\/wp-json\/wp\/v2\/categories?post=44771"},{"taxonomy":"post_tag","embeddable":true,"href":"https:\/\/inces.gob.ve\/index.php\/wp-json\/wp\/v2\/tags?post=44771"}],"curies":[{"name":"wp","href":"https:\/\/api.w.org\/{rel}","templated":true}]}}