{"id":44780,"date":"2022-08-22T22:39:13","date_gmt":"2022-08-23T02:39:13","guid":{"rendered":"https:\/\/inces.gob.ve\/?p=44780"},"modified":"2022-08-22T22:39:13","modified_gmt":"2022-08-23T02:39:13","slug":"maracaibo-el-inces-arribo-a-su-63-aniversario-y-en-el-zulia-se-reconocio-la-labor-de-sus-trabajadores","status":"publish","type":"post","link":"https:\/\/inces.gob.ve\/index.php\/2022\/08\/22\/maracaibo-el-inces-arribo-a-su-63-aniversario-y-en-el-zulia-se-reconocio-la-labor-de-sus-trabajadores\/","title":{"rendered":"MARACAIBO | El Inces arrib\u00f3 a su 63 aniversario y en el Zulia se reconoci\u00f3 la labor de sus trabajadores"},"content":{"rendered":"<p style=\"text-align: justify;\"><strong><em><span style=\"font-size: 14pt; font-family: helvetica, arial, sans-serif;\">** Las bondades dela tecnolog\u00eda permitieron la conexi\u00f3n con la sede principal de la instituci\u00f3n<\/span><\/em><\/strong><br \/>\n<!--more--><\/p>\n<p style=\"text-align: justify;\"><span style=\"font-size: 14pt; font-family: helvetica, arial, sans-serif;\">Este lunes, en la sede del Instituto Nacional de Capacitaci\u00f3n y Educaci\u00f3n Socialista (Inces), en el Zulia, enlazados v\u00eda Zoom con la ministra del Poder Popular Para la Educaci\u00f3n, Yelitze Santaella y el viceministro de Comunidades Educativas y Uni\u00f3n con el Pueblo y a su vez presidente del ente, Wuikelman Angel Paredes, se celebr\u00f3 el 63 aniversario de la instituci\u00f3n.<\/span><\/p>\n<p>&nbsp;<\/p>\n<p style=\"text-align: justify;\"><span style=\"font-size: 14pt; font-family: helvetica, arial, sans-serif;\">El gerente regional, Jos\u00e9 Vicente Farias Echeverri, realiz\u00f3 un acto de entrega de botones a los trabajadoras y trabajadores por quinquenio desde los 5 a 35 a\u00f1os de servicio, sumado a los reconocimientos a los jefes de centro, por las metas alcanzadas en sus territorios.<\/span><\/p>\n<p>&nbsp;<\/p>\n<p><img loading=\"lazy\" decoding=\"async\" class=\"aligncenter wp-image-44785 size-large\" src=\"https:\/\/inces.gob.ve\/wp-content\/uploads\/2022\/08\/WhatsApp-Image-2022-08-22-at-10.35.07-PM-1024x683.jpeg\" alt=\"\" width=\"640\" height=\"427\" srcset=\"https:\/\/inces.gob.ve\/wp-content\/uploads\/2022\/08\/WhatsApp-Image-2022-08-22-at-10.35.07-PM-1024x683.jpeg 1024w, https:\/\/inces.gob.ve\/wp-content\/uploads\/2022\/08\/WhatsApp-Image-2022-08-22-at-10.35.07-PM-300x200.jpeg 300w, https:\/\/inces.gob.ve\/wp-content\/uploads\/2022\/08\/WhatsApp-Image-2022-08-22-at-10.35.07-PM-768x512.jpeg 768w, https:\/\/inces.gob.ve\/wp-content\/uploads\/2022\/08\/WhatsApp-Image-2022-08-22-at-10.35.07-PM-1536x1025.jpeg 1536w, https:\/\/inces.gob.ve\/wp-content\/uploads\/2022\/08\/WhatsApp-Image-2022-08-22-at-10.35.07-PM-272x182.jpeg 272w, https:\/\/inces.gob.ve\/wp-content\/uploads\/2022\/08\/WhatsApp-Image-2022-08-22-at-10.35.07-PM.jpeg 2048w\" sizes=\"auto, (max-width: 640px) 100vw, 640px\" \/><\/p>\n<p>&nbsp;<\/p>\n<p style=\"text-align: justify;\"><span style=\"font-size: 14pt; font-family: helvetica, arial, sans-serif;\">El presidente del Inces expres\u00f3: \u201cHan pasado 63 a\u00f1os de la genial creaci\u00f3n de nuestro Luis Beltr\u00e1n Prieto Figueroa, cuyo legado mantenemos en virtud de incorporar la formaci\u00f3n t\u00e9cnica profesional en todo el sistema educativo venezolano, desde la ideolog\u00eda de Sim\u00f3n Rodr\u00edguez: El aprender haciendo\u201d<\/span><\/p>\n<p>&nbsp;<\/p>\n<p><img loading=\"lazy\" decoding=\"async\" class=\"aligncenter wp-image-44782 size-large\" src=\"https:\/\/inces.gob.ve\/wp-content\/uploads\/2022\/08\/WhatsApp-Image-2022-08-22-at-10.35.05-PM-1024x683.jpeg\" alt=\"\" width=\"640\" height=\"427\" srcset=\"https:\/\/inces.gob.ve\/wp-content\/uploads\/2022\/08\/WhatsApp-Image-2022-08-22-at-10.35.05-PM-1024x683.jpeg 1024w, https:\/\/inces.gob.ve\/wp-content\/uploads\/2022\/08\/WhatsApp-Image-2022-08-22-at-10.35.05-PM-300x200.jpeg 300w, https:\/\/inces.gob.ve\/wp-content\/uploads\/2022\/08\/WhatsApp-Image-2022-08-22-at-10.35.05-PM-768x512.jpeg 768w, https:\/\/inces.gob.ve\/wp-content\/uploads\/2022\/08\/WhatsApp-Image-2022-08-22-at-10.35.05-PM-1536x1025.jpeg 1536w, https:\/\/inces.gob.ve\/wp-content\/uploads\/2022\/08\/WhatsApp-Image-2022-08-22-at-10.35.05-PM-272x182.jpeg 272w, https:\/\/inces.gob.ve\/wp-content\/uploads\/2022\/08\/WhatsApp-Image-2022-08-22-at-10.35.05-PM.jpeg 2048w\" sizes=\"auto, (max-width: 640px) 100vw, 640px\" \/><\/p>\n<p>&nbsp;<\/p>\n<p style=\"text-align: justify;\"><span style=\"font-size: 14pt; font-family: helvetica, arial, sans-serif;\">Por su parte, el gerente del Inces Zulia, indic\u00f3: Estamos unidos en amor y vocaci\u00f3n. Venezuela est\u00e1 destinada a ser un factor de paz y desarrollo y avanzamos a una \u00e9poca productiva, con el aporte de la formaci\u00f3n t\u00e9cnica y profesional Inces, que transforma vidas e impulsa la din\u00e1mica social\u201d.<\/span><\/p>\n<p>&nbsp;<\/p>\n<p>&nbsp;<\/p>\n<p><img loading=\"lazy\" decoding=\"async\" class=\"aligncenter wp-image-44783 size-large\" src=\"https:\/\/inces.gob.ve\/wp-content\/uploads\/2022\/08\/WhatsApp-Image-2022-08-22-at-10.35.06-PM1-1024x681.jpeg\" alt=\"\" width=\"640\" height=\"426\" srcset=\"https:\/\/inces.gob.ve\/wp-content\/uploads\/2022\/08\/WhatsApp-Image-2022-08-22-at-10.35.06-PM1-1024x681.jpeg 1024w, https:\/\/inces.gob.ve\/wp-content\/uploads\/2022\/08\/WhatsApp-Image-2022-08-22-at-10.35.06-PM1-300x200.jpeg 300w, https:\/\/inces.gob.ve\/wp-content\/uploads\/2022\/08\/WhatsApp-Image-2022-08-22-at-10.35.06-PM1-768x511.jpeg 768w, https:\/\/inces.gob.ve\/wp-content\/uploads\/2022\/08\/WhatsApp-Image-2022-08-22-at-10.35.06-PM1-1536x1022.jpeg 1536w, https:\/\/inces.gob.ve\/wp-content\/uploads\/2022\/08\/WhatsApp-Image-2022-08-22-at-10.35.06-PM1-272x182.jpeg 272w, https:\/\/inces.gob.ve\/wp-content\/uploads\/2022\/08\/WhatsApp-Image-2022-08-22-at-10.35.06-PM1.jpeg 2048w\" sizes=\"auto, (max-width: 640px) 100vw, 640px\" \/><\/p>\n","protected":false},"excerpt":{"rendered":"<p>** Las bondades dela tecnolog\u00eda permitieron la conexi\u00f3n con la sede principal de la instituci\u00f3n<\/p>\n","protected":false},"author":4,"featured_media":44784,"comment_status":"closed","ping_status":"closed","sticky":false,"template":"","format":"standard","meta":{"footnotes":""},"categories":[2],"tags":[],"class_list":["post-44780","post","type-post","status-publish","format-standard","has-post-thumbnail","hentry","category-blog"],"_links":{"self":[{"href":"https:\/\/inces.gob.ve\/index.php\/wp-json\/wp\/v2\/posts\/44780","targetHints":{"allow":["GET"]}}],"collection":[{"href":"https:\/\/inces.gob.ve\/index.php\/wp-json\/wp\/v2\/posts"}],"about":[{"href":"https:\/\/inces.gob.ve\/index.php\/wp-json\/wp\/v2\/types\/post"}],"author":[{"embeddable":true,"href":"https:\/\/inces.gob.ve\/index.php\/wp-json\/wp\/v2\/users\/4"}],"replies":[{"embeddable":true,"href":"https:\/\/inces.gob.ve\/index.php\/wp-json\/wp\/v2\/comments?post=44780"}],"version-history":[{"count":2,"href":"https:\/\/inces.gob.ve\/index.php\/wp-json\/wp\/v2\/posts\/44780\/revisions"}],"predecessor-version":[{"id":44994,"href":"https:\/\/inces.gob.ve\/index.php\/wp-json\/wp\/v2\/posts\/44780\/revisions\/44994"}],"wp:featuredmedia":[{"embeddable":true,"href":"https:\/\/inces.gob.ve\/index.php\/wp-json\/wp\/v2\/media\/44784"}],"wp:attachment":[{"href":"https:\/\/inces.gob.ve\/index.php\/wp-json\/wp\/v2\/media?parent=44780"}],"wp:term":[{"taxonomy":"category","embeddable":true,"href":"https:\/\/inces.gob.ve\/index.php\/wp-json\/wp\/v2\/categories?post=44780"},{"taxonomy":"post_tag","embeddable":true,"href":"https:\/\/inces.gob.ve\/index.php\/wp-json\/wp\/v2\/tags?post=44780"}],"curies":[{"name":"wp","href":"https:\/\/api.w.org\/{rel}","templated":true}]}}