{"id":44928,"date":"2022-08-23T19:28:07","date_gmt":"2022-08-23T23:28:07","guid":{"rendered":"https:\/\/inces.gob.ve\/?p=44928"},"modified":"2022-08-23T21:31:18","modified_gmt":"2022-08-24T01:31:18","slug":"yaracuy-familia-inces-celebra-el-63-aniversario-de-la-institucion","status":"publish","type":"post","link":"https:\/\/inces.gob.ve\/index.php\/2022\/08\/23\/yaracuy-familia-inces-celebra-el-63-aniversario-de-la-institucion\/","title":{"rendered":"YARACUY | Familia Inces celebra el 63 Aniversario de la instituci\u00f3n"},"content":{"rendered":"<p style=\"text-align: justify;\"><strong><span style=\"font-family: helvetica, arial, sans-serif; font-size: 14pt;\"><em>***Con misa de acci\u00f3n de gracia,<\/em><\/span><\/strong><span style=\"font-family: helvetica, arial, sans-serif; font-size: 14pt;\"><em><strong> entrega de reconocimientos y botones por a\u00f1os de servicio, inici\u00f3 la celebraci\u00f3n del aniversario N\u00b063<\/strong> <\/em><\/span><!--more--><\/p>\n<p>&nbsp;<\/p>\n<p style=\"text-align: justify;\"><span style=\"font-family: helvetica, arial, sans-serif; font-size: 14pt;\"><strong>YOLAICE VARGAS<\/strong><\/span><\/p>\n<p style=\"text-align: justify;\"><span style=\"font-family: helvetica, arial, sans-serif; font-size: 14pt;\">Con una emotiva misa de acci\u00f3n de gracias inici\u00f3 la celebraci\u00f3n del 63 aniversario del Instituto Nacional de Capacitaci\u00f3n y Educaci\u00f3n Socialista (Inces), en Yaracuy, en las instalaciones del Centro de Formaci\u00f3n Socialista San Felipe El Fuerte.<\/span><\/p>\n<p>&nbsp;<\/p>\n<p><img loading=\"lazy\" decoding=\"async\" class=\"wp-image-44930 size-full\" src=\"https:\/\/inces.gob.ve\/wp-content\/uploads\/2022\/08\/foto-1-1.jpg\" alt=\"\" width=\"640\" height=\"480\" srcset=\"https:\/\/inces.gob.ve\/wp-content\/uploads\/2022\/08\/foto-1-1.jpg 640w, https:\/\/inces.gob.ve\/wp-content\/uploads\/2022\/08\/foto-1-1-300x225.jpg 300w, https:\/\/inces.gob.ve\/wp-content\/uploads\/2022\/08\/foto-1-1-136x102.jpg 136w\" sizes=\"auto, (max-width: 640px) 100vw, 640px\" \/><\/p>\n<p>&nbsp;<\/p>\n<p style=\"text-align: justify;\"><span style=\"font-family: helvetica, arial, sans-serif; font-size: 14pt;\">Seguidamente se realiz\u00f3 un acto protocolar en donde se hizo entrega de botones por a\u00f1os de servicio as\u00ed como reconocimientos a los trabajadores y a distinguidas personalidades, quienes han contribuido en los procesos formativos de la instituci\u00f3n.<\/span><\/p>\n<p>&nbsp;<\/p>\n<p><img loading=\"lazy\" decoding=\"async\" class=\"wp-image-44931 size-full\" src=\"https:\/\/inces.gob.ve\/wp-content\/uploads\/2022\/08\/foto-6.jpg\" alt=\"\" width=\"640\" height=\"480\" srcset=\"https:\/\/inces.gob.ve\/wp-content\/uploads\/2022\/08\/foto-6.jpg 640w, https:\/\/inces.gob.ve\/wp-content\/uploads\/2022\/08\/foto-6-300x225.jpg 300w, https:\/\/inces.gob.ve\/wp-content\/uploads\/2022\/08\/foto-6-136x102.jpg 136w\" sizes=\"auto, (max-width: 640px) 100vw, 640px\" \/><\/p>\n<p>&nbsp;<\/p>\n<p style=\"text-align: justify;\"><span style=\"font-family: helvetica, arial, sans-serif; font-size: 14pt;\">Es de mencionar que este a\u00f1o 2022 adem\u00e1s se hizo entrega de botones al personal que les correspond\u00edan\u00a0 los a\u00f1os 2020 y 2021, a quienes debido a la pandemia no se les hab\u00eda otorgado.<\/span><\/p>\n<p>&nbsp;<\/p>\n<p style=\"text-align: justify;\"><span style=\"font-family: helvetica, arial, sans-serif; font-size: 14pt;\">El gerente regional del Inces Yaracuy, Dalvi Torrealba, manifest\u00f3 que despu\u00e9s de la pandemia el instituto se ha venido recuperando de manera progresiva, en cuanto a lo que tiene que ver con la infraestructura, as\u00ed como la activaci\u00f3n de programas formativos, y el Programa Nacional de Aprendizaje.<\/span><\/p>\n<p>&nbsp;<\/p>\n<p><img loading=\"lazy\" decoding=\"async\" class=\"wp-image-44933 size-full\" src=\"https:\/\/inces.gob.ve\/wp-content\/uploads\/2022\/08\/foto-4-1.jpg\" alt=\"\" width=\"640\" height=\"480\" srcset=\"https:\/\/inces.gob.ve\/wp-content\/uploads\/2022\/08\/foto-4-1.jpg 640w, https:\/\/inces.gob.ve\/wp-content\/uploads\/2022\/08\/foto-4-1-300x225.jpg 300w, https:\/\/inces.gob.ve\/wp-content\/uploads\/2022\/08\/foto-4-1-136x102.jpg 136w\" sizes=\"auto, (max-width: 640px) 100vw, 640px\" \/><\/p>\n<p style=\"text-align: justify;\"><span style=\"font-family: helvetica, arial, sans-serif; font-size: 14pt;\">Destac\u00f3 adem\u00e1s que, durante el primer semestre del a\u00f1o 2022, se realiz\u00f3 una tarea extraordinaria de formaci\u00f3n y certificaci\u00f3n de los bachilleres de la rep\u00fablica, as\u00ed como al personal docente, obrero y administrativo de la Zona Educativa, obedeciendo a los lineamientos emanados por el Jefe de Estado Venezolano, Nicol\u00e1s Maduro y del presidente del Inces, Wuikelman Angel Paredes.<\/span><\/p>\n<p>&nbsp;<\/p>\n<p style=\"text-align: justify;\"><span style=\"font-family: helvetica, arial, sans-serif; font-size: 14pt;\">De igual manera Torrealba\u00a0 se dirigi\u00f3 al personal \u00a0a fin de exhortarlosa seguir trabajando para hacer del Inces Yaracuy, una referencia a nivel nacional, en todos los \u00e1mbitos y programas que adelanta la instituci\u00f3n.<\/span><\/p>\n<p>&nbsp;<\/p>\n<p style=\"text-align: justify;\"><span style=\"font-family: helvetica, arial, sans-serif; font-size: 14pt;\">Durante la actividad la ministra del Poder Popular para la Educaci\u00f3n, Yelitze Santaella, expres\u00f3 palabras de felicitaciones a la gran familia Inces, en video conferencia transmitida a trav\u00e9s de zoom, anunci\u00f3 la entrega de titularidad a m\u00e1s de 4 mil trabajadores a nivel nacional, al tiempo que manifest\u00f3 que cada a\u00f1o se evaluar\u00e1 al personal para otorgarle la titularidad, destac\u00f3 que es un compromiso del Primer mandatario Nacional, Nicol\u00e1s Maduro.<\/span><\/p>\n<p>&nbsp;<\/p>\n<p style=\"text-align: justify;\"><span style=\"font-family: helvetica, arial, sans-serif; font-size: 14pt;\">Por su parte el presidente del Inces, Wuikelman Angel, durante su intervenci\u00f3n en el acto central de celebraci\u00f3n del 63 aniversario de la instituci\u00f3n, record\u00f3 la historia y evoluci\u00f3n del maestro Luis Beltr\u00e1n Prieto Figueroa, en cuanto a todos los procesos educativos y de trabajo que durante a\u00f1os forj\u00f3.<\/span><\/p>\n<p>&nbsp;<\/p>\n<p style=\"text-align: justify;\"><span style=\"font-family: helvetica, arial, sans-serif; font-size: 14pt;\">Resalt\u00f3 que, el maestro Prieto Figueroa, dej\u00f3 un legado lleno de obras, escribi\u00f3 al menos 75 libros con ideas muy avanzadas, ajustadas a la realidad que hoy atraviesa el pa\u00eds. Enfatiz\u00f3 que, el estudio y trabajo siempre deben ir unidos, puesto que nunca se deja de estudiar y menos de trabajar.<\/span><\/p>\n<p>&nbsp;<\/p>\n<p style=\"text-align: justify;\"><span style=\"font-family: helvetica, arial, sans-serif; font-size: 14pt;\">El presidente del Inces, asever\u00f3 que \u00a0se han dedicado a transformar la instituci\u00f3n, puliendo detalles, produciendo y trabajando para seguir avanzando hacia la nueva era, y dejar de lado el rentismo petrolero.<\/span><\/p>\n<p>&nbsp;<\/p>\n<p style=\"text-align: justify;\"><span style=\"font-family: helvetica, arial, sans-serif; font-size: 14pt;\">Cabe destacar que la celebraci\u00f3n del aniversario del Inces continuar\u00e1 con actividades deportivas, recreativas y agasajo para los trabajadores durante los pr\u00f3ximos d\u00edas.<\/span><\/p>\n","protected":false},"excerpt":{"rendered":"<p>***Con misa de acci\u00f3n de gracia, entrega de reconocimientos y botones por a\u00f1os de servicio, inici\u00f3 la celebraci\u00f3n del aniversario N\u00b063<\/p>\n","protected":false},"author":4,"featured_media":44929,"comment_status":"closed","ping_status":"closed","sticky":false,"template":"","format":"standard","meta":{"footnotes":""},"categories":[2],"tags":[],"class_list":["post-44928","post","type-post","status-publish","format-standard","has-post-thumbnail","hentry","category-blog"],"_links":{"self":[{"href":"https:\/\/inces.gob.ve\/index.php\/wp-json\/wp\/v2\/posts\/44928","targetHints":{"allow":["GET"]}}],"collection":[{"href":"https:\/\/inces.gob.ve\/index.php\/wp-json\/wp\/v2\/posts"}],"about":[{"href":"https:\/\/inces.gob.ve\/index.php\/wp-json\/wp\/v2\/types\/post"}],"author":[{"embeddable":true,"href":"https:\/\/inces.gob.ve\/index.php\/wp-json\/wp\/v2\/users\/4"}],"replies":[{"embeddable":true,"href":"https:\/\/inces.gob.ve\/index.php\/wp-json\/wp\/v2\/comments?post=44928"}],"version-history":[{"count":1,"href":"https:\/\/inces.gob.ve\/index.php\/wp-json\/wp\/v2\/posts\/44928\/revisions"}],"predecessor-version":[{"id":44934,"href":"https:\/\/inces.gob.ve\/index.php\/wp-json\/wp\/v2\/posts\/44928\/revisions\/44934"}],"wp:featuredmedia":[{"embeddable":true,"href":"https:\/\/inces.gob.ve\/index.php\/wp-json\/wp\/v2\/media\/44929"}],"wp:attachment":[{"href":"https:\/\/inces.gob.ve\/index.php\/wp-json\/wp\/v2\/media?parent=44928"}],"wp:term":[{"taxonomy":"category","embeddable":true,"href":"https:\/\/inces.gob.ve\/index.php\/wp-json\/wp\/v2\/categories?post=44928"},{"taxonomy":"post_tag","embeddable":true,"href":"https:\/\/inces.gob.ve\/index.php\/wp-json\/wp\/v2\/tags?post=44928"}],"curies":[{"name":"wp","href":"https:\/\/api.w.org\/{rel}","templated":true}]}}