{"id":44943,"date":"2022-08-21T21:53:35","date_gmt":"2022-08-22T01:53:35","guid":{"rendered":"https:\/\/inces.gob.ve\/?p=44943"},"modified":"2022-08-23T21:56:51","modified_gmt":"2022-08-24T01:56:51","slug":"amazonas-inces-desarrollo-una-jornada-social-en-la-casa-hogar-de-los-abuelos-carmen-martinez","status":"publish","type":"post","link":"https:\/\/inces.gob.ve\/index.php\/2022\/08\/21\/amazonas-inces-desarrollo-una-jornada-social-en-la-casa-hogar-de-los-abuelos-carmen-martinez\/","title":{"rendered":"AMAZONAS | Inces desarroll\u00f3 una jornada social en la casa hogar de los abuelos \u201cCarmen Mart\u00ednez\u201d"},"content":{"rendered":"<p style=\"text-align: justify;\" align=\"justify\"><span style=\"font-family: helvetica, arial, sans-serif; font-size: 14pt;\"><em><strong><span style=\"color: #050505;\">** Iniciaron las actividades aniversario<\/span><\/strong><\/em><!--more--><\/span><\/p>\n<p style=\"text-align: justify;\" align=\"justify\">\n<p style=\"text-align: justify;\"><span style=\"color: #050505; font-family: helvetica, arial, sans-serif; font-size: 14pt;\">En el marco del 63\u00b0 Aniversario del Inces, instituci\u00f3n presidida por Wuikelman Angel y conforme con la agenda nacional conmemorativa, se efectu\u00f3 una Jornada de Atenci\u00f3n Social Integral en el instituto religioso Casa Hogar \u201cCarmen Mart\u00ednez\u201d, ubicada en el Barrio Aramare de la ciudad de Puerto Ayacucho, como parte de la responsabilidad social que promueve la instituci\u00f3n, realizando actividades de sano esparcimiento, servicio de peluquer\u00eda y la donaci\u00f3n de alimentos no perecederos.<\/span><\/p>\n<p>&nbsp;<\/p>\n<p><img loading=\"lazy\" decoding=\"async\" class=\"aligncenter wp-image-44945 size-large\" src=\"https:\/\/inces.gob.ve\/wp-content\/uploads\/2022\/08\/20220818_102941-1024x768.jpg\" alt=\"\" width=\"640\" height=\"480\" srcset=\"https:\/\/inces.gob.ve\/wp-content\/uploads\/2022\/08\/20220818_102941-1024x768.jpg 1024w, https:\/\/inces.gob.ve\/wp-content\/uploads\/2022\/08\/20220818_102941-300x225.jpg 300w, https:\/\/inces.gob.ve\/wp-content\/uploads\/2022\/08\/20220818_102941-768x576.jpg 768w, https:\/\/inces.gob.ve\/wp-content\/uploads\/2022\/08\/20220818_102941-1536x1152.jpg 1536w, https:\/\/inces.gob.ve\/wp-content\/uploads\/2022\/08\/20220818_102941-2048x1536.jpg 2048w, https:\/\/inces.gob.ve\/wp-content\/uploads\/2022\/08\/20220818_102941-136x102.jpg 136w\" sizes=\"auto, (max-width: 640px) 100vw, 640px\" \/><\/p>\n<p style=\"text-align: justify;\"><span style=\"color: #050505; font-family: helvetica, arial, sans-serif; font-size: 14pt;\">Hicieron acto de presencia el equipo de la Gerencia Regional Amazonas, jefes de Centro, jefes de Divisi\u00f3n, coordinadores, responsables de los motores productivos, maestros t\u00e9cnicos productivos y personal obrero y administrativo. <\/span><\/p>\n<p>&nbsp;<\/p>\n<p style=\"text-align: justify;\"><span style=\"color: #050505; font-family: helvetica, arial, sans-serif; font-size: 14pt;\">Las palabras de bienvenida las ofreci\u00f3 el sr. Pedro Petit, encargado de la Casa de los Abuelos quien indic\u00f3: \u201cBienvenidos. Gracias por el donativo. Siempre vienen personas de buen coraz\u00f3n a realizar sus aportes, gracias a ellos los abuelos son atendidos muy bien; le ofrecemos su desayuno, almuerzo y cena, y esperamos tenerlos de vuelta nuevamente\u201d, mencion\u00f3. <\/span><\/p>\n<p>&nbsp;<\/p>\n<p style=\"text-align: justify;\"><span style=\"color: #050505; font-family: helvetica, arial, sans-serif; font-size: 14pt;\">Adem\u00e1s, los abuelos disfrutaron de una serenata, manicura y pedicura para finalizar el compartir de una merienda. <\/span><\/p>\n<p>&nbsp;<\/p>\n<p style=\"text-align: justify;\"><span style=\"color: #050505; font-family: helvetica, arial, sans-serif; font-size: 14pt;\">Cabe mencionar que la casa de los abuelos \u00abCarmen Mart\u00ednez\u201d, cuenta con una capacidad para atender a 13 abuelos pero actualmente solo conviven cinco, cuenta con un doctor que los asiste, siendo este espacio una instituci\u00f3n sin fines de lucro que acepta donaciones de personas de buen coraz\u00f3n.<\/span><\/p>\n","protected":false},"excerpt":{"rendered":"<p>** Iniciaron las actividades aniversario<\/p>\n","protected":false},"author":4,"featured_media":44946,"comment_status":"closed","ping_status":"closed","sticky":false,"template":"","format":"standard","meta":{"footnotes":""},"categories":[2],"tags":[],"class_list":["post-44943","post","type-post","status-publish","format-standard","has-post-thumbnail","hentry","category-blog"],"_links":{"self":[{"href":"https:\/\/inces.gob.ve\/index.php\/wp-json\/wp\/v2\/posts\/44943","targetHints":{"allow":["GET"]}}],"collection":[{"href":"https:\/\/inces.gob.ve\/index.php\/wp-json\/wp\/v2\/posts"}],"about":[{"href":"https:\/\/inces.gob.ve\/index.php\/wp-json\/wp\/v2\/types\/post"}],"author":[{"embeddable":true,"href":"https:\/\/inces.gob.ve\/index.php\/wp-json\/wp\/v2\/users\/4"}],"replies":[{"embeddable":true,"href":"https:\/\/inces.gob.ve\/index.php\/wp-json\/wp\/v2\/comments?post=44943"}],"version-history":[{"count":1,"href":"https:\/\/inces.gob.ve\/index.php\/wp-json\/wp\/v2\/posts\/44943\/revisions"}],"predecessor-version":[{"id":44947,"href":"https:\/\/inces.gob.ve\/index.php\/wp-json\/wp\/v2\/posts\/44943\/revisions\/44947"}],"wp:featuredmedia":[{"embeddable":true,"href":"https:\/\/inces.gob.ve\/index.php\/wp-json\/wp\/v2\/media\/44946"}],"wp:attachment":[{"href":"https:\/\/inces.gob.ve\/index.php\/wp-json\/wp\/v2\/media?parent=44943"}],"wp:term":[{"taxonomy":"category","embeddable":true,"href":"https:\/\/inces.gob.ve\/index.php\/wp-json\/wp\/v2\/categories?post=44943"},{"taxonomy":"post_tag","embeddable":true,"href":"https:\/\/inces.gob.ve\/index.php\/wp-json\/wp\/v2\/tags?post=44943"}],"curies":[{"name":"wp","href":"https:\/\/api.w.org\/{rel}","templated":true}]}}