{"id":44953,"date":"2022-08-23T22:23:51","date_gmt":"2022-08-24T02:23:51","guid":{"rendered":"https:\/\/inces.gob.ve\/?p=44953"},"modified":"2022-08-23T22:23:51","modified_gmt":"2022-08-24T02:23:51","slug":"carabobo-inces-militar-entrego-reconocimientos-a-personal-civil-y-castrense","status":"publish","type":"post","link":"https:\/\/inces.gob.ve\/index.php\/2022\/08\/23\/carabobo-inces-militar-entrego-reconocimientos-a-personal-civil-y-castrense\/","title":{"rendered":"CARABOBO | Inces Militar entreg\u00f3 reconocimientos a personal civil y castrense"},"content":{"rendered":"<p style=\"text-align: justify;\" align=\"justify\"><em><strong><span style=\"color: #050505; font-size: 14pt; font-family: helvetica, arial, sans-serif;\">** El evento cont\u00f3 la presencia del contralmirante Luis Ren\u00e9 Agreda Dur\u00e1n, director general de la instituci\u00f3n militar<\/span><\/strong><\/em><!--more--><\/p>\n<p align=\"justify\">\n<p style=\"text-align: justify;\" align=\"justify\"><strong><span style=\"color: #050505; font-size: 14pt; font-family: helvetica, arial, sans-serif;\">ATILIA CORTEZ CA\u00d1ADAS<\/span><\/strong><\/p>\n<p style=\"text-align: justify;\" align=\"justify\"><span style=\"color: #050505; font-size: 14pt; font-family: helvetica, arial, sans-serif;\">Desde el Centro de Formaci\u00f3n Socialista Luis Beltr\u00e1n Prieto Figueroa, en Valencia, el Inces Militar Carabobo entreg\u00f3 reconocimientos al personal militar y no militar que est\u00e1 adscrito a este programa y que colabora con la instituci\u00f3n, actividad que forma parte de la programaci\u00f3n del 63 Aniversario del Inces.<\/span><\/p>\n<p align=\"justify\">\n<p align=\"justify\"><img loading=\"lazy\" decoding=\"async\" class=\"aligncenter wp-image-44954 size-large\" src=\"https:\/\/inces.gob.ve\/wp-content\/uploads\/2022\/08\/WhatsApp-Image-2022-08-23-at-10.19.23-PM-1024x768.jpeg\" alt=\"\" width=\"640\" height=\"480\" srcset=\"https:\/\/inces.gob.ve\/wp-content\/uploads\/2022\/08\/WhatsApp-Image-2022-08-23-at-10.19.23-PM-1024x768.jpeg 1024w, https:\/\/inces.gob.ve\/wp-content\/uploads\/2022\/08\/WhatsApp-Image-2022-08-23-at-10.19.23-PM-300x225.jpeg 300w, https:\/\/inces.gob.ve\/wp-content\/uploads\/2022\/08\/WhatsApp-Image-2022-08-23-at-10.19.23-PM-768x576.jpeg 768w, https:\/\/inces.gob.ve\/wp-content\/uploads\/2022\/08\/WhatsApp-Image-2022-08-23-at-10.19.23-PM-136x102.jpeg 136w, https:\/\/inces.gob.ve\/wp-content\/uploads\/2022\/08\/WhatsApp-Image-2022-08-23-at-10.19.23-PM.jpeg 1080w\" sizes=\"auto, (max-width: 640px) 100vw, 640px\" \/><\/p>\n<p align=\"justify\">\n<p style=\"text-align: justify;\" align=\"justify\"><span style=\"color: #050505; font-size: 14pt; font-family: helvetica, arial, sans-serif;\">El evento cont\u00f3 con la presencia del contralmirante Luis Ren\u00e9 Agreda Dur\u00e1n, director general del Inces Militar, el coronel Daniel Parga Croquer, gerente regional de Inces Militar Carabobo, el licenciado Yorman Rosal, gerente regional de Inces Carabobo y otras autoridades castrenses.<\/span><\/p>\n<p align=\"justify\">\n<p align=\"justify\"><img loading=\"lazy\" decoding=\"async\" class=\"aligncenter wp-image-44955 size-large\" src=\"https:\/\/inces.gob.ve\/wp-content\/uploads\/2022\/08\/WhatsApp-Image-2022-08-23-at-10.19.22-PM-1024x768.jpeg\" alt=\"\" width=\"640\" height=\"480\" srcset=\"https:\/\/inces.gob.ve\/wp-content\/uploads\/2022\/08\/WhatsApp-Image-2022-08-23-at-10.19.22-PM-1024x768.jpeg 1024w, https:\/\/inces.gob.ve\/wp-content\/uploads\/2022\/08\/WhatsApp-Image-2022-08-23-at-10.19.22-PM-300x225.jpeg 300w, https:\/\/inces.gob.ve\/wp-content\/uploads\/2022\/08\/WhatsApp-Image-2022-08-23-at-10.19.22-PM-768x576.jpeg 768w, https:\/\/inces.gob.ve\/wp-content\/uploads\/2022\/08\/WhatsApp-Image-2022-08-23-at-10.19.22-PM-136x102.jpeg 136w, https:\/\/inces.gob.ve\/wp-content\/uploads\/2022\/08\/WhatsApp-Image-2022-08-23-at-10.19.22-PM.jpeg 1080w\" sizes=\"auto, (max-width: 640px) 100vw, 640px\" \/><\/p>\n<p align=\"justify\">\n<p align=\"justify\">\n<p style=\"text-align: justify;\" align=\"justify\"><span style=\"color: #050505; font-size: 14pt; font-family: helvetica, arial, sans-serif;\">Respecto al evento, el contralmirante Luis Ren\u00e9 Agreda explic\u00f3 la importancia de trabajar en equipo: \u00abTodos somos una misma familia Inces, la meta es la formaci\u00f3n y Carabobo por su ubicaci\u00f3n tiene mucho potencial y personal que atender\u201d.<\/span><\/p>\n<p align=\"justify\">\n<p align=\"justify\"><img loading=\"lazy\" decoding=\"async\" class=\"aligncenter wp-image-44956 size-large\" src=\"https:\/\/inces.gob.ve\/wp-content\/uploads\/2022\/08\/WhatsApp-Image-2022-08-23-at-10.19.21-PM-1024x768.jpeg\" alt=\"\" width=\"640\" height=\"480\" srcset=\"https:\/\/inces.gob.ve\/wp-content\/uploads\/2022\/08\/WhatsApp-Image-2022-08-23-at-10.19.21-PM-1024x768.jpeg 1024w, https:\/\/inces.gob.ve\/wp-content\/uploads\/2022\/08\/WhatsApp-Image-2022-08-23-at-10.19.21-PM-300x225.jpeg 300w, https:\/\/inces.gob.ve\/wp-content\/uploads\/2022\/08\/WhatsApp-Image-2022-08-23-at-10.19.21-PM-768x576.jpeg 768w, https:\/\/inces.gob.ve\/wp-content\/uploads\/2022\/08\/WhatsApp-Image-2022-08-23-at-10.19.21-PM-136x102.jpeg 136w, https:\/\/inces.gob.ve\/wp-content\/uploads\/2022\/08\/WhatsApp-Image-2022-08-23-at-10.19.21-PM.jpeg 1080w\" sizes=\"auto, (max-width: 640px) 100vw, 640px\" \/><\/p>\n<p align=\"justify\">\n<p style=\"text-align: justify;\" align=\"justify\"><span style=\"color: #050505; font-size: 14pt; font-family: helvetica, arial, sans-serif;\">Por su parte el el gerente regional de Inces Carabobo resalt\u00f3 que en el estado se han formado m\u00e1s de 21 mil participantes en diversos \u00e1mbitos de formaci\u00f3n y \u00abvenimos trabajando con Inces Militar con un gran ej\u00e9rcito de 600 maestros voluntarios y maestros t\u00e9cnicos productivos.<\/span><\/p>\n","protected":false},"excerpt":{"rendered":"<p>** El evento cont\u00f3 la presencia del contralmirante Luis Ren\u00e9 Agreda Dur\u00e1n, director general de la instituci\u00f3n militar<\/p>\n","protected":false},"author":4,"featured_media":44957,"comment_status":"closed","ping_status":"closed","sticky":false,"template":"","format":"standard","meta":{"footnotes":""},"categories":[2],"tags":[],"class_list":["post-44953","post","type-post","status-publish","format-standard","has-post-thumbnail","hentry","category-blog"],"_links":{"self":[{"href":"https:\/\/inces.gob.ve\/index.php\/wp-json\/wp\/v2\/posts\/44953","targetHints":{"allow":["GET"]}}],"collection":[{"href":"https:\/\/inces.gob.ve\/index.php\/wp-json\/wp\/v2\/posts"}],"about":[{"href":"https:\/\/inces.gob.ve\/index.php\/wp-json\/wp\/v2\/types\/post"}],"author":[{"embeddable":true,"href":"https:\/\/inces.gob.ve\/index.php\/wp-json\/wp\/v2\/users\/4"}],"replies":[{"embeddable":true,"href":"https:\/\/inces.gob.ve\/index.php\/wp-json\/wp\/v2\/comments?post=44953"}],"version-history":[{"count":1,"href":"https:\/\/inces.gob.ve\/index.php\/wp-json\/wp\/v2\/posts\/44953\/revisions"}],"predecessor-version":[{"id":44958,"href":"https:\/\/inces.gob.ve\/index.php\/wp-json\/wp\/v2\/posts\/44953\/revisions\/44958"}],"wp:featuredmedia":[{"embeddable":true,"href":"https:\/\/inces.gob.ve\/index.php\/wp-json\/wp\/v2\/media\/44957"}],"wp:attachment":[{"href":"https:\/\/inces.gob.ve\/index.php\/wp-json\/wp\/v2\/media?parent=44953"}],"wp:term":[{"taxonomy":"category","embeddable":true,"href":"https:\/\/inces.gob.ve\/index.php\/wp-json\/wp\/v2\/categories?post=44953"},{"taxonomy":"post_tag","embeddable":true,"href":"https:\/\/inces.gob.ve\/index.php\/wp-json\/wp\/v2\/tags?post=44953"}],"curies":[{"name":"wp","href":"https:\/\/api.w.org\/{rel}","templated":true}]}}