{"id":44983,"date":"2022-08-25T15:34:56","date_gmt":"2022-08-25T19:34:56","guid":{"rendered":"https:\/\/inces.gob.ve\/?p=44983"},"modified":"2023-03-09T07:15:51","modified_gmt":"2023-03-09T11:15:51","slug":"los-estudios-realizados-en-el-inces-sera-reconocidos-por-las-universidades","status":"publish","type":"post","link":"https:\/\/inces.gob.ve\/index.php\/2022\/08\/25\/los-estudios-realizados-en-el-inces-sera-reconocidos-por-las-universidades\/","title":{"rendered":"Los estudios realizados en el Inces ser\u00e1n reconocidos por las universidades"},"content":{"rendered":"<p style=\"text-align: justify;\" align=\"justify\"><span style=\"font-family: helvetica, arial, sans-serif; font-size: 14pt;\"><em><strong>** Del conocimiento t\u00e9cnico de los ciudadanos depende el desarrollo de los pa\u00edses<\/strong><\/em><!--more--><\/span><\/p>\n<p align=\"justify\"><span style=\"font-size: 14pt; font-family: helvetica, arial, sans-serif;\"><strong>Longina Tovar<\/strong><\/span><\/p>\n<p style=\"text-align: justify;\" align=\"justify\"><span style=\"font-family: helvetica, arial, sans-serif; font-size: 14pt;\">En la sede principal del Instituto Nacional de Capacitaci\u00f3n y Educaci\u00f3n Socialista (Inces) se reunieron rectores y representantes de universidades de todo el pa\u00eds, con el objetivo de escuchar la propuesta que hace la casa formativa en lo que respecta a la consolidaci\u00f3n de un trabajo conjunto que permita la articulaci\u00f3n entre el sistema universitario y la educaci\u00f3n y formaci\u00f3n t\u00e9cnica profesional.<\/span><\/p>\n<p align=\"justify\"><img loading=\"lazy\" decoding=\"async\" class=\"aligncenter wp-image-44963 size-large\" src=\"https:\/\/inces.gob.ve\/wp-content\/uploads\/2022\/08\/estudios-realizados-en-el-Inces-0-10-1--1024x683.jpg\" alt=\"\" width=\"640\" height=\"427\" srcset=\"https:\/\/inces.gob.ve\/wp-content\/uploads\/2022\/08\/estudios-realizados-en-el-Inces-0-10-1--1024x683.jpg 1024w, https:\/\/inces.gob.ve\/wp-content\/uploads\/2022\/08\/estudios-realizados-en-el-Inces-0-10-1--300x200.jpg 300w, https:\/\/inces.gob.ve\/wp-content\/uploads\/2022\/08\/estudios-realizados-en-el-Inces-0-10-1--768x512.jpg 768w, https:\/\/inces.gob.ve\/wp-content\/uploads\/2022\/08\/estudios-realizados-en-el-Inces-0-10-1--1536x1024.jpg 1536w, https:\/\/inces.gob.ve\/wp-content\/uploads\/2022\/08\/estudios-realizados-en-el-Inces-0-10-1--2048x1365.jpg 2048w, https:\/\/inces.gob.ve\/wp-content\/uploads\/2022\/08\/estudios-realizados-en-el-Inces-0-10-1--272x182.jpg 272w\" sizes=\"auto, (max-width: 640px) 100vw, 640px\" \/><\/p>\n<p style=\"text-align: justify;\" align=\"justify\"><span style=\"font-family: helvetica, arial, sans-serif; font-size: 14pt;\">La propuesta tiene como premisa el lograr la construcci\u00f3n de unidades curriculares que respondan a la realidad y demanda territorial y nacional, con el prop\u00f3sito de preparar a la juventud en ocupaciones productivas que sean requeridas, en principio, por las empresas que en su quehacer van de la mano con los motores priorizados de la Agenda Econ\u00f3mica Nacional Bolivariana.<\/span><\/p>\n<p>https:\/\/www.youtube.com\/watch?v=xQMbW3NSz5c&#038;feature=youtu.be<\/p>\n<p style=\"text-align: justify;\" align=\"justify\"><span style=\"font-family: helvetica, arial, sans-serif; font-size: 14pt;\">El viceministro de Comunidades Educativas y Uni\u00f3n con el Pueblo y presidente del Inces, Wuikelman Angel, insisti\u00f3 en la necesidad de dar su justo valor a la formaci\u00f3n t\u00e9cnica, en el entendido que de este tipo de capacitaci\u00f3n depende el desarrollo de los pa\u00edses.<\/span><\/p>\n<p align=\"justify\"><img loading=\"lazy\" decoding=\"async\" class=\"aligncenter wp-image-44970 size-large\" src=\"https:\/\/inces.gob.ve\/wp-content\/uploads\/2022\/08\/estudios-realizados-en-el-Inces-8--1024x683.jpg\" alt=\"\" width=\"640\" height=\"427\" srcset=\"https:\/\/inces.gob.ve\/wp-content\/uploads\/2022\/08\/estudios-realizados-en-el-Inces-8--1024x683.jpg 1024w, https:\/\/inces.gob.ve\/wp-content\/uploads\/2022\/08\/estudios-realizados-en-el-Inces-8--300x200.jpg 300w, https:\/\/inces.gob.ve\/wp-content\/uploads\/2022\/08\/estudios-realizados-en-el-Inces-8--768x512.jpg 768w, https:\/\/inces.gob.ve\/wp-content\/uploads\/2022\/08\/estudios-realizados-en-el-Inces-8--1536x1024.jpg 1536w, https:\/\/inces.gob.ve\/wp-content\/uploads\/2022\/08\/estudios-realizados-en-el-Inces-8--2048x1365.jpg 2048w, https:\/\/inces.gob.ve\/wp-content\/uploads\/2022\/08\/estudios-realizados-en-el-Inces-8--272x182.jpg 272w\" sizes=\"auto, (max-width: 640px) 100vw, 640px\" \/><\/p>\n<p style=\"text-align: justify;\" align=\"justify\"><span style=\"font-family: helvetica, arial, sans-serif; font-size: 14pt;\">Explic\u00f3 Angel: \u201cCon este encuentro queremos poner a disposici\u00f3n de las universidades nuestro manual de normas t\u00e9cnicas. Un amplio documento realizado por un grupo de profesionales de nuestras instituci\u00f3n, donde se expone una rigurosa metodolog\u00eda para la construcci\u00f3n de unidades curriculares, concebidas desde la metodolog\u00eda de proyecto, tomando en cuenta los saberes del pueblo\u201d.<\/span><\/p>\n<p style=\"text-align: justify;\" align=\"justify\"><span style=\"font-family: helvetica, arial, sans-serif; font-size: 14pt;\">Asimismo, el titular del Inces plante\u00f3 en la mesa de debate la posibilidad de que los estudios que se cursan en el Inces, y que son de alt\u00edsima calidad, sean reconocidos como equivalencia en el sistema nacional de universidades, propuesta recibida con benepl\u00e1cito y aprobada en una primera instancia por todas las universidades presentes.<\/span><\/p>\n<p align=\"justify\"><img loading=\"lazy\" decoding=\"async\" class=\"aligncenter wp-image-44971 size-large\" src=\"https:\/\/inces.gob.ve\/wp-content\/uploads\/2022\/08\/estudios-realizados-en-el-Inces-13--1024x683.jpg\" alt=\"\" width=\"640\" height=\"427\" srcset=\"https:\/\/inces.gob.ve\/wp-content\/uploads\/2022\/08\/estudios-realizados-en-el-Inces-13--1024x683.jpg 1024w, https:\/\/inces.gob.ve\/wp-content\/uploads\/2022\/08\/estudios-realizados-en-el-Inces-13--300x200.jpg 300w, https:\/\/inces.gob.ve\/wp-content\/uploads\/2022\/08\/estudios-realizados-en-el-Inces-13--768x512.jpg 768w, https:\/\/inces.gob.ve\/wp-content\/uploads\/2022\/08\/estudios-realizados-en-el-Inces-13--1536x1024.jpg 1536w, https:\/\/inces.gob.ve\/wp-content\/uploads\/2022\/08\/estudios-realizados-en-el-Inces-13--2048x1365.jpg 2048w, https:\/\/inces.gob.ve\/wp-content\/uploads\/2022\/08\/estudios-realizados-en-el-Inces-13--272x182.jpg 272w\" sizes=\"auto, (max-width: 640px) 100vw, 640px\" \/><\/p>\n<p style=\"text-align: justify;\" align=\"justify\"><span style=\"font-family: helvetica, arial, sans-serif; font-size: 14pt;\">Desde el Inces, dijo Angel, se est\u00e1 trabajando en la construcci\u00f3n de Proyectos de Formaci\u00f3n y Autoformaci\u00f3n Productiva en consonancia con el Cat\u00e1logo de Ocupaciones Productivas de Venezuela que visa el Instituto Nacional de Estad\u00edstica, trabajo que debe ser construido por universidades, misiones, escuelas t\u00e9cnicas y el mismo Inces y para el cual este \u00faltimo convoca a las universidades para trabajar en su realizaci\u00f3n.<\/span><\/p>\n<p style=\"text-align: justify;\" align=\"justify\"><span style=\"font-family: helvetica, arial, sans-serif; font-size: 14pt;\">Durante el derecho de palabra de las universidades todas consintieron el trabajar juntos en la construcci\u00f3n de nuevas unidades curriculares y vieron factible en un ciento por ciento el reconocer los estudios que hacen los j\u00f3venes en el Inces, tanto en la programaci\u00f3n ordinaria como el bachillerato productivo y el Programa Nacional de Aprendizaje.<\/span><\/p>\n<p align=\"justify\"><img loading=\"lazy\" decoding=\"async\" class=\"aligncenter wp-image-44969 size-large\" src=\"https:\/\/inces.gob.ve\/wp-content\/uploads\/2022\/08\/estudios-realizados-en-el-Inces-7--1024x683.jpg\" alt=\"\" width=\"640\" height=\"427\" srcset=\"https:\/\/inces.gob.ve\/wp-content\/uploads\/2022\/08\/estudios-realizados-en-el-Inces-7--1024x683.jpg 1024w, https:\/\/inces.gob.ve\/wp-content\/uploads\/2022\/08\/estudios-realizados-en-el-Inces-7--300x200.jpg 300w, https:\/\/inces.gob.ve\/wp-content\/uploads\/2022\/08\/estudios-realizados-en-el-Inces-7--768x512.jpg 768w, https:\/\/inces.gob.ve\/wp-content\/uploads\/2022\/08\/estudios-realizados-en-el-Inces-7--1536x1024.jpg 1536w, https:\/\/inces.gob.ve\/wp-content\/uploads\/2022\/08\/estudios-realizados-en-el-Inces-7--2048x1365.jpg 2048w, https:\/\/inces.gob.ve\/wp-content\/uploads\/2022\/08\/estudios-realizados-en-el-Inces-7--272x182.jpg 272w\" sizes=\"auto, (max-width: 640px) 100vw, 640px\" \/><\/p>\n<p style=\"text-align: justify;\"><span style=\"font-family: helvetica, arial, sans-serif; font-size: 14pt;\">Al finalizar la actividad, rectores y el titular del Inces, Wuikelman Angel acordaron una segunda reuni\u00f3n que les permita avanzar en la concreci\u00f3n de acciones que fortalezcan la formaci\u00f3n t\u00e9cnica que se imparte en las universidades, liceos, misiones y en el Inces .<\/span><\/p>\n<p>&nbsp;<\/p>\n<p><img loading=\"lazy\" decoding=\"async\" class=\"aligncenter wp-image-44968 size-large\" src=\"https:\/\/inces.gob.ve\/wp-content\/uploads\/2022\/08\/estudios-realizados-en-el-Inces-6--1024x683.jpg\" alt=\"\" width=\"640\" height=\"427\" srcset=\"https:\/\/inces.gob.ve\/wp-content\/uploads\/2022\/08\/estudios-realizados-en-el-Inces-6--1024x683.jpg 1024w, https:\/\/inces.gob.ve\/wp-content\/uploads\/2022\/08\/estudios-realizados-en-el-Inces-6--300x200.jpg 300w, https:\/\/inces.gob.ve\/wp-content\/uploads\/2022\/08\/estudios-realizados-en-el-Inces-6--768x512.jpg 768w, https:\/\/inces.gob.ve\/wp-content\/uploads\/2022\/08\/estudios-realizados-en-el-Inces-6--1536x1024.jpg 1536w, https:\/\/inces.gob.ve\/wp-content\/uploads\/2022\/08\/estudios-realizados-en-el-Inces-6--2048x1365.jpg 2048w, https:\/\/inces.gob.ve\/wp-content\/uploads\/2022\/08\/estudios-realizados-en-el-Inces-6--272x182.jpg 272w\" sizes=\"auto, (max-width: 640px) 100vw, 640px\" \/><\/p>\n<p style=\"text-align: justify;\" align=\"justify\"><span style=\"font-family: helvetica, arial, sans-serif; font-size: 14pt;\">Los rectores y representantes presentes en esta reuni\u00f3n fueron: por la Universidad Nacional Experimental de las Telecomunicaciones e Inform\u00e1tica, Carlos Berbeci Lucena; Universidad de Las Comunas, Richard Delgado; Universidad Experimental de la Gran Caracas, Rub\u00e9n Reinoso; Universidad Nacional del Transporte, Jorge Sierralta y la Universidad Nacional Experimental \u201cSim\u00f3n Rodr\u00edguez\u201d, Alejandrina Reyes.<\/span><\/p>\n<p style=\"text-align: justify;\" align=\"justify\"><span style=\"font-family: helvetica, arial, sans-serif; font-size: 14pt;\">Tambi\u00e9n asistieron la Universidad Nacional Experimental Polit\u00e9cnica de la Fuerza Armada Nacional, Sim\u00f3n Le\u00f3n Correa, Universidad Nacional del Ambiente \u201cFruto Vivas\u201d, Juan Manuel Parra; Universidad Venezolana de Hidrocarburos, Mirla Fonseca; Universidad Experimenta de la Seguridad; Universidad Polit\u00e9cnica Territorial del Estado M\u00e9rida \u201cKleber Ram\u00edrez\u201d, \u00c1ngel Ant\u00farez; Universidad Nacional de Los Llanos R\u00f3mulo Gallegos, Jos\u00e9 \u00c1ngel Torrealba.<\/span><\/p>\n","protected":false},"excerpt":{"rendered":"<p>** Del conocimiento t\u00e9cnico de los ciudadanos depende el desarrollo de los pa\u00edses<\/p>\n","protected":false},"author":4,"featured_media":44964,"comment_status":"closed","ping_status":"closed","sticky":false,"template":"","format":"standard","meta":{"footnotes":""},"categories":[2],"tags":[],"class_list":["post-44983","post","type-post","status-publish","format-standard","has-post-thumbnail","hentry","category-blog"],"_links":{"self":[{"href":"https:\/\/inces.gob.ve\/index.php\/wp-json\/wp\/v2\/posts\/44983","targetHints":{"allow":["GET"]}}],"collection":[{"href":"https:\/\/inces.gob.ve\/index.php\/wp-json\/wp\/v2\/posts"}],"about":[{"href":"https:\/\/inces.gob.ve\/index.php\/wp-json\/wp\/v2\/types\/post"}],"author":[{"embeddable":true,"href":"https:\/\/inces.gob.ve\/index.php\/wp-json\/wp\/v2\/users\/4"}],"replies":[{"embeddable":true,"href":"https:\/\/inces.gob.ve\/index.php\/wp-json\/wp\/v2\/comments?post=44983"}],"version-history":[{"count":7,"href":"https:\/\/inces.gob.ve\/index.php\/wp-json\/wp\/v2\/posts\/44983\/revisions"}],"predecessor-version":[{"id":49637,"href":"https:\/\/inces.gob.ve\/index.php\/wp-json\/wp\/v2\/posts\/44983\/revisions\/49637"}],"wp:featuredmedia":[{"embeddable":true,"href":"https:\/\/inces.gob.ve\/index.php\/wp-json\/wp\/v2\/media\/44964"}],"wp:attachment":[{"href":"https:\/\/inces.gob.ve\/index.php\/wp-json\/wp\/v2\/media?parent=44983"}],"wp:term":[{"taxonomy":"category","embeddable":true,"href":"https:\/\/inces.gob.ve\/index.php\/wp-json\/wp\/v2\/categories?post=44983"},{"taxonomy":"post_tag","embeddable":true,"href":"https:\/\/inces.gob.ve\/index.php\/wp-json\/wp\/v2\/tags?post=44983"}],"curies":[{"name":"wp","href":"https:\/\/api.w.org\/{rel}","templated":true}]}}