{"id":45017,"date":"2022-08-23T11:09:38","date_gmt":"2022-08-23T15:09:38","guid":{"rendered":"https:\/\/inces.gob.ve\/?p=45017"},"modified":"2022-08-25T13:11:33","modified_gmt":"2022-08-25T17:11:33","slug":"aragua-inces-presente-en-la-1era-convencion-empresarial-y-agroalimentaria-de-venezuela-2022-ceav","status":"publish","type":"post","link":"https:\/\/inces.gob.ve\/index.php\/2022\/08\/23\/aragua-inces-presente-en-la-1era-convencion-empresarial-y-agroalimentaria-de-venezuela-2022-ceav\/","title":{"rendered":"ARAGUA | Inces presente en la 1era Convenci\u00f3n Empresarial y Agroalimentaria de Venezuela 2022 (CEAV)"},"content":{"rendered":"<p align=\"justify\"><span style=\"font-family: helvetica, arial, sans-serif; font-size: 14pt;\">*<i><b>* Este encuentro sirvi\u00f3 como un espacio para concretar acuerdos y fomentar la inversi\u00f3n en nuevos emprendimientos<\/b><\/i><!--more--><\/span><\/p>\n<p align=\"justify\"><span style=\"font-size: 14pt; font-family: helvetica, arial, sans-serif;\">NINOSKA PATRIZ <\/span><\/p>\n<p align=\"justify\"><span style=\"font-size: 14pt; font-family: helvetica, arial, sans-serif;\">Desde el Parque Recreacional Carlos Ra\u00fal Villanueva (antiguo Country Club de Maracay), junto a m\u00e1s de 50 expositores, p\u00fablicos y privados, Inces Aragua demostr\u00f3 sus capacidades productivas, en servicios y venta de diversos rubros. <\/span><\/p>\n<p align=\"justify\"><span style=\"font-size: 14pt; font-family: helvetica, arial, sans-serif;\">Luego de afrontar dos a\u00f1os de pandemia, aunado al bloqueo econ\u00f3mico que afect\u00f3 considerablemente las finanzas y la estabilidad del pa\u00eds, la conferencia represent\u00f3 una oportunidad para seguir fortaleciendo la econom\u00eda del estado y del pa\u00eds.<\/span><\/p>\n<p align=\"justify\"><img loading=\"lazy\" decoding=\"async\" class=\"aligncenter wp-image-45021 \" src=\"https:\/\/inces.gob.ve\/wp-content\/uploads\/2022\/08\/Convencion-Empresarial-y-Agro-4-.jpeg\" alt=\"\" width=\"394\" height=\"700\" srcset=\"https:\/\/inces.gob.ve\/wp-content\/uploads\/2022\/08\/Convencion-Empresarial-y-Agro-4-.jpeg 563w, https:\/\/inces.gob.ve\/wp-content\/uploads\/2022\/08\/Convencion-Empresarial-y-Agro-4--169x300.jpeg 169w, https:\/\/inces.gob.ve\/wp-content\/uploads\/2022\/08\/Convencion-Empresarial-y-Agro-4--432x768.jpeg 432w\" sizes=\"auto, (max-width: 394px) 100vw, 394px\" \/><\/p>\n<p align=\"justify\"><span style=\"font-size: 14pt; font-family: helvetica, arial, sans-serif;\">En la CEAV, se cont\u00f3 con la presencia de m\u00e1s de 15 instituciones nacionales y regionales y entre ellos nuestra casa formativa. En este sentido se brind\u00f3 atenci\u00f3n y acompa\u00f1amiento a los emprendedores, empresarios y agroproductores en torno a la organizaci\u00f3n, entrega de permisolog\u00edas y todos los requisitos necesarios para el desarrollo de su actividad productiva.<img loading=\"lazy\" decoding=\"async\" class=\"aligncenter wp-image-45020 size-full\" src=\"https:\/\/inces.gob.ve\/wp-content\/uploads\/2022\/08\/Convencion-Empresarial-y-Agro-3-e1661447244233.jpeg\" alt=\"\" width=\"600\" height=\"449\" \/><\/span><\/p>\n<p align=\"justify\"><span style=\"font-size: 14pt; font-family: helvetica, arial, sans-serif;\">Algunas de estas instituciones presentes durante la convenci\u00f3n fueron: el Saren, Sundde, Sapi, Sencamer, Bomberos, Servicio Aut\u00f3nomo de Contralor\u00eda Sanitaria (Sacs), Servicio Tributario de Aragua (Seta), Inapymi, Pdval, Mercal, ALAS, Ministerio de Alimentaci\u00f3n, Ministerio de Agricultura, INTI, INEA, Sunagro, Inces, Mintur- INATUR, Insai, Ministerio de Comercio, Cincatesa, la empresa estadal Ar\u00e1mica y de manera especial el Inces Regi\u00f3n Aragua.<\/span><\/p>\n<p align=\"justify\"><img loading=\"lazy\" decoding=\"async\" class=\"aligncenter wp-image-45018 \" src=\"https:\/\/inces.gob.ve\/wp-content\/uploads\/2022\/08\/Convencion-Empresarial-y-Agro--e1661447270680.jpeg\" alt=\"\" width=\"659\" height=\"299\" \/><\/p>\n<p align=\"justify\"><span style=\"font-size: 14pt; font-family: helvetica, arial, sans-serif;\">Por su parte la Doctora Karina Carpio, gobernadora de la entidad, resalt\u00f3 la importancia que tiene este evento para el desarrollo agroalimentario, porque a su juicio \u201cla participaci\u00f3n es amplia de hombres y mujeres que creyeron en un sue\u00f1o y hoy lo ven materializado\u201d, la autoridad m\u00e1xima de la capital arag\u00fce\u00f1a tambi\u00e9n expres\u00f3: \u201cEs indudable el potencial que tiene el estado Aragua\u201d. <\/span><\/p>\n","protected":false},"excerpt":{"rendered":"<p>** Este encuentro sirvi\u00f3 como un espacio para concretar acuerdos y fomentar la inversi\u00f3n en nuevos emprendimientos<\/p>\n","protected":false},"author":15,"featured_media":45019,"comment_status":"closed","ping_status":"closed","sticky":false,"template":"","format":"standard","meta":{"footnotes":""},"categories":[2],"tags":[],"class_list":["post-45017","post","type-post","status-publish","format-standard","has-post-thumbnail","hentry","category-blog"],"_links":{"self":[{"href":"https:\/\/inces.gob.ve\/index.php\/wp-json\/wp\/v2\/posts\/45017","targetHints":{"allow":["GET"]}}],"collection":[{"href":"https:\/\/inces.gob.ve\/index.php\/wp-json\/wp\/v2\/posts"}],"about":[{"href":"https:\/\/inces.gob.ve\/index.php\/wp-json\/wp\/v2\/types\/post"}],"author":[{"embeddable":true,"href":"https:\/\/inces.gob.ve\/index.php\/wp-json\/wp\/v2\/users\/15"}],"replies":[{"embeddable":true,"href":"https:\/\/inces.gob.ve\/index.php\/wp-json\/wp\/v2\/comments?post=45017"}],"version-history":[{"count":2,"href":"https:\/\/inces.gob.ve\/index.php\/wp-json\/wp\/v2\/posts\/45017\/revisions"}],"predecessor-version":[{"id":45023,"href":"https:\/\/inces.gob.ve\/index.php\/wp-json\/wp\/v2\/posts\/45017\/revisions\/45023"}],"wp:featuredmedia":[{"embeddable":true,"href":"https:\/\/inces.gob.ve\/index.php\/wp-json\/wp\/v2\/media\/45019"}],"wp:attachment":[{"href":"https:\/\/inces.gob.ve\/index.php\/wp-json\/wp\/v2\/media?parent=45017"}],"wp:term":[{"taxonomy":"category","embeddable":true,"href":"https:\/\/inces.gob.ve\/index.php\/wp-json\/wp\/v2\/categories?post=45017"},{"taxonomy":"post_tag","embeddable":true,"href":"https:\/\/inces.gob.ve\/index.php\/wp-json\/wp\/v2\/tags?post=45017"}],"curies":[{"name":"wp","href":"https:\/\/api.w.org\/{rel}","templated":true}]}}