{"id":45024,"date":"2022-08-23T13:18:34","date_gmt":"2022-08-23T17:18:34","guid":{"rendered":"https:\/\/inces.gob.ve\/?p=45024"},"modified":"2022-08-25T13:19:25","modified_gmt":"2022-08-25T17:19:25","slug":"cojedes-con-justas-deportivas-celebran-los-63-anos-del-inces","status":"publish","type":"post","link":"https:\/\/inces.gob.ve\/index.php\/2022\/08\/23\/cojedes-con-justas-deportivas-celebran-los-63-anos-del-inces\/","title":{"rendered":"COJEDES | Con justas deportivas celebran los 63 a\u00f1os del Inces"},"content":{"rendered":"<p style=\"text-align: justify;\" align=\"justify\"><em><strong><span style=\"font-size: large; font-family: helvetica, arial, sans-serif;\">** Entre disciplinas deportivas y\u00a0 gastronom\u00eda llanera, se desarroll\u00f3 otro compartir aniversario.<\/span><\/strong><\/em><!--more--><\/p>\n<p style=\"text-align: justify;\" align=\"justify\"><a name=\"m_1990175596117641878__GoBack\"><\/a><span style=\"font-size: large; font-family: helvetica, arial, sans-serif;\"> Como parte de la celebraci\u00f3n de los 63 a\u00f1os del Instituto Nacional de Capacitaci\u00f3n y Educaci\u00f3n Socialista Inces, en Cojedes se llev\u00f3 a cabo la justa deportiva y recreativa en las instalaciones del Centro de Formaci\u00f3n Socialista (CFS) Jos\u00e9 Laurencio Silva (Inces Agr\u00edcola), ubicado en las afueras de la ciudad de San Carlos.<\/span><\/p>\n<p style=\"text-align: justify;\" align=\"justify\"><span style=\"font-size: large; font-family: helvetica, arial, sans-serif;\">Las disciplinas deportivas incluyeron voleibol, ajedrez, domino, bolas criollas, futbol\u00a0 \u00a0femenino y masculino. Los encuentros se desarrollaron desde tempranas horas de la ma\u00f1ana con la participaci\u00f3n del gerente regional, personal administrativo, obrero, maestros y los aprendices que pertenecen a los diferentes perfiles productivos; quienes al finalizar dicho encuentro atl\u00e9tico compartieron como gran familia Inces, un delicioso hervido criollo, al mejor estilo llanero. \u00a0 <img loading=\"lazy\" decoding=\"async\" class=\"aligncenter wp-image-45027 size-full\" src=\"https:\/\/inces.gob.ve\/wp-content\/uploads\/2022\/08\/celebran-los-63-anos-del-Inces-4--e1661447804173.jpg\" alt=\"\" width=\"800\" height=\"449\" \/><\/span><\/p>\n<p style=\"text-align: justify;\" align=\"justify\"><span style=\"font-size: large; font-family: helvetica, arial, sans-serif;\">Jos\u00e9 Antonio Mart\u00ednez, gerente regional del Inces en Cojedes, destac\u00f3 en su mensaje inaugural que tanto \u00e9ste, como los otros eventos, realizados en el marco del mes aniversario, son promovidos por el presidente de la instituci\u00f3n Wuikelman \u00c1ngel Paredes, junto a los compa\u00f1eros del Inces sede, quienes ejecutan pol\u00edticas y estrategias orientadas a fortalecer la uni\u00f3n arm\u00f3nica de la comunidad laboral, de la cual se espera una participaci\u00f3n motivada y comprometida.\u00a0\u00a0<\/span><\/p>\n<p align=\"justify\"><img loading=\"lazy\" decoding=\"async\" class=\"aligncenter wp-image-45026 size-full\" src=\"https:\/\/inces.gob.ve\/wp-content\/uploads\/2022\/08\/celebran-los-63-anos-del-Inces-2--e1661447823183.jpg\" alt=\"\" width=\"800\" height=\"449\" \/><\/p>\n<p style=\"text-align: justify;\" align=\"justify\"><span style=\"font-family: helvetica, arial, sans-serif;\">\u201c<span style=\"font-size: large;\"><span lang=\"es-VE\">Hoy todos somos ganadores, hemos tenido un excelente encuentro en donde prevalece la familiaridad, armon\u00eda y un genuino entusiasmo naciente de la celebraci\u00f3n de un a\u00f1o m\u00e1s de nuestra formativa y pedag\u00f3gica instituci\u00f3n y lo que nos caracteriza de ella\u201d. <\/span><\/span><\/span><\/p>\n","protected":false},"excerpt":{"rendered":"<p>** Entre disciplinas deportivas y\u00a0 gastronom\u00eda llanera, se desarroll\u00f3 otro compartir aniversario.<\/p>\n","protected":false},"author":15,"featured_media":45025,"comment_status":"closed","ping_status":"closed","sticky":false,"template":"","format":"standard","meta":{"footnotes":""},"categories":[2],"tags":[],"class_list":["post-45024","post","type-post","status-publish","format-standard","has-post-thumbnail","hentry","category-blog"],"_links":{"self":[{"href":"https:\/\/inces.gob.ve\/index.php\/wp-json\/wp\/v2\/posts\/45024","targetHints":{"allow":["GET"]}}],"collection":[{"href":"https:\/\/inces.gob.ve\/index.php\/wp-json\/wp\/v2\/posts"}],"about":[{"href":"https:\/\/inces.gob.ve\/index.php\/wp-json\/wp\/v2\/types\/post"}],"author":[{"embeddable":true,"href":"https:\/\/inces.gob.ve\/index.php\/wp-json\/wp\/v2\/users\/15"}],"replies":[{"embeddable":true,"href":"https:\/\/inces.gob.ve\/index.php\/wp-json\/wp\/v2\/comments?post=45024"}],"version-history":[{"count":2,"href":"https:\/\/inces.gob.ve\/index.php\/wp-json\/wp\/v2\/posts\/45024\/revisions"}],"predecessor-version":[{"id":45029,"href":"https:\/\/inces.gob.ve\/index.php\/wp-json\/wp\/v2\/posts\/45024\/revisions\/45029"}],"wp:featuredmedia":[{"embeddable":true,"href":"https:\/\/inces.gob.ve\/index.php\/wp-json\/wp\/v2\/media\/45025"}],"wp:attachment":[{"href":"https:\/\/inces.gob.ve\/index.php\/wp-json\/wp\/v2\/media?parent=45024"}],"wp:term":[{"taxonomy":"category","embeddable":true,"href":"https:\/\/inces.gob.ve\/index.php\/wp-json\/wp\/v2\/categories?post=45024"},{"taxonomy":"post_tag","embeddable":true,"href":"https:\/\/inces.gob.ve\/index.php\/wp-json\/wp\/v2\/tags?post=45024"}],"curies":[{"name":"wp","href":"https:\/\/api.w.org\/{rel}","templated":true}]}}