{"id":45032,"date":"2022-08-24T13:24:23","date_gmt":"2022-08-24T17:24:23","guid":{"rendered":"https:\/\/inces.gob.ve\/?p=45032"},"modified":"2022-08-25T13:47:12","modified_gmt":"2022-08-25T17:47:12","slug":"trujillo-inces-trabajadores-recibieron-botones-por-anos-de-servicio","status":"publish","type":"post","link":"https:\/\/inces.gob.ve\/index.php\/2022\/08\/24\/trujillo-inces-trabajadores-recibieron-botones-por-anos-de-servicio\/","title":{"rendered":"Trujillo \/ Inces  Trabajadores recibieron botones por a\u00f1os de servicio"},"content":{"rendered":"<p align=\"justify\"><span style=\"font-size: large; font-family: helvetica, arial, sans-serif;\"><i><b>** El personal con 30, 25, 20, 15,10 y 5 a\u00f1os de servicio esper\u00f3 con alegr\u00eda a que las autoridades hicieran la imposici\u00f3n del bot\u00f3n por distinci\u00f3n de a\u00f1os de servicio por quinquenio, tal como lo establece la contrataci\u00f3n colectiva<\/b><\/i><\/span><!--more--><\/p>\n<p align=\"justify\"><span style=\"font-size: large; font-family: helvetica, arial, sans-serif;\">MAR\u00cdA CABRERA<\/span><\/p>\n<p align=\"justify\"><span style=\"font-size: large; font-family: helvetica, arial, sans-serif;\">El d\u00eda central de nuestro aniversario, lleno de buena vibra, sirvi\u00f3 de marco para la entrega de botones por a\u00f1os de servicio y placas de reconocimientos a los invitados en la sesi\u00f3n especial que el Consejo Legislativo del Estado y la Gobernaci\u00f3n de Trujillo rindieron en honor al Inces y sus trabajadores en su 63 aniversario. <\/span><\/p>\n<p align=\"justify\"><span style=\"font-size: large; font-family: helvetica, arial, sans-serif;\">En medio de la festividad donde los asistentes, invitados de honor y los trabajadores del Inces-Trujillo se entregaron los botones por a\u00f1os de servicios: 30, 25, 20, 15,10 y 5 a\u00f1os tan esperada por los asistentes que atentos no se perdieron ni un momento del evento.<\/span><\/p>\n<p align=\"justify\"><img loading=\"lazy\" decoding=\"async\" class=\"aligncenter wp-image-45046 size-full\" src=\"https:\/\/inces.gob.ve\/wp-content\/uploads\/2022\/08\/imposicion-del-boton-1--e1661449376277.jpg\" alt=\"\" width=\"800\" height=\"600\" \/><\/p>\n<p align=\"justify\"><span style=\"font-size: large; font-family: helvetica, arial, sans-serif;\">Los primeros en ser llamados fueron: Jaime Colls y Marlene Riveros ambos con 30 a\u00f1os servicios, quienes sonrientes y felices recibieron el aplauso de los trabajadores mientras se le impon\u00edan el bot\u00f3n; manifestaron sentirse \u201ccomprometidos, y honrados porque la casa a la que le han dedicado su vida, los condecora y se acuerda de ellos\u201d.<\/span><\/p>\n<p align=\"justify\"><img loading=\"lazy\" decoding=\"async\" class=\"aligncenter wp-image-45045 size-full\" src=\"https:\/\/inces.gob.ve\/wp-content\/uploads\/2022\/08\/imposicion-del-boton7--e1661449398260.jpg\" alt=\"\" width=\"800\" height=\"600\" \/><\/p>\n<p align=\"justify\"><span style=\"font-size: large; font-family: helvetica, arial, sans-serif;\">Acto seguido le toc\u00f3 el turno a Evelin Segovia y Ram\u00f3n V\u00e1zquez con 25 a\u00f1os del PNA y Talento Humano respectivamente, quienes visiblemente emocionados dijeron \u201csentirse alegres y satisfechos porque han servido a la patria, complacido que bien se paga por el bien\u201d.<\/span><\/p>\n<p align=\"justify\"><img loading=\"lazy\" decoding=\"async\" class=\"aligncenter wp-image-45042 \" src=\"https:\/\/inces.gob.ve\/wp-content\/uploads\/2022\/08\/imposicion-del-boton3.jpg\" alt=\"\" width=\"574\" height=\"766\" srcset=\"https:\/\/inces.gob.ve\/wp-content\/uploads\/2022\/08\/imposicion-del-boton3.jpg 780w, https:\/\/inces.gob.ve\/wp-content\/uploads\/2022\/08\/imposicion-del-boton3-225x300.jpg 225w, https:\/\/inces.gob.ve\/wp-content\/uploads\/2022\/08\/imposicion-del-boton3-768x1024.jpg 768w, https:\/\/inces.gob.ve\/wp-content\/uploads\/2022\/08\/imposicion-del-boton3-576x768.jpg 576w\" sizes=\"auto, (max-width: 574px) 100vw, 574px\" \/><\/p>\n<p align=\"justify\"><span style=\"font-size: large; font-family: helvetica, arial, sans-serif;\">El evento prosigui\u00f3 con la entrega del resto de los botones por a\u00f1os de servicio, donde, adem\u00e1s, Elo\u00edsa Abreu, ex integrante de la Coral Inces interpreto para los invitados de honor y los trabajadores del laureado compositor Laudelino Mej\u00edas, \u201cConticinio\u201d.<img loading=\"lazy\" decoding=\"async\" class=\"aligncenter wp-image-45040 size-full\" src=\"https:\/\/inces.gob.ve\/wp-content\/uploads\/2022\/08\/imposicion-del-boton-8-e1661449454581.jpg\" alt=\"\" width=\"800\" height=\"600\" \/> <\/span><\/p>\n<p align=\"justify\"><span style=\"font-size: large; font-family: helvetica, arial, sans-serif;\">En la misma, se le entreg\u00f3 placas de reconocimientos y diplomas a Desarrollo Social del Estado, Bus Trujillo, Farmapatria, ZODI, INDET quienes han sido las instituciones consecuentes en los \u00faltimos meses con el Inces \u2013Trujillo en especial, para concretar planes en beneficios de las mayor\u00edas. <\/span><\/p>\n<p align=\"justify\"><span style=\"font-size: large; font-family: helvetica, arial, sans-serif;\">La culminaci\u00f3n de esta parte del programa culmino la interpretaci\u00f3n del cumplea\u00f1os feliz que se realiz\u00f3 con la ayuda de trabajadores Gerente Regional, Alexis Brice\u00f1o, Reina de M\u00e1rquez, Primera Combatiente del Estado, Carlos Iglesias presidente del CLET, Ang\u00e9lica Mor\u00f3n directora de Desarrollo Social, y dem\u00e1s invitados de honor<\/span><\/p>\n","protected":false},"excerpt":{"rendered":"<p>** El personal con 30, 25, 20, 15,10 y 5 a\u00f1os de servicio esper\u00f3 con alegr\u00eda a que las autoridades hicieran la imposici\u00f3n del bot\u00f3n por distinci\u00f3n de a\u00f1os de servicio por quinquenio, tal como lo establece la contrataci\u00f3n colectiva<\/p>\n","protected":false},"author":15,"featured_media":45041,"comment_status":"closed","ping_status":"closed","sticky":false,"template":"","format":"standard","meta":{"footnotes":""},"categories":[2],"tags":[],"class_list":["post-45032","post","type-post","status-publish","format-standard","has-post-thumbnail","hentry","category-blog"],"_links":{"self":[{"href":"https:\/\/inces.gob.ve\/index.php\/wp-json\/wp\/v2\/posts\/45032","targetHints":{"allow":["GET"]}}],"collection":[{"href":"https:\/\/inces.gob.ve\/index.php\/wp-json\/wp\/v2\/posts"}],"about":[{"href":"https:\/\/inces.gob.ve\/index.php\/wp-json\/wp\/v2\/types\/post"}],"author":[{"embeddable":true,"href":"https:\/\/inces.gob.ve\/index.php\/wp-json\/wp\/v2\/users\/15"}],"replies":[{"embeddable":true,"href":"https:\/\/inces.gob.ve\/index.php\/wp-json\/wp\/v2\/comments?post=45032"}],"version-history":[{"count":2,"href":"https:\/\/inces.gob.ve\/index.php\/wp-json\/wp\/v2\/posts\/45032\/revisions"}],"predecessor-version":[{"id":45048,"href":"https:\/\/inces.gob.ve\/index.php\/wp-json\/wp\/v2\/posts\/45032\/revisions\/45048"}],"wp:featuredmedia":[{"embeddable":true,"href":"https:\/\/inces.gob.ve\/index.php\/wp-json\/wp\/v2\/media\/45041"}],"wp:attachment":[{"href":"https:\/\/inces.gob.ve\/index.php\/wp-json\/wp\/v2\/media?parent=45032"}],"wp:term":[{"taxonomy":"category","embeddable":true,"href":"https:\/\/inces.gob.ve\/index.php\/wp-json\/wp\/v2\/categories?post=45032"},{"taxonomy":"post_tag","embeddable":true,"href":"https:\/\/inces.gob.ve\/index.php\/wp-json\/wp\/v2\/tags?post=45032"}],"curies":[{"name":"wp","href":"https:\/\/api.w.org\/{rel}","templated":true}]}}