{"id":45049,"date":"2022-08-24T13:48:44","date_gmt":"2022-08-24T17:48:44","guid":{"rendered":"https:\/\/inces.gob.ve\/?p=45049"},"modified":"2022-08-25T13:55:06","modified_gmt":"2022-08-25T17:55:06","slug":"guarico-el-inces-continua-celebrando-su-63-aniversario-con-expo-productiva-inces-2022","status":"publish","type":"post","link":"https:\/\/inces.gob.ve\/index.php\/2022\/08\/24\/guarico-el-inces-continua-celebrando-su-63-aniversario-con-expo-productiva-inces-2022\/","title":{"rendered":"GU\u00c1RICO | El Inces contin\u00faa celebrando su 63 Aniversario con Expo-productiva Inces 2022"},"content":{"rendered":"<p align=\"justify\"><span style=\"font-size: large;\"><i><b>**La Gerente Regional, \u00a0Dra. Mar\u00eda Arisela \u00a0Medina, \u00a0dio inicio\u00a0 a la Expo-productiva \u00a0de los distintos programas de formaci\u00f3n del Instituto Nacional de Capacitaci\u00f3n y Educaci\u00f3n Socialista (Inces)<\/b><\/i><\/span><\/p>\n<p align=\"justify\"><!--more--><\/p>\n<p align=\"justify\">+&#8217;<\/p>\n<p align=\"justify\"><span style=\"font-size: large;\">MAR\u00cdA SANTIAGO<\/span><\/p>\n<p align=\"justify\"><span style=\"font-size: large;\">Como parte de la celebraci\u00f3n aniversaria, se llev\u00f3 a cabo la Expo-productiva, del Instituto Nacional de Capacitaci\u00f3n y Educaci\u00f3n Socialista (Inces), en la misma se mostraron los \u00a0trabajos \u00a0de los diferentes programas: \u00a0Programa de Producci\u00f3n Penitenciaria, Programa Agr\u00edcola, Motor Textil y la presencia de los \u00a0j\u00f3venes aprendices \u00a0del PNA.<\/span><\/p>\n<p align=\"justify\"><span style=\"font-size: large;\">Primeramente, la gerente regional\u00a0 de la instituci\u00f3n inici\u00f3 dando la bienvenida a todos los presentes, incluyendo a los coordinadores de los diferentes programas de formaci\u00f3n, trabajadores, maestros y aprendices Inces, seguidamente hizo un recorrido por cada una de las mesas que \u00a0mostraron sus extraordinarios trabajos, en las que un responsable realiz\u00f3 una peque\u00f1a exposici\u00f3n de sus muestras.\u00a0 Posteriormente, dirigi\u00f3 unas palabras de agradecimiento por el trabajo que cada uno realiza en pro del realce de la instituci\u00f3n a nivel regional.<\/span><\/p>\n<p align=\"justify\"><span style=\"font-size: large;\">El aprendiz del PNA Alberto G\u00f3mez, haciendo uso de la palabra, declar\u00f3 estar agradecido de ser part\u00edcipe de la formaci\u00f3n que recibe en esta instituci\u00f3n, de igual manera felicit\u00f3 al Inces por estar de Aniversario\u00a0 e inst\u00f3 \u00a0a que sigan trabajando formando m\u00e1s j\u00f3venes productivos para la patria.<\/span><\/p>\n<p align=\"justify\"><span style=\"font-size: large;\">Mientras los presentes degustaron un compartir gastron\u00f3mico, se prosigui\u00f3 con una actividad cultural a cargo de la\u00a0 agrupaci\u00f3n de m\u00fasica \u00a0\u00a0de Fundaculgua, que nos ameniz\u00f3 el evento \u00a0con su canta criolla, \u00a0\u00a0por lo que la gerente regional reiter\u00f3 su agradecimiento, una vez m\u00e1s, \u00a0al Licenciado Elias Zurita, presidente de Fundaculgua, \u00a0por su incondicional apoyo a \u00a0esta prestigiosa instituci\u00f3n formativa, que seguir\u00e1 trabajando para formar produciendo.\u00a0 <\/span><\/p>\n<p>&nbsp;<\/p>\n","protected":false},"excerpt":{"rendered":"<p>**La Gerente Regional, \u00a0Dra. Mar\u00eda Arisela \u00a0Medina, \u00a0dio inicio\u00a0 a la Expo-productiva \u00a0de los distintos programas de formaci\u00f3n del Instituto Nacional de Capacitaci\u00f3n y Educaci\u00f3n Socialista (Inces)<\/p>\n","protected":false},"author":15,"featured_media":45050,"comment_status":"closed","ping_status":"closed","sticky":false,"template":"","format":"standard","meta":{"footnotes":""},"categories":[2],"tags":[],"class_list":["post-45049","post","type-post","status-publish","format-standard","has-post-thumbnail","hentry","category-blog"],"_links":{"self":[{"href":"https:\/\/inces.gob.ve\/index.php\/wp-json\/wp\/v2\/posts\/45049","targetHints":{"allow":["GET"]}}],"collection":[{"href":"https:\/\/inces.gob.ve\/index.php\/wp-json\/wp\/v2\/posts"}],"about":[{"href":"https:\/\/inces.gob.ve\/index.php\/wp-json\/wp\/v2\/types\/post"}],"author":[{"embeddable":true,"href":"https:\/\/inces.gob.ve\/index.php\/wp-json\/wp\/v2\/users\/15"}],"replies":[{"embeddable":true,"href":"https:\/\/inces.gob.ve\/index.php\/wp-json\/wp\/v2\/comments?post=45049"}],"version-history":[{"count":3,"href":"https:\/\/inces.gob.ve\/index.php\/wp-json\/wp\/v2\/posts\/45049\/revisions"}],"predecessor-version":[{"id":45053,"href":"https:\/\/inces.gob.ve\/index.php\/wp-json\/wp\/v2\/posts\/45049\/revisions\/45053"}],"wp:featuredmedia":[{"embeddable":true,"href":"https:\/\/inces.gob.ve\/index.php\/wp-json\/wp\/v2\/media\/45050"}],"wp:attachment":[{"href":"https:\/\/inces.gob.ve\/index.php\/wp-json\/wp\/v2\/media?parent=45049"}],"wp:term":[{"taxonomy":"category","embeddable":true,"href":"https:\/\/inces.gob.ve\/index.php\/wp-json\/wp\/v2\/categories?post=45049"},{"taxonomy":"post_tag","embeddable":true,"href":"https:\/\/inces.gob.ve\/index.php\/wp-json\/wp\/v2\/tags?post=45049"}],"curies":[{"name":"wp","href":"https:\/\/api.w.org\/{rel}","templated":true}]}}