{"id":45077,"date":"2022-08-25T11:34:41","date_gmt":"2022-08-25T15:34:41","guid":{"rendered":"https:\/\/inces.gob.ve\/?p=45077"},"modified":"2022-08-25T15:35:48","modified_gmt":"2022-08-25T19:35:48","slug":"aragua-el-inces-se-engalano-para-disfrutar-de-la-mejor-programacion-tradicional-con-actividades-recreativas-culturales-deportivas-gastronomicas-y-formativas","status":"publish","type":"post","link":"https:\/\/inces.gob.ve\/index.php\/2022\/08\/25\/aragua-el-inces-se-engalano-para-disfrutar-de-la-mejor-programacion-tradicional-con-actividades-recreativas-culturales-deportivas-gastronomicas-y-formativas\/","title":{"rendered":"ARAGUA | El Inces se engalan\u00f3 para disfrutar de la mejor programaci\u00f3n tradicional, con actividades recreativas, culturales, deportivas, gastron\u00f3micas y formativas"},"content":{"rendered":"<p align=\"justify\"><span style=\"font-family: ARial, sans-serif;\"><span style=\"font-size: large;\"><i><b>** Con estas actividades se busca enaltecer las costumbres llaneras, el baile tradicional, el joropo, la canta criolla, la gastronom\u00eda local e impulsar exposiciones artesanales.<\/b><\/i><\/span><\/span><!--more--><\/p>\n<p align=\"justify\"><span style=\"font-family: ARial, sans-serif;\"><span style=\"font-size: large;\"><b>NINOSKA ANGELINA PATRIZ SU\u00c1REZ<\/b><\/span><\/span><\/p>\n<p align=\"justify\"><span style=\"font-family: ARial, sans-serif;\"><span style=\"font-size: large;\">Al mejor estilo de pasaje llanero y en homenaje a los cantantes de nuestra m\u00fasica criolla, los compa\u00f1eros que participaron en el concurso de Tu Voz Inces de todas las divisiones y departamentos de la instituci\u00f3n se abrieron paso de la mano con los participantes de las formaciones para cantar.<img loading=\"lazy\" decoding=\"async\" class=\"aligncenter wp-image-45081 size-full\" src=\"https:\/\/inces.gob.ve\/wp-content\/uploads\/2022\/08\/actividades-recreativas-culturales-5--e1661455702484.jpeg\" alt=\"\" width=\"800\" height=\"600\" \/><\/span><\/span><\/p>\n<p align=\"justify\"><span style=\"font-family: ARial, sans-serif;\"><span style=\"font-size: large;\">De esta manera y con excelente actuaci\u00f3n, todos se ganaron el respeto y gratitud por brindar una excelente puesta en escena antes de degustar un colorido y delicioso almuerzo, para la celebraci\u00f3n y el esparcimiento en la semana aniversaria por los 63 A\u00f1os del Inces.<\/span><\/span><\/p>\n<p align=\"justify\"><span style=\"font-family: ARial, sans-serif;\"><span style=\"font-size: large;\">El joropazo no se hizo esperar. Cada uno busco su pareja de baile, recordando a los amaneceres llaneros, con los mejores exponentes de la canta criolla desde la plazoleta del Inces Regi\u00f3n Aragua.<\/span><\/span><\/p>\n<p align=\"justify\"><span style=\"font-family: ARial, sans-serif;\"><span style=\"font-size: large;\">La manifestaci\u00f3n cultural se efectu\u00f3 con mucho entusiasmo, estableciendo que somos un pa\u00eds libre y soberano amante de lo nuestro y menos dependiente de los intereses extranjeros.<img loading=\"lazy\" decoding=\"async\" class=\"aligncenter wp-image-45078 size-full\" src=\"https:\/\/inces.gob.ve\/wp-content\/uploads\/2022\/08\/actividades-recreativas-culturales1--e1661455897756.jpeg\" alt=\"\" width=\"800\" height=\"600\" \/><\/span><\/span><\/p>\n<p align=\"justify\">\u201c<span style=\"font-size: large;\"><span style=\"font-family: ARial, sans-serif;\">Tenemos el coraz\u00f3n y la conciencia heroica de un pueblo autodeterminado, valiente y digno, que abrazado a sus banderas mantiene intacta su moral desde la lucha, la esperanza y la realizaci\u00f3n de sus sue\u00f1os\u201d, afirm\u00f3 la ingeniera Yelitza Rodr\u00edguez, gerente del Inces Aragua. <img loading=\"lazy\" decoding=\"async\" class=\"aligncenter wp-image-45080 size-full\" src=\"https:\/\/inces.gob.ve\/wp-content\/uploads\/2022\/08\/actividades-recreativas-culturales-3--e1661456062473.jpeg\" alt=\"\" width=\"800\" height=\"600\" \/><\/span> <\/span><\/p>\n<p align=\"justify\">\n","protected":false},"excerpt":{"rendered":"<p>** Con estas actividades se busca enaltecer las costumbres llaneras, el baile tradicional, el joropo, la canta criolla, la gastronom\u00eda local e impulsar exposiciones artesanales.<\/p>\n","protected":false},"author":15,"featured_media":45079,"comment_status":"closed","ping_status":"closed","sticky":false,"template":"","format":"standard","meta":{"footnotes":""},"categories":[2],"tags":[],"class_list":["post-45077","post","type-post","status-publish","format-standard","has-post-thumbnail","hentry","category-blog"],"_links":{"self":[{"href":"https:\/\/inces.gob.ve\/index.php\/wp-json\/wp\/v2\/posts\/45077","targetHints":{"allow":["GET"]}}],"collection":[{"href":"https:\/\/inces.gob.ve\/index.php\/wp-json\/wp\/v2\/posts"}],"about":[{"href":"https:\/\/inces.gob.ve\/index.php\/wp-json\/wp\/v2\/types\/post"}],"author":[{"embeddable":true,"href":"https:\/\/inces.gob.ve\/index.php\/wp-json\/wp\/v2\/users\/15"}],"replies":[{"embeddable":true,"href":"https:\/\/inces.gob.ve\/index.php\/wp-json\/wp\/v2\/comments?post=45077"}],"version-history":[{"count":2,"href":"https:\/\/inces.gob.ve\/index.php\/wp-json\/wp\/v2\/posts\/45077\/revisions"}],"predecessor-version":[{"id":45089,"href":"https:\/\/inces.gob.ve\/index.php\/wp-json\/wp\/v2\/posts\/45077\/revisions\/45089"}],"wp:featuredmedia":[{"embeddable":true,"href":"https:\/\/inces.gob.ve\/index.php\/wp-json\/wp\/v2\/media\/45079"}],"wp:attachment":[{"href":"https:\/\/inces.gob.ve\/index.php\/wp-json\/wp\/v2\/media?parent=45077"}],"wp:term":[{"taxonomy":"category","embeddable":true,"href":"https:\/\/inces.gob.ve\/index.php\/wp-json\/wp\/v2\/categories?post=45077"},{"taxonomy":"post_tag","embeddable":true,"href":"https:\/\/inces.gob.ve\/index.php\/wp-json\/wp\/v2\/tags?post=45077"}],"curies":[{"name":"wp","href":"https:\/\/api.w.org\/{rel}","templated":true}]}}