{"id":45091,"date":"2022-08-24T15:49:32","date_gmt":"2022-08-24T19:49:32","guid":{"rendered":"https:\/\/inces.gob.ve\/?p=45091"},"modified":"2022-08-25T15:50:00","modified_gmt":"2022-08-25T19:50:00","slug":"mazonas-inces-conmemoro-su-63-aniversario","status":"publish","type":"post","link":"https:\/\/inces.gob.ve\/index.php\/2022\/08\/24\/mazonas-inces-conmemoro-su-63-aniversario\/","title":{"rendered":"MAZONAS | Inces conmemor\u00f3 su 63 aniversario"},"content":{"rendered":"<p align=\"justify\"><span style=\"font-family: helvetica, sans-serif;\"><span style=\"font-size: large;\"><i><b>* M\u00e1s de seis d\u00e9cadas capacitando a la juventud para el trabajo<\/b><\/i><\/span><\/span><!--more--><\/p>\n<p align=\"justify\"><span style=\"font-family: helvetica, sans-serif;\"><span style=\"font-size: large;\">F\u00c9LIX RUIZ<br \/>\nCon una trayectoria de 63 a\u00f1os formando generaciones, el instituto formador de hombres y mujeres encargados de dictar programas formativos a la poblaci\u00f3n amazonense arrib\u00f3 a un a\u00f1o m\u00e1s de labores.<\/span><\/span><\/p>\n<p align=\"justify\"><span style=\"font-family: helvetica, sans-serif;\"><span style=\"font-size: large;\"><img loading=\"lazy\" decoding=\"async\" class=\"aligncenter wp-image-45093 size-full\" src=\"https:\/\/inces.gob.ve\/wp-content\/uploads\/2022\/08\/Inces-conmemoro-su-63-aniversario-2--e1661456819636.jpeg\" alt=\"\" width=\"800\" height=\"600\" \/><\/span><\/span><\/p>\n<p>Las palabras de apertura estuvieron a cargo de la gerente regional de Inces Amazonas, Adriana Medina, quien manifest\u00f3: \u00abMe siento orgullosa por el arduo trabajo que hemos realizado a lo largo de estos a\u00f1os, no ha sido f\u00e1cil pero tampoco dif\u00edcil, no solo somos un gran equipo sino tambi\u00e9n una gran familia. Seguiremos trabajando dando formaci\u00f3n y certificaci\u00f3n a quien lo necesite\u201d mencion\u00f3.<\/p>\n<p align=\"justify\"><span style=\"font-family: helvetica, sans-serif;\"><span style=\"font-size: large;\"><img loading=\"lazy\" decoding=\"async\" class=\"aligncenter wp-image-45096 size-full\" src=\"https:\/\/inces.gob.ve\/wp-content\/uploads\/2022\/08\/Inces-conmemoro-su-63-aniversario-8-e1661456843840.jpeg\" alt=\"\" width=\"800\" height=\"600\" \/><\/span><\/span><\/p>\n<p>En la realizaci\u00f3n de un acto se entregaron botones de 15, 10 y 5 a\u00f1os, as\u00ed como la entrega de reconocimientos a los Maestros T\u00e9cnicos Productivos por su destacada e inestimable labor, siendo estos uno de los pilares fundamentes en nuestra instituci\u00f3n. Dicho evento fue realizado en las instalaciones del Centro de Formaci\u00f3n Socialista \u00abCacique Aramare\u00bb de la ciudad de Puerto Ayacucho, siguiendo las pol\u00edticas y gesti\u00f3n del presidente del Inces \u00c1ngel Wuikelman y nuestro presidente Nicol\u00e1s Maduro.<\/p>\n<p align=\"justify\"><span style=\"font-family: helvetica, sans-serif;\"><span style=\"font-size: large;\"><img loading=\"lazy\" decoding=\"async\" class=\"aligncenter wp-image-45094 size-full\" src=\"https:\/\/inces.gob.ve\/wp-content\/uploads\/2022\/08\/Inces-conmemoro-su-63-aniversario-4--e1661456861597.jpeg\" alt=\"\" width=\"800\" height=\"600\" \/><\/span><\/span><\/p>\n<p>Para concluir los trabajadores llenos de alegr\u00eda y gratitud disfrutaron de serenatas cant\u00e1ndole cumplea\u00f1os a la instituci\u00f3n, actividad que form\u00f3 parte de la agenda \u00a0aniversaria, donde los trabajadores disfrutaron de una jornada de recreaci\u00f3n y deporte, jornada de socializaci\u00f3n ben\u00e9fica, feria productiva y jornada de siembra agroecol\u00f3gica.<img loading=\"lazy\" decoding=\"async\" class=\"aligncenter wp-image-45092 size-full\" src=\"https:\/\/inces.gob.ve\/wp-content\/uploads\/2022\/08\/Inces-conmemoro-su-63-aniversario6--e1661456878197.jpeg\" alt=\"\" width=\"800\" height=\"600\" \/><\/p>\n<p>#63A\u00f1osFormandoGeneraciones<\/p>\n","protected":false},"excerpt":{"rendered":"<p>* M\u00e1s de seis d\u00e9cadas capacitando a la juventud para el trabajo<\/p>\n","protected":false},"author":15,"featured_media":45097,"comment_status":"closed","ping_status":"closed","sticky":false,"template":"","format":"standard","meta":{"footnotes":""},"categories":[2],"tags":[],"class_list":["post-45091","post","type-post","status-publish","format-standard","has-post-thumbnail","hentry","category-blog"],"_links":{"self":[{"href":"https:\/\/inces.gob.ve\/index.php\/wp-json\/wp\/v2\/posts\/45091","targetHints":{"allow":["GET"]}}],"collection":[{"href":"https:\/\/inces.gob.ve\/index.php\/wp-json\/wp\/v2\/posts"}],"about":[{"href":"https:\/\/inces.gob.ve\/index.php\/wp-json\/wp\/v2\/types\/post"}],"author":[{"embeddable":true,"href":"https:\/\/inces.gob.ve\/index.php\/wp-json\/wp\/v2\/users\/15"}],"replies":[{"embeddable":true,"href":"https:\/\/inces.gob.ve\/index.php\/wp-json\/wp\/v2\/comments?post=45091"}],"version-history":[{"count":3,"href":"https:\/\/inces.gob.ve\/index.php\/wp-json\/wp\/v2\/posts\/45091\/revisions"}],"predecessor-version":[{"id":45100,"href":"https:\/\/inces.gob.ve\/index.php\/wp-json\/wp\/v2\/posts\/45091\/revisions\/45100"}],"wp:featuredmedia":[{"embeddable":true,"href":"https:\/\/inces.gob.ve\/index.php\/wp-json\/wp\/v2\/media\/45097"}],"wp:attachment":[{"href":"https:\/\/inces.gob.ve\/index.php\/wp-json\/wp\/v2\/media?parent=45091"}],"wp:term":[{"taxonomy":"category","embeddable":true,"href":"https:\/\/inces.gob.ve\/index.php\/wp-json\/wp\/v2\/categories?post=45091"},{"taxonomy":"post_tag","embeddable":true,"href":"https:\/\/inces.gob.ve\/index.php\/wp-json\/wp\/v2\/tags?post=45091"}],"curies":[{"name":"wp","href":"https:\/\/api.w.org\/{rel}","templated":true}]}}