{"id":45130,"date":"2022-08-25T17:27:58","date_gmt":"2022-08-25T21:27:58","guid":{"rendered":"https:\/\/inces.gob.ve\/?p=45130"},"modified":"2022-08-25T17:28:21","modified_gmt":"2022-08-25T21:28:21","slug":"sucre-inces-realiza-exposicion-de-cocineritos-de-la-patria","status":"publish","type":"post","link":"https:\/\/inces.gob.ve\/index.php\/2022\/08\/25\/sucre-inces-realiza-exposicion-de-cocineritos-de-la-patria\/","title":{"rendered":"SUCRE | Inces realiza exposici\u00f3n de cocineritos de la patria."},"content":{"rendered":"<p align=\"justify\"><em><strong><span style=\"font-family: helvetica, sans-serif;\"><span style=\"font-size: large;\">** Son 63 a\u00f1os formando generaciones <\/span><\/span><\/strong><\/em><!--more--><\/p>\n<p style=\"text-align: justify;\" align=\"justify\"><span style=\"font-family: helvetica, sans-serif;\"><span style=\"font-size: large;\">JAIMELYS CAMPOS <\/span><\/span><\/p>\n<p style=\"text-align: justify;\" align=\"justify\"><span style=\"font-family: helvetica, sans-serif;\"><span style=\"font-size: large;\">En el marco de su 63 Aniversario, el Inces Sucre inici\u00f3 su celebraci\u00f3n en el comedor de la Sede Regional con una exposici\u00f3n de los mini cocineritos, ni\u00f1os y ni\u00f1as de la comunidad e hijos de los trabajadores.<\/span><\/span><\/p>\n<p style=\"text-align: justify;\" align=\"justify\"><span style=\"font-family: helvetica, sans-serif;\"><span style=\"font-size: large;\">Esta actividad fue dirigida por la Coordinaci\u00f3n de Turismo, a cargo de \u00a0Kenneily\u00a0 Figueroa.<\/span><\/span><\/p>\n<p style=\"text-align: justify;\" align=\"justify\"><img loading=\"lazy\" decoding=\"async\" class=\"aligncenter wp-image-45132 size-full\" src=\"https:\/\/inces.gob.ve\/wp-content\/uploads\/2022\/08\/cocineritos-de-la-patria4--e1661462756405.jpg\" alt=\"\" width=\"800\" height=\"602\" \/><\/p>\n<p style=\"text-align: justify;\" align=\"justify\"><span style=\"font-family: helvetica, sans-serif;\"><span style=\"font-size: large;\">La formaci\u00f3n se desarroll\u00f3 para que los peque\u00f1os del hogar gocen de una infancia feliz y un mejor vivir. <\/span><\/span><\/p>\n<p style=\"text-align: justify;\" align=\"justify\"><span style=\"font-family: helvetica, sans-serif;\"><span style=\"font-size: large;\">En la exposici\u00f3n se pudieron ver los en pr\u00e1ctica \u00a0los conocimientos adquiridos por estos peque\u00f1os quienes exhibieron: pizzas, teque\u00f1os, empanadas, cachitos, pan, ponqu\u00e9s, tortas, coquitos, roles, entre otros. Todos estos productos fueron realizados por estos participantes.<\/span><\/span><\/p>\n<p align=\"justify\"><img loading=\"lazy\" decoding=\"async\" class=\"aligncenter wp-image-45135 size-full\" src=\"https:\/\/inces.gob.ve\/wp-content\/uploads\/2022\/08\/cocineritos-de-la-patria-8--e1661462782565.jpg\" alt=\"\" width=\"800\" height=\"602\" \/><\/p>\n<p style=\"text-align: justify;\" align=\"justify\"><span style=\"font-family: helvetica, sans-serif;\"><span style=\"font-size: large;\">Un total de 51 ni\u00f1os (8-12) recibieron su certificado Inces, y agradecieron porque gracias al Inces pudieron aprender algo nuevo. <\/span><\/span><\/p>\n<p style=\"text-align: justify;\" align=\"justify\"><img loading=\"lazy\" decoding=\"async\" class=\"aligncenter wp-image-45133 \" src=\"https:\/\/inces.gob.ve\/wp-content\/uploads\/2022\/08\/cocineritos-de-la-patria6-e1661462801521.jpg\" alt=\"\" width=\"544\" height=\"723\" \/><\/p>\n<p style=\"text-align: justify;\" align=\"justify\"><a name=\"m_-8885431380754728252__GoBack\"><\/a> <span style=\"font-family: helvetica, sans-serif;\"><span style=\"font-size: large;\">La Gerencia Regional apoya todas estas actividades que vayan a beneficio del bienestar del personal adscrito a la regi\u00f3n y a sus familiares.<\/span><\/span><\/p>\n","protected":false},"excerpt":{"rendered":"<p>** Son 63 a\u00f1os formando generaciones<\/p>\n","protected":false},"author":15,"featured_media":45134,"comment_status":"closed","ping_status":"closed","sticky":false,"template":"","format":"standard","meta":{"footnotes":""},"categories":[2],"tags":[],"class_list":["post-45130","post","type-post","status-publish","format-standard","has-post-thumbnail","hentry","category-blog"],"_links":{"self":[{"href":"https:\/\/inces.gob.ve\/index.php\/wp-json\/wp\/v2\/posts\/45130","targetHints":{"allow":["GET"]}}],"collection":[{"href":"https:\/\/inces.gob.ve\/index.php\/wp-json\/wp\/v2\/posts"}],"about":[{"href":"https:\/\/inces.gob.ve\/index.php\/wp-json\/wp\/v2\/types\/post"}],"author":[{"embeddable":true,"href":"https:\/\/inces.gob.ve\/index.php\/wp-json\/wp\/v2\/users\/15"}],"replies":[{"embeddable":true,"href":"https:\/\/inces.gob.ve\/index.php\/wp-json\/wp\/v2\/comments?post=45130"}],"version-history":[{"count":3,"href":"https:\/\/inces.gob.ve\/index.php\/wp-json\/wp\/v2\/posts\/45130\/revisions"}],"predecessor-version":[{"id":45138,"href":"https:\/\/inces.gob.ve\/index.php\/wp-json\/wp\/v2\/posts\/45130\/revisions\/45138"}],"wp:featuredmedia":[{"embeddable":true,"href":"https:\/\/inces.gob.ve\/index.php\/wp-json\/wp\/v2\/media\/45134"}],"wp:attachment":[{"href":"https:\/\/inces.gob.ve\/index.php\/wp-json\/wp\/v2\/media?parent=45130"}],"wp:term":[{"taxonomy":"category","embeddable":true,"href":"https:\/\/inces.gob.ve\/index.php\/wp-json\/wp\/v2\/categories?post=45130"},{"taxonomy":"post_tag","embeddable":true,"href":"https:\/\/inces.gob.ve\/index.php\/wp-json\/wp\/v2\/tags?post=45130"}],"curies":[{"name":"wp","href":"https:\/\/api.w.org\/{rel}","templated":true}]}}