{"id":45145,"date":"2022-08-26T11:41:51","date_gmt":"2022-08-26T15:41:51","guid":{"rendered":"https:\/\/inces.gob.ve\/?p=45145"},"modified":"2022-08-26T11:41:51","modified_gmt":"2022-08-26T15:41:51","slug":"trujillo-56-jovenes-de-la-modalidad-adulto-egresan-como-bachilleres-productivos","status":"publish","type":"post","link":"https:\/\/inces.gob.ve\/index.php\/2022\/08\/26\/trujillo-56-jovenes-de-la-modalidad-adulto-egresan-como-bachilleres-productivos\/","title":{"rendered":"TRUJILLO | 56 j\u00f3venes de la modalidad adulto egresan como bachilleres productivos"},"content":{"rendered":"<p class=\"western\" style=\"text-align: justify;\"><em><strong><span style=\"font-family: helvetica, arial, sans-serif; font-size: 14pt;\">** Entre los asistentes se encontraba la jefe de la Zona Educativa, Mar\u00eda Gregoria Palomares, quien en su condici\u00f3n de autoridad \u00fanica, facult\u00f3 la solicitud de t\u00edtulo formulada por los bachilleres que egresan del Inces con perfil productivo, como parte de los 63 a\u00f1os de esta instituci\u00f3n<\/span><\/strong><\/em><!--more--><\/p>\n<p>&nbsp;<\/p>\n<p class=\"western\" style=\"text-align: justify;\"><strong><span style=\"font-family: helvetica, arial, sans-serif; font-size: 14pt;\">MAR\u00cdA CABRERA<\/span><\/strong><\/p>\n<p class=\"western\" style=\"text-align: justify;\"><span style=\"font-family: helvetica, arial, sans-serif; font-size: 14pt;\">La Promoci\u00f3n XXVII de Bachilleres Gran Mariscal de Ayacucho \u201cAntonio Jos\u00e9 de Sucre\u201d, de la Unidad Educativa del Inces Regi\u00f3n Trujillo modalidad de j\u00f3venes y adultos realiz\u00f3 su acto de graduaci\u00f3n en el auditorio Luis Beltr\u00e1n Prieto, ubicado en las instalaciones del Centro de Formaci\u00f3n Socialista \u201cAl\u00ed Primera\u201d.<\/span><\/p>\n<p>&nbsp;<\/p>\n<p class=\"western\" style=\"text-align: justify;\"><span style=\"font-family: helvetica, arial, sans-serif; font-size: 14pt;\">En este acto participaron 56 estudiantes de la Unidad B\u00e1sica del Inces Regi\u00f3n Trujillo, quienes recibieron su t\u00edtulo con perfil productivo; se cont\u00f3 con la presencia de la autoridad \u00fanica de Educaci\u00f3n Mar\u00eda Gregoria Palomares, acompa\u00f1ada del gerente regional del Inces, Alexis Brice\u00f1o, Solimar Morillo, directora de la Unidad B\u00e1sica, y Lirolaxa La Cruz, Jefe de Divisi\u00f3n de Formaci\u00f3n Profesional del Inces.<\/span><\/p>\n<p>&nbsp;<\/p>\n<p class=\"western\" style=\"text-align: justify;\"><span style=\"font-family: helvetica, arial, sans-serif; font-size: 14pt;\">La jefe de la Zona Educativa felicit\u00f3 a los graduandos en nombre de la ministra de Educaci\u00f3n, Yelitze Santaella y del gobernador del estado, Gerardo M\u00e1rquez y agreg\u00f3: \u201cLos egresados con perfil productivo se capacitan en diferentes ocupaciones productivas como carpinter\u00eda, herrer\u00eda, peluquer\u00eda, manualidades, panader\u00eda, pasteler\u00eda, entre otros; en este organismo que arriba a sus 63 a\u00f1os formando j\u00f3venes y adultos de forma productiva, cumpliendo as\u00ed con la letra del himno del Inces al expresar que hay que poner mente y brazo para sacar adelante al pa\u00eds que nos pide ser emprendedores, romper barreras y colocar puentes para ponernos metas, ya que esa es la raz\u00f3n de ser del Inces.\u201d<\/span><\/p>\n<p>&nbsp;<\/p>\n<p class=\"western\" style=\"text-align: justify;\"><span style=\"font-family: helvetica, arial, sans-serif; font-size: 14pt;\">Por su parte, el gerente regional del Inces Alexis Brice\u00f1o destac\u00f3 que ese acto honra el compromiso de estos j\u00f3venes con la patria, al egresar con un perfil productivo, a trav\u00e9s de la formaci\u00f3n integral y permanente que se desarrolla en el Inces que aporta a la econom\u00eda y al aparato productivo.<\/span><\/p>\n<p>&nbsp;<\/p>\n<p class=\"western\" style=\"text-align: justify;\"><span style=\"font-family: helvetica, arial, sans-serif; font-size: 14pt;\">En esta XXVII promoci\u00f3n de bachilleres con perfil productivos nos sentimos complacidos que estos \u00a0j\u00f3venes y adultos hayan confiado en nosotros y que egresen de acuerdo a los requerimientos que necesita la patria; que podamos construir juntos el progreso del pa\u00eds, formando ciudadanos con perfiles de emprendimiento y productivos valiosos para el futuro\u201d, se\u00f1al\u00f3 finalmente el gerente; \u00a0haciendo extensivo su agradecimiento a los facilitadores, personal administrativo de la Unidad B\u00e1sica y a las autoridades de la regi\u00f3n.<\/span><\/p>\n<p>&nbsp;<\/p>\n<p class=\"western\" style=\"text-align: justify;\"><span style=\"font-family: helvetica, arial, sans-serif; font-size: 14pt;\"><span style=\"color: #000000;\">El acto de graduaci\u00f3n de la Promoci\u00f3n XXVII de Bachilleres Gran Mariscal de Ayacucho \u201cAntonio Jos\u00e9 de Sucre\u201d de la Unidad Educativa del Inces Trujillo modalidad adultos, culmin<\/span><span style=\"color: #000000;\">\u00f3<\/span><span style=\"color: #000000;\"> con la interpretaci\u00f3n de dos temas del cantante Jefferson Leal, Ganador del Festival \u201cTu Voz Inces\u201d realizado recientemente.<\/span><\/span><\/p>\n","protected":false},"excerpt":{"rendered":"<p>** Entre los asistentes se encontraba la jefe de la Zona Educativa, Mar\u00eda Gregoria Palomares, quien en su condici\u00f3n de autoridad \u00fanica, facult\u00f3 la solicitud de t\u00edtulo formulada por los bachilleres que egresan del Inces con perfil productivo, como parte de los 63 a\u00f1os de esta instituci\u00f3n<\/p>\n","protected":false},"author":4,"featured_media":45146,"comment_status":"closed","ping_status":"closed","sticky":false,"template":"","format":"standard","meta":{"footnotes":""},"categories":[2],"tags":[],"class_list":["post-45145","post","type-post","status-publish","format-standard","has-post-thumbnail","hentry","category-blog"],"_links":{"self":[{"href":"https:\/\/inces.gob.ve\/index.php\/wp-json\/wp\/v2\/posts\/45145","targetHints":{"allow":["GET"]}}],"collection":[{"href":"https:\/\/inces.gob.ve\/index.php\/wp-json\/wp\/v2\/posts"}],"about":[{"href":"https:\/\/inces.gob.ve\/index.php\/wp-json\/wp\/v2\/types\/post"}],"author":[{"embeddable":true,"href":"https:\/\/inces.gob.ve\/index.php\/wp-json\/wp\/v2\/users\/4"}],"replies":[{"embeddable":true,"href":"https:\/\/inces.gob.ve\/index.php\/wp-json\/wp\/v2\/comments?post=45145"}],"version-history":[{"count":1,"href":"https:\/\/inces.gob.ve\/index.php\/wp-json\/wp\/v2\/posts\/45145\/revisions"}],"predecessor-version":[{"id":45147,"href":"https:\/\/inces.gob.ve\/index.php\/wp-json\/wp\/v2\/posts\/45145\/revisions\/45147"}],"wp:featuredmedia":[{"embeddable":true,"href":"https:\/\/inces.gob.ve\/index.php\/wp-json\/wp\/v2\/media\/45146"}],"wp:attachment":[{"href":"https:\/\/inces.gob.ve\/index.php\/wp-json\/wp\/v2\/media?parent=45145"}],"wp:term":[{"taxonomy":"category","embeddable":true,"href":"https:\/\/inces.gob.ve\/index.php\/wp-json\/wp\/v2\/categories?post=45145"},{"taxonomy":"post_tag","embeddable":true,"href":"https:\/\/inces.gob.ve\/index.php\/wp-json\/wp\/v2\/tags?post=45145"}],"curies":[{"name":"wp","href":"https:\/\/api.w.org\/{rel}","templated":true}]}}