{"id":45206,"date":"2022-08-22T16:06:59","date_gmt":"2022-08-22T20:06:59","guid":{"rendered":"https:\/\/inces.gob.ve\/?p=45206"},"modified":"2022-08-29T16:10:41","modified_gmt":"2022-08-29T20:10:41","slug":"zulia-creatividad-y-productiva-mostraron-300-participantes-de-formaciones-inces-en-expo-feria-en-maracaibo","status":"publish","type":"post","link":"https:\/\/inces.gob.ve\/index.php\/2022\/08\/22\/zulia-creatividad-y-productiva-mostraron-300-participantes-de-formaciones-inces-en-expo-feria-en-maracaibo\/","title":{"rendered":"ZULIA | Creatividad y productiva mostraron 300 participantes de formaciones Inces en Expo Feria en Maracaibo"},"content":{"rendered":"<p style=\"text-align: justify;\"><em><strong><span style=\"font-family: helvetica, arial, sans-serif; font-size: 14pt;\">** El CFS Maracaibo del Inces, en el Zulia, permiti\u00f3 mostrar el talento de los y las participantes de las formaciones productivas, en el marco del aniversario de la instituci\u00f3n, que impulsa el sistema t\u00e9cnico y profesional<\/span><\/strong><\/em><!--more--><\/p>\n<p>&nbsp;<\/p>\n<p style=\"text-align: justify;\">\n<strong><span style=\"font-family: helvetica, arial, sans-serif; font-size: 14pt;\">MARIANA ALBARR\u00c1N \/ LENIN R\u00cdOS<\/span><\/strong><\/p>\n<p style=\"text-align: justify;\"><span style=\"font-family: helvetica, arial, sans-serif; font-size: 14pt;\">Una fiesta de saberes, creatividad y emprendedores colm\u00f3, este mi\u00e9rcoles, las instalaciones del Centro de Formaci\u00f3n Socialista Maracaibo, del Instituto Nacional de Capacitaci\u00f3n y Educaci\u00f3n Socialista (INCES), reuni\u00f3 a 300 participantes de diferentes formaciones impartidas, que permitieron que los haceres, adquiridos a trav\u00e9s de la formaci\u00f3n t\u00e9cnica y profesional se mostraran en una Expo Feria Productiva por el 63 aniversario de la instituci\u00f3n, fundada un 22 de agosto, por el maestro de maestros Luis Beltr\u00e1n Prieto Figueroa.<\/span><\/p>\n<p>&nbsp;<\/p>\n<p style=\"text-align: justify;\"><span style=\"font-family: helvetica, arial, sans-serif; font-size: 14pt;\">11 Maestros T\u00e9cnicos Productivos y uno voluntario Inces, de las formaciones: Confecci\u00f3n de Uniformes Escolares, Confecci\u00f3n de Ropa Infantil, Confecci\u00f3n de Ropa Intima, Corte y Costura, Electricidad, Panificaci\u00f3n Dom\u00e9stica, Reposteria, Servicio Basico de Bar y Comedor, Econom\u00eda Comunal y Social, Barber\u00eda y Peluqueria, se encargaron de impulsar las muestras exhibidas, que impulsan los 15 motores de la agenda econ\u00f3mica venezolana.<\/span><\/p>\n<p>&nbsp;<\/p>\n<p><img loading=\"lazy\" decoding=\"async\" class=\"aligncenter wp-image-45209 size-full\" src=\"https:\/\/inces.gob.ve\/wp-content\/uploads\/2022\/08\/WhatsApp-Image-2022-08-17-at-10.45.20-AM.jpeg\" alt=\"\" width=\"1000\" height=\"750\" srcset=\"https:\/\/inces.gob.ve\/wp-content\/uploads\/2022\/08\/WhatsApp-Image-2022-08-17-at-10.45.20-AM.jpeg 1000w, https:\/\/inces.gob.ve\/wp-content\/uploads\/2022\/08\/WhatsApp-Image-2022-08-17-at-10.45.20-AM-300x225.jpeg 300w, https:\/\/inces.gob.ve\/wp-content\/uploads\/2022\/08\/WhatsApp-Image-2022-08-17-at-10.45.20-AM-768x576.jpeg 768w, https:\/\/inces.gob.ve\/wp-content\/uploads\/2022\/08\/WhatsApp-Image-2022-08-17-at-10.45.20-AM-136x102.jpeg 136w\" sizes=\"auto, (max-width: 1000px) 100vw, 1000px\" \/><\/p>\n<p>&nbsp;<\/p>\n<p style=\"text-align: justify;\"><span style=\"font-family: helvetica, arial, sans-serif; font-size: 14pt;\">El Gerente del Inces Zulia, Jos\u00e9 Vicente Farias Echeverri, saludo a los y las participantes, agradeciendo en representaci\u00f3n del Viceministro de Comunidades Educativas y Uni\u00f3n con el Pueblo y Presidente del ente, Wuikelman \u00c1ngel Paredes, los esfuerzos practicados y la voluntad demostrada. \u201cSer parte de una formaci\u00f3n Inces, brinda esperanza y cambia la vida no s\u00f3lo del participante, sino de su entorno, lo que contribuye a resolver las necesidades de la poblaci\u00f3n\u201d.<\/span><\/p>\n<p>&nbsp;<\/p>\n<p style=\"text-align: justify;\"><span style=\"font-family: helvetica, arial, sans-serif; font-size: 14pt;\">Rosmery Ventura, una de las expositoras, es una arquitecta, de 30 a\u00f1os, y habitante del oeste de Maracaibo, quien manifest\u00f3: \u201cEl Inces me abri\u00f3 la posibilidad de obtener otra ocupaci\u00f3n, en el motor textil, desde el campo de la confecci\u00f3n de ropa \u00edntima y elaboraci\u00f3n piezas de damas y caballeros\u201d.<\/span><\/p>\n<p>&nbsp;<\/p>\n<p style=\"text-align: justify;\"><span style=\"font-family: helvetica, arial, sans-serif; font-size: 14pt;\">Irene Carruyo, otra de las expositoras, pero de Panificaci\u00f3n Dom\u00e9stica, describi\u00f3 que: \u201cUn participante Inces es un emprendedor en desarrollo, que genera importantes procesos de din\u00e1mica social\u201d.<\/span><\/p>\n<p>&nbsp;<\/p>\n<p><img loading=\"lazy\" decoding=\"async\" class=\"aligncenter wp-image-45207 size-full\" src=\"https:\/\/inces.gob.ve\/wp-content\/uploads\/2022\/08\/WhatsApp-Image-2022-08-17-at-10.46.12-AM.jpeg\" alt=\"\" width=\"1000\" height=\"750\" srcset=\"https:\/\/inces.gob.ve\/wp-content\/uploads\/2022\/08\/WhatsApp-Image-2022-08-17-at-10.46.12-AM.jpeg 1000w, https:\/\/inces.gob.ve\/wp-content\/uploads\/2022\/08\/WhatsApp-Image-2022-08-17-at-10.46.12-AM-300x225.jpeg 300w, https:\/\/inces.gob.ve\/wp-content\/uploads\/2022\/08\/WhatsApp-Image-2022-08-17-at-10.46.12-AM-768x576.jpeg 768w, https:\/\/inces.gob.ve\/wp-content\/uploads\/2022\/08\/WhatsApp-Image-2022-08-17-at-10.46.12-AM-136x102.jpeg 136w\" sizes=\"auto, (max-width: 1000px) 100vw, 1000px\" \/><\/p>\n<p>&nbsp;<\/p>\n<p style=\"text-align: justify;\"><span style=\"font-family: helvetica, arial, sans-serif; font-size: 14pt;\">Los participantes del Programa Nacional de Aprendizaje (PNA) se sumaron al evento, donde, cada participante resalt\u00f3 a trav\u00e9s de diferentes productos y servicios, presentados las bondades de este importante m\u00e9todo de capacitaci\u00f3n, que no deja de impulsar producci\u00f3n.<\/span><\/p>\n","protected":false},"excerpt":{"rendered":"<p>** El CFS Maracaibo del Inces, en el Zulia, permiti\u00f3 mostrar el talento de los y las participantes de las formaciones productivas, en el marco del aniversario de la instituci\u00f3n, que impulsa el sistema t\u00e9cnico y profesional<\/p>\n","protected":false},"author":4,"featured_media":45208,"comment_status":"closed","ping_status":"closed","sticky":false,"template":"","format":"standard","meta":{"footnotes":""},"categories":[2],"tags":[],"class_list":["post-45206","post","type-post","status-publish","format-standard","has-post-thumbnail","hentry","category-blog"],"_links":{"self":[{"href":"https:\/\/inces.gob.ve\/index.php\/wp-json\/wp\/v2\/posts\/45206","targetHints":{"allow":["GET"]}}],"collection":[{"href":"https:\/\/inces.gob.ve\/index.php\/wp-json\/wp\/v2\/posts"}],"about":[{"href":"https:\/\/inces.gob.ve\/index.php\/wp-json\/wp\/v2\/types\/post"}],"author":[{"embeddable":true,"href":"https:\/\/inces.gob.ve\/index.php\/wp-json\/wp\/v2\/users\/4"}],"replies":[{"embeddable":true,"href":"https:\/\/inces.gob.ve\/index.php\/wp-json\/wp\/v2\/comments?post=45206"}],"version-history":[{"count":1,"href":"https:\/\/inces.gob.ve\/index.php\/wp-json\/wp\/v2\/posts\/45206\/revisions"}],"predecessor-version":[{"id":45210,"href":"https:\/\/inces.gob.ve\/index.php\/wp-json\/wp\/v2\/posts\/45206\/revisions\/45210"}],"wp:featuredmedia":[{"embeddable":true,"href":"https:\/\/inces.gob.ve\/index.php\/wp-json\/wp\/v2\/media\/45208"}],"wp:attachment":[{"href":"https:\/\/inces.gob.ve\/index.php\/wp-json\/wp\/v2\/media?parent=45206"}],"wp:term":[{"taxonomy":"category","embeddable":true,"href":"https:\/\/inces.gob.ve\/index.php\/wp-json\/wp\/v2\/categories?post=45206"},{"taxonomy":"post_tag","embeddable":true,"href":"https:\/\/inces.gob.ve\/index.php\/wp-json\/wp\/v2\/tags?post=45206"}],"curies":[{"name":"wp","href":"https:\/\/api.w.org\/{rel}","templated":true}]}}