{"id":45242,"date":"2022-08-30T09:58:33","date_gmt":"2022-08-30T13:58:33","guid":{"rendered":"https:\/\/inces.gob.ve\/?p=45242"},"modified":"2022-08-30T10:04:58","modified_gmt":"2022-08-30T14:04:58","slug":"apure-inces-realizo-actividades-deportivas-y-recreativas-con-los-centros-y-diferentes-programas-de-formacion","status":"publish","type":"post","link":"https:\/\/inces.gob.ve\/index.php\/2022\/08\/30\/apure-inces-realizo-actividades-deportivas-y-recreativas-con-los-centros-y-diferentes-programas-de-formacion\/","title":{"rendered":"APURE | Inces realiz\u00f3 actividades deportivas y recreativas con los centros y diferentes programas de formaci\u00f3n"},"content":{"rendered":"<p style=\"text-align: justify;\"><span style=\"font-family: helvetica, arial, sans-serif; font-size: 14pt;\"><em><strong>** Como parte del 63 aniversario contin\u00faan las actividades programadas<\/strong> <\/em><br \/>\n<\/span><!--more--><\/p>\n<p>&nbsp;<\/p>\n<p style=\"text-align: justify;\"><span style=\"font-family: helvetica, arial, sans-serif; font-size: 14pt;\">Con entusiasmo aprendices de nuestra instituci\u00f3n disfrutaron de una entretenida gincana celebrando la semana aniversaria.<\/span><\/p>\n<p>&nbsp;<\/p>\n<p style=\"text-align: justify;\"><span style=\"font-family: helvetica, arial, sans-serif; font-size: 14pt;\">Las disciplinas deportivas de f\u00fatbol y kikimbol se dieron en la plazoleta de la gerencia regional Apure, con participantes de los centros de formaci\u00f3n socialista San Fernando y el centro de formaci\u00f3n socialista Industrial Apure.<\/span><\/p>\n<p>&nbsp;<\/p>\n<p style=\"text-align: justify;\"><span style=\"font-family: helvetica, arial, sans-serif; font-size: 14pt;\">Las actividad se dan para el disfrute y sano esparcimiento de todos los j\u00f3venes que hacen vida en nuestra instituci\u00f3n, ya que son parte fundamental para el futuro del pa\u00eds.<\/span><\/p>\n<p>&nbsp;<\/p>\n<p style=\"text-align: justify;\"><span style=\"font-family: helvetica, arial, sans-serif; font-size: 14pt;\">Esta programaci\u00f3n se desarrolla en las 24 regiones, siguiendo instrucciones del presidente del Instituto Nacional de Capacitaci\u00f3n y Educaci\u00f3n Socialista Inces.<\/span><\/p>\n","protected":false},"excerpt":{"rendered":"<p>** Como parte del 63 aniversario contin\u00faan las actividades programadas<\/p>\n","protected":false},"author":4,"featured_media":45243,"comment_status":"closed","ping_status":"closed","sticky":false,"template":"","format":"standard","meta":{"footnotes":""},"categories":[2],"tags":[],"class_list":["post-45242","post","type-post","status-publish","format-standard","has-post-thumbnail","hentry","category-blog"],"_links":{"self":[{"href":"https:\/\/inces.gob.ve\/index.php\/wp-json\/wp\/v2\/posts\/45242","targetHints":{"allow":["GET"]}}],"collection":[{"href":"https:\/\/inces.gob.ve\/index.php\/wp-json\/wp\/v2\/posts"}],"about":[{"href":"https:\/\/inces.gob.ve\/index.php\/wp-json\/wp\/v2\/types\/post"}],"author":[{"embeddable":true,"href":"https:\/\/inces.gob.ve\/index.php\/wp-json\/wp\/v2\/users\/4"}],"replies":[{"embeddable":true,"href":"https:\/\/inces.gob.ve\/index.php\/wp-json\/wp\/v2\/comments?post=45242"}],"version-history":[{"count":1,"href":"https:\/\/inces.gob.ve\/index.php\/wp-json\/wp\/v2\/posts\/45242\/revisions"}],"predecessor-version":[{"id":45244,"href":"https:\/\/inces.gob.ve\/index.php\/wp-json\/wp\/v2\/posts\/45242\/revisions\/45244"}],"wp:featuredmedia":[{"embeddable":true,"href":"https:\/\/inces.gob.ve\/index.php\/wp-json\/wp\/v2\/media\/45243"}],"wp:attachment":[{"href":"https:\/\/inces.gob.ve\/index.php\/wp-json\/wp\/v2\/media?parent=45242"}],"wp:term":[{"taxonomy":"category","embeddable":true,"href":"https:\/\/inces.gob.ve\/index.php\/wp-json\/wp\/v2\/categories?post=45242"},{"taxonomy":"post_tag","embeddable":true,"href":"https:\/\/inces.gob.ve\/index.php\/wp-json\/wp\/v2\/tags?post=45242"}],"curies":[{"name":"wp","href":"https:\/\/api.w.org\/{rel}","templated":true}]}}