{"id":45253,"date":"2022-08-31T10:03:43","date_gmt":"2022-08-31T14:03:43","guid":{"rendered":"https:\/\/inces.gob.ve\/?p=45253"},"modified":"2022-08-31T10:03:43","modified_gmt":"2022-08-31T14:03:43","slug":"yaracuy-inces-realizo-jornada-de-atencion-integral-en-destacamento-iboa","status":"publish","type":"post","link":"https:\/\/inces.gob.ve\/index.php\/2022\/08\/31\/yaracuy-inces-realizo-jornada-de-atencion-integral-en-destacamento-iboa\/","title":{"rendered":"YARACUY | Inces realiz\u00f3 jornada de atenci\u00f3n integral en destacamento IBOA"},"content":{"rendered":"<p style=\"text-align: justify;\"><em><strong><span style=\"font-family: helvetica, arial, sans-serif; font-size: 14pt;\">***Las actividades van enmarcadas dentro del reciente convenio entre el Inces y el MPPSP<\/span><\/strong><\/em><!--more--><\/p>\n<p>&nbsp;<\/p>\n<p style=\"text-align: justify;\"><strong><span style=\"font-family: helvetica, arial, sans-serif; font-size: 14pt;\">YOLAICE VARGAS<\/span><\/strong><\/p>\n<p style=\"text-align: justify;\"><span style=\"font-family: helvetica, arial, sans-serif; font-size: 14pt;\"> Tras el reciente convenio entre el Instituto Nacional de Capacitaci\u00f3n y Educaci\u00f3n Socialista (Inces), y el Ministerio del Poder Popular de Servicio Penitenciario (MPPSP), se inici\u00f3 un despliegue de atenci\u00f3n integral en varios centros de resguardo de la entidad yaracuyana.<\/span><\/p>\n<p>&nbsp;<\/p>\n<p style=\"text-align: justify;\"><span style=\"font-family: helvetica, arial, sans-serif; font-size: 14pt;\">En esta ocasi\u00f3n se llev\u00f3 a cabo jornada de atenci\u00f3n en las instalaciones del Destacamento de Trabajo Agr\u00edcola, Francisco Vargas Mu\u00f1oz, mejor conocido como Iboa, municipio Ar\u00edstides Bastidas, ente adscrito al MPPSP, \u00a0adem\u00e1s del Inces y el MPPSP, participaron en la jornada entes aliados como el Instituto Regional del Deporte (Fundey), Internado Judicial, Unidad de Residencia Supervisada (URS) y la Unidad T\u00e9cnica de Supervisi\u00f3n (UTS).<\/span><\/p>\n<p>&nbsp;<\/p>\n<p><img loading=\"lazy\" decoding=\"async\" class=\"aligncenter wp-image-45255 size-large\" src=\"https:\/\/inces.gob.ve\/wp-content\/uploads\/2022\/08\/IMG-20220826-WA0111-1024x473.jpg\" alt=\"\" width=\"640\" height=\"296\" srcset=\"https:\/\/inces.gob.ve\/wp-content\/uploads\/2022\/08\/IMG-20220826-WA0111-1024x473.jpg 1024w, https:\/\/inces.gob.ve\/wp-content\/uploads\/2022\/08\/IMG-20220826-WA0111-300x138.jpg 300w, https:\/\/inces.gob.ve\/wp-content\/uploads\/2022\/08\/IMG-20220826-WA0111-768x354.jpg 768w, https:\/\/inces.gob.ve\/wp-content\/uploads\/2022\/08\/IMG-20220826-WA0111.jpg 1040w\" sizes=\"auto, (max-width: 640px) 100vw, 640px\" \/><\/p>\n<p>&nbsp;<\/p>\n<p style=\"text-align: justify;\"><span style=\"font-family: helvetica, arial, sans-serif; font-size: 14pt;\">Durante la actividad el director del centro penitenciario, Jhon Conde, realiz\u00f3 una disertaci\u00f3n sobre la importancia de la suscripci\u00f3n del convenio para el beneficio de los privados de libertad al igual que para familiares, posteriormente se desarrollaron actividades deportivas y recreativas a cargo del personal de Fundey.<\/span><\/p>\n<p>&nbsp;<\/p>\n<p style=\"text-align: justify;\"><span style=\"font-family: helvetica, arial, sans-serif; font-size: 14pt;\">De igual manera se apertur\u00f3 el curso de Higiene y Manipulaci\u00f3n de Alimentos en el que participan no solo internos sino adem\u00e1s familiares y miembros de las habitantes \u00a0de las comunidades cercanas, bajo la responsabilidad de la Maestra T\u00e9cnico Productivo (MTP), Jenny Su\u00e1rez.- Igualmente se realiz\u00f3 una din\u00e1mica sobre el valor dirigida a 40 personas \u00a0presentes en el lugar.<\/span><\/p>\n<p>&nbsp;<\/p>\n<p style=\"text-align: justify;\"><span style=\"font-family: helvetica, arial, sans-serif; font-size: 14pt;\">Es importante destacar, que se est\u00e1 dando cumplimiento al Plan Global acordado en la Mesa de Coordinaci\u00f3n Regional, para la atenci\u00f3n integral de \u00e9stos espacios, continuando con las jornadas para el d\u00eda martes 30\u00a0 en las instalaciones del Internado Judicial de Yaracuy.<\/span><\/p>\n<p style=\"text-align: justify;\">\n","protected":false},"excerpt":{"rendered":"<p>***Las actividades van enmarcadas dentro del reciente convenio entre el Inces y el MPPSP<\/p>\n","protected":false},"author":4,"featured_media":45254,"comment_status":"closed","ping_status":"closed","sticky":false,"template":"","format":"standard","meta":{"footnotes":""},"categories":[2],"tags":[],"class_list":["post-45253","post","type-post","status-publish","format-standard","has-post-thumbnail","hentry","category-blog"],"_links":{"self":[{"href":"https:\/\/inces.gob.ve\/index.php\/wp-json\/wp\/v2\/posts\/45253","targetHints":{"allow":["GET"]}}],"collection":[{"href":"https:\/\/inces.gob.ve\/index.php\/wp-json\/wp\/v2\/posts"}],"about":[{"href":"https:\/\/inces.gob.ve\/index.php\/wp-json\/wp\/v2\/types\/post"}],"author":[{"embeddable":true,"href":"https:\/\/inces.gob.ve\/index.php\/wp-json\/wp\/v2\/users\/4"}],"replies":[{"embeddable":true,"href":"https:\/\/inces.gob.ve\/index.php\/wp-json\/wp\/v2\/comments?post=45253"}],"version-history":[{"count":1,"href":"https:\/\/inces.gob.ve\/index.php\/wp-json\/wp\/v2\/posts\/45253\/revisions"}],"predecessor-version":[{"id":45256,"href":"https:\/\/inces.gob.ve\/index.php\/wp-json\/wp\/v2\/posts\/45253\/revisions\/45256"}],"wp:featuredmedia":[{"embeddable":true,"href":"https:\/\/inces.gob.ve\/index.php\/wp-json\/wp\/v2\/media\/45254"}],"wp:attachment":[{"href":"https:\/\/inces.gob.ve\/index.php\/wp-json\/wp\/v2\/media?parent=45253"}],"wp:term":[{"taxonomy":"category","embeddable":true,"href":"https:\/\/inces.gob.ve\/index.php\/wp-json\/wp\/v2\/categories?post=45253"},{"taxonomy":"post_tag","embeddable":true,"href":"https:\/\/inces.gob.ve\/index.php\/wp-json\/wp\/v2\/tags?post=45253"}],"curies":[{"name":"wp","href":"https:\/\/api.w.org\/{rel}","templated":true}]}}