{"id":45273,"date":"2022-08-31T13:56:35","date_gmt":"2022-08-31T17:56:35","guid":{"rendered":"https:\/\/inces.gob.ve\/?p=45273"},"modified":"2022-08-31T13:56:35","modified_gmt":"2022-08-31T17:56:35","slug":"nueva-esparta-se-entregaron-32-constancias-en-finalizacion-del-curso-elaboracion-de-pasapalos","status":"publish","type":"post","link":"https:\/\/inces.gob.ve\/index.php\/2022\/08\/31\/nueva-esparta-se-entregaron-32-constancias-en-finalizacion-del-curso-elaboracion-de-pasapalos\/","title":{"rendered":"NUEVA ESPARTA | Se entregaron 32 constancias en finalizaci\u00f3n del curso Elaboraci\u00f3n de Pasapalos"},"content":{"rendered":"<p style=\"text-align: justify;\"><em><strong><span style=\"font-family: helvetica, arial, sans-serif; font-size: 14pt;\">**Esta formaci\u00f3n se desarroll\u00f3 en la base Paz y Vida en Boca de R\u00edo, municipio Macanao<\/span><\/strong><\/em><!--more--><\/p>\n<p style=\"text-align: justify;\">\n<p style=\"text-align: justify;\"><strong><span style=\"font-family: helvetica, arial, sans-serif; font-size: 14pt;\">ELEITA C\u00c9SPEDES DE ANTEPAZ<br \/>\n<\/span><\/strong><\/p>\n<p style=\"text-align: justify;\"><span style=\"font-family: helvetica, arial, sans-serif; font-size: 14pt;\">La expoferia Inces 2022, realizada en Boca de R\u00edo, en la Pen\u00ednsula de Macanao, sirvi\u00f3 para celebrar la entrega de constancias y\u00a0 culminaci\u00f3n del curso de Elaboraci\u00f3n de Pasapalos, impartido por la maestra Navelis Brito, el cual cont\u00f3 con la participaci\u00f3n de 32 mujeres y hombres que decidieron aprender este oficio.<\/span><\/p>\n<p style=\"text-align: justify;\">\n<p style=\"text-align: justify;\"><span style=\"font-family: helvetica, arial, sans-serif; font-size: 14pt;\">En un sal\u00f3n de la Base Paz y Vida con exquisitos olores mezclados como el chocolate, las frutas, el pan reci\u00e9n horneado y el merengue de las tortas, los participantes adornaron espectacularmente una mesa, llena de deliciosos y provocativos abrebocas, en donde sobresal\u00eda el hermoso pastel dise\u00f1ado para cantarle en honor al sexag\u00e9simo tercer aniversario del Instituto Nacional de Capacitaci\u00f3n y Educaci\u00f3n Socialista, Inces.<\/span><\/p>\n<p style=\"text-align: justify;\">\n<p>&nbsp;<\/p>\n<p style=\"text-align: justify;\"><span style=\"font-family: helvetica, arial, sans-serif; font-size: 14pt;\">Gracielis Hern\u00e1ndez habl\u00f3 en nombre de los participantes, indicando: \u201cSirvamos de portavoces a otras generaciones, a otras personas que realicen sus emprendimientos, para que tengan \u00a0otra entrada a su econom\u00eda. A mis compa\u00f1eros les deseo que pongan en pr\u00e1ctica todos estos conocimientos adquiridos sin dejar de seguir form\u00e1ndose\u201d.<\/span><\/p>\n<p>&nbsp;<\/p>\n<p style=\"text-align: justify;\"><img loading=\"lazy\" decoding=\"async\" class=\"aligncenter wp-image-45275 size-large\" src=\"https:\/\/inces.gob.ve\/wp-content\/uploads\/2022\/08\/WhatsApp-Image-2022-08-31-at-6.00.19-AM1-1024x768.jpeg\" alt=\"\" width=\"640\" height=\"480\" srcset=\"https:\/\/inces.gob.ve\/wp-content\/uploads\/2022\/08\/WhatsApp-Image-2022-08-31-at-6.00.19-AM1-1024x768.jpeg 1024w, https:\/\/inces.gob.ve\/wp-content\/uploads\/2022\/08\/WhatsApp-Image-2022-08-31-at-6.00.19-AM1-300x225.jpeg 300w, https:\/\/inces.gob.ve\/wp-content\/uploads\/2022\/08\/WhatsApp-Image-2022-08-31-at-6.00.19-AM1-768x576.jpeg 768w, https:\/\/inces.gob.ve\/wp-content\/uploads\/2022\/08\/WhatsApp-Image-2022-08-31-at-6.00.19-AM1-136x102.jpeg 136w, https:\/\/inces.gob.ve\/wp-content\/uploads\/2022\/08\/WhatsApp-Image-2022-08-31-at-6.00.19-AM1.jpeg 1080w\" sizes=\"auto, (max-width: 640px) 100vw, 640px\" \/><\/p>\n<p>&nbsp;<\/p>\n<p style=\"text-align: justify;\"><span style=\"font-family: helvetica, arial, sans-serif; font-size: 14pt;\">El gerente regional del Inces Nueva Esparta, Alex Andarcia estuvo acompa\u00f1ado en esta entrega de reconocimientos por Laurie Zabala, jefa de la divisi\u00f3n de Formaci\u00f3n Profesional; Ismel Narv\u00e1ez, jefe de la divisi\u00f3n de Talento Humano; Indira Tortab\u00fa, coordinadora de Encadenamiento Productivo y Xavier Mar\u00edn, coordinador encargado del CFS Guaraguao.<\/span><\/p>\n<p style=\"text-align: justify;\">\n<p style=\"text-align: justify;\"><span style=\"font-family: helvetica, arial, sans-serif; font-size: 14pt;\">En el evento, cargado de mucho entusiasmo y dinamismo por parte de todos los cursantes, Andarcia expres\u00f3 sus felicitaciones a todos, a la vez que les exhort\u00f3 a seguir prepar\u00e1ndose, a pesar de cualquier circunstancia y de los impedimentos que puedan surgir en el camino. Les reiter\u00f3 que cada uno tiene mucho potencial y deben aprovecharlo para seguir haciendo grande a este pa\u00eds, que es de todos.<\/span><\/p>\n<p style=\"text-align: justify;\">\n<p style=\"text-align: justify;\"><span style=\"font-family: helvetica, arial, sans-serif; font-size: 14pt;\">Los familiares, los invitados especiales y el p\u00fablico pudieron degustar los excelentes pasapalos y todas las delicias preparadas para el deleite del paladar m\u00e1s exigente y cantaron el cumplea\u00f1os feliz a nuestra instituci\u00f3n, el Inces, por arribar a 63 a\u00f1os formando generaciones. \u00a1Felicitaciones!<\/span><\/p>\n","protected":false},"excerpt":{"rendered":"<p>**Esta formaci\u00f3n se desarroll\u00f3 en la base Paz y Vida en Boca de R\u00edo, municipio Macanao<\/p>\n","protected":false},"author":4,"featured_media":45274,"comment_status":"closed","ping_status":"closed","sticky":false,"template":"","format":"standard","meta":{"footnotes":""},"categories":[2],"tags":[],"class_list":["post-45273","post","type-post","status-publish","format-standard","has-post-thumbnail","hentry","category-blog"],"_links":{"self":[{"href":"https:\/\/inces.gob.ve\/index.php\/wp-json\/wp\/v2\/posts\/45273","targetHints":{"allow":["GET"]}}],"collection":[{"href":"https:\/\/inces.gob.ve\/index.php\/wp-json\/wp\/v2\/posts"}],"about":[{"href":"https:\/\/inces.gob.ve\/index.php\/wp-json\/wp\/v2\/types\/post"}],"author":[{"embeddable":true,"href":"https:\/\/inces.gob.ve\/index.php\/wp-json\/wp\/v2\/users\/4"}],"replies":[{"embeddable":true,"href":"https:\/\/inces.gob.ve\/index.php\/wp-json\/wp\/v2\/comments?post=45273"}],"version-history":[{"count":1,"href":"https:\/\/inces.gob.ve\/index.php\/wp-json\/wp\/v2\/posts\/45273\/revisions"}],"predecessor-version":[{"id":45276,"href":"https:\/\/inces.gob.ve\/index.php\/wp-json\/wp\/v2\/posts\/45273\/revisions\/45276"}],"wp:featuredmedia":[{"embeddable":true,"href":"https:\/\/inces.gob.ve\/index.php\/wp-json\/wp\/v2\/media\/45274"}],"wp:attachment":[{"href":"https:\/\/inces.gob.ve\/index.php\/wp-json\/wp\/v2\/media?parent=45273"}],"wp:term":[{"taxonomy":"category","embeddable":true,"href":"https:\/\/inces.gob.ve\/index.php\/wp-json\/wp\/v2\/categories?post=45273"},{"taxonomy":"post_tag","embeddable":true,"href":"https:\/\/inces.gob.ve\/index.php\/wp-json\/wp\/v2\/tags?post=45273"}],"curies":[{"name":"wp","href":"https:\/\/api.w.org\/{rel}","templated":true}]}}