{"id":45277,"date":"2022-08-31T14:22:37","date_gmt":"2022-08-31T18:22:37","guid":{"rendered":"https:\/\/inces.gob.ve\/?p=45277"},"modified":"2022-08-31T14:22:37","modified_gmt":"2022-08-31T18:22:37","slug":"merida-cfs-el-vigia-conmemora-aniversario-con-una-muestra-productiva","status":"publish","type":"post","link":"https:\/\/inces.gob.ve\/index.php\/2022\/08\/31\/merida-cfs-el-vigia-conmemora-aniversario-con-una-muestra-productiva\/","title":{"rendered":"M\u00c9RIDA | CFS El Vig\u00eda conmemora aniversario con una muestra productiva"},"content":{"rendered":"<p style=\"text-align: justify;\"><strong><span style=\"font-family: helvetica, arial, sans-serif; font-size: 14pt;\"><em>*** Participantes, aprendices, maestros y trabajadores participaron en la exhibici\u00f3n de piezas, productos y servicios que ofrecen tras recibir capacitaci\u00f3n del Inces<\/em><\/span><\/strong><!--more--><\/p>\n<p style=\"text-align: justify;\"><span style=\"font-family: helvetica, arial, sans-serif; font-size: 14pt;\"><em>\u00a0<\/em><em>\u00a0<\/em><\/span><\/p>\n<p style=\"text-align: justify;\"><span style=\"font-family: helvetica, arial, sans-serif; font-size: 14pt;\"><strong>NADIA LOBO<\/strong><\/span><\/p>\n<p style=\"text-align: justify;\"><span style=\"font-family: helvetica, arial, sans-serif; font-size: 14pt;\">Con una hermosa, colorida y exquisita exposici\u00f3n, participantes muestran con orgullo el resultado de su formaci\u00f3n y capacitaci\u00f3n que reciben de maestros t\u00e9cnicos productivos (MTP) en el centro de formaci\u00f3n socialista (CFS) El Vig\u00eda, ubicado en el estado M\u00e9rida.<\/span><\/p>\n<p style=\"text-align: justify;\">\n<p><img loading=\"lazy\" decoding=\"async\" class=\"wp-image-45282 size-full\" src=\"https:\/\/inces.gob.ve\/wp-content\/uploads\/2022\/08\/CURSO-MECANICA.jpg\" alt=\"\" width=\"1000\" height=\"750\" srcset=\"https:\/\/inces.gob.ve\/wp-content\/uploads\/2022\/08\/CURSO-MECANICA.jpg 1000w, https:\/\/inces.gob.ve\/wp-content\/uploads\/2022\/08\/CURSO-MECANICA-300x225.jpg 300w, https:\/\/inces.gob.ve\/wp-content\/uploads\/2022\/08\/CURSO-MECANICA-768x576.jpg 768w, https:\/\/inces.gob.ve\/wp-content\/uploads\/2022\/08\/CURSO-MECANICA-136x102.jpg 136w\" sizes=\"auto, (max-width: 1000px) 100vw, 1000px\" \/><\/p>\n<p>&nbsp;<\/p>\n<p style=\"text-align: justify;\"><span style=\"font-family: helvetica, arial, sans-serif; font-size: 14pt;\">La actividad se desarroll\u00f3 a prop\u00f3sito del 63 aniversario del Inces, siendo ya una tradici\u00f3n que para esta fecha tan importante para la instituci\u00f3n educativa, participantes, maestros, tutores y trabajadores organicen y desarrollen con \u00e9xito su muestra productiva.<\/span><\/p>\n<p style=\"text-align: justify;\">\n<p style=\"text-align: justify;\"><span style=\"font-family: helvetica, arial, sans-serif; font-size: 14pt;\">En esta oportunidad, los largos pasillos del centro de formaci\u00f3n se vistieron de colores, aromas, sabores y mostraron sus mejores piezas, obras, servicios, productos confeccionados durante la formaci\u00f3n que reciben en diferentes opciones formativas.<\/span><\/p>\n<p>&nbsp;<\/p>\n<p style=\"text-align: justify;\"><img loading=\"lazy\" decoding=\"async\" class=\"aligncenter wp-image-45279 size-large\" src=\"https:\/\/inces.gob.ve\/wp-content\/uploads\/2022\/08\/VIGIA-4-1024x768.jpg\" alt=\"\" width=\"640\" height=\"480\" srcset=\"https:\/\/inces.gob.ve\/wp-content\/uploads\/2022\/08\/VIGIA-4-1024x768.jpg 1024w, https:\/\/inces.gob.ve\/wp-content\/uploads\/2022\/08\/VIGIA-4-300x225.jpg 300w, https:\/\/inces.gob.ve\/wp-content\/uploads\/2022\/08\/VIGIA-4-768x576.jpg 768w, https:\/\/inces.gob.ve\/wp-content\/uploads\/2022\/08\/VIGIA-4-136x102.jpg 136w, https:\/\/inces.gob.ve\/wp-content\/uploads\/2022\/08\/VIGIA-4.jpg 1280w\" sizes=\"auto, (max-width: 640px) 100vw, 640px\" \/><\/p>\n<p>&nbsp;<\/p>\n<p style=\"text-align: justify;\"><span style=\"font-family: helvetica, arial, sans-serif; font-size: 14pt;\">El gerente regional del Inces M\u00e9rida, Geldrit Roca, en compa\u00f1\u00eda de la Jefe de Formaci\u00f3n, Yadira Zerpa, responsables del CFS El Vig\u00eda, Isley Moreno y Emer Abuod Assi, as\u00ed como los jefes de Talento Humano, Administraci\u00f3n, Infraestructura, trabajadores, jubilados y vecinos de la comunidad, realizaron un recorrido por cada uno de los stand, donde pudieron conversar y escuchar las experiencias de cada uno de los participantes.<\/span><\/p>\n<p><img loading=\"lazy\" decoding=\"async\" class=\"wp-image-45280 size-full\" src=\"https:\/\/inces.gob.ve\/wp-content\/uploads\/2022\/08\/VIGIA-13.jpg\" alt=\"\" width=\"1000\" height=\"750\" srcset=\"https:\/\/inces.gob.ve\/wp-content\/uploads\/2022\/08\/VIGIA-13.jpg 1000w, https:\/\/inces.gob.ve\/wp-content\/uploads\/2022\/08\/VIGIA-13-300x225.jpg 300w, https:\/\/inces.gob.ve\/wp-content\/uploads\/2022\/08\/VIGIA-13-768x576.jpg 768w, https:\/\/inces.gob.ve\/wp-content\/uploads\/2022\/08\/VIGIA-13-136x102.jpg 136w\" sizes=\"auto, (max-width: 1000px) 100vw, 1000px\" \/><\/p>\n<p style=\"text-align: justify;\"><span style=\"font-family: helvetica, arial, sans-serif; font-size: 14pt;\">Durante el recorrido se pudo evidenciar la producci\u00f3n en cada uno de los siguientes cursos: textil con ropa para ni\u00f1os, lencer\u00eda, ropa interior y adornos para el hogar; electricidad, quienes mostraron los diferentes circuitos e instalaciones el\u00e9ctricas; carpinter\u00eda, con pieza como sillas, puertas y juguetes de manera; reposter\u00edas, con un abanico de rica tortas, delicadamente decoradas; chocolater\u00eda, con bombones, licor de cacao y tortas; agr\u00edcola, con algunos rubros cosechados en patios productivos, as\u00ed como peluquer\u00eda y salud.<\/span><\/p>\n","protected":false},"excerpt":{"rendered":"<p>*** Participantes, aprendices, maestros y trabajadores participaron en la exhibici\u00f3n de piezas, productos y servicios que ofrecen tras recibir capacitaci\u00f3n del Inces<\/p>\n","protected":false},"author":4,"featured_media":45281,"comment_status":"closed","ping_status":"closed","sticky":false,"template":"","format":"standard","meta":{"footnotes":""},"categories":[2],"tags":[],"class_list":["post-45277","post","type-post","status-publish","format-standard","has-post-thumbnail","hentry","category-blog"],"_links":{"self":[{"href":"https:\/\/inces.gob.ve\/index.php\/wp-json\/wp\/v2\/posts\/45277","targetHints":{"allow":["GET"]}}],"collection":[{"href":"https:\/\/inces.gob.ve\/index.php\/wp-json\/wp\/v2\/posts"}],"about":[{"href":"https:\/\/inces.gob.ve\/index.php\/wp-json\/wp\/v2\/types\/post"}],"author":[{"embeddable":true,"href":"https:\/\/inces.gob.ve\/index.php\/wp-json\/wp\/v2\/users\/4"}],"replies":[{"embeddable":true,"href":"https:\/\/inces.gob.ve\/index.php\/wp-json\/wp\/v2\/comments?post=45277"}],"version-history":[{"count":1,"href":"https:\/\/inces.gob.ve\/index.php\/wp-json\/wp\/v2\/posts\/45277\/revisions"}],"predecessor-version":[{"id":45283,"href":"https:\/\/inces.gob.ve\/index.php\/wp-json\/wp\/v2\/posts\/45277\/revisions\/45283"}],"wp:featuredmedia":[{"embeddable":true,"href":"https:\/\/inces.gob.ve\/index.php\/wp-json\/wp\/v2\/media\/45281"}],"wp:attachment":[{"href":"https:\/\/inces.gob.ve\/index.php\/wp-json\/wp\/v2\/media?parent=45277"}],"wp:term":[{"taxonomy":"category","embeddable":true,"href":"https:\/\/inces.gob.ve\/index.php\/wp-json\/wp\/v2\/categories?post=45277"},{"taxonomy":"post_tag","embeddable":true,"href":"https:\/\/inces.gob.ve\/index.php\/wp-json\/wp\/v2\/tags?post=45277"}],"curies":[{"name":"wp","href":"https:\/\/api.w.org\/{rel}","templated":true}]}}