{"id":45286,"date":"2022-09-01T09:33:39","date_gmt":"2022-09-01T13:33:39","guid":{"rendered":"https:\/\/inces.gob.ve\/?p=45286"},"modified":"2022-09-01T10:26:56","modified_gmt":"2022-09-01T14:26:56","slug":"inces-y-ciae-abrieron-aulas-de-turismo-en-el-hotel-hesperia","status":"publish","type":"post","link":"https:\/\/inces.gob.ve\/index.php\/2022\/09\/01\/inces-y-ciae-abrieron-aulas-de-turismo-en-el-hotel-hesperia\/","title":{"rendered":"Inces y CIAHT abrieron aulas de Turismo en el hotel Hesperia"},"content":{"rendered":"<p style=\"text-align: justify;\"><em><strong><span style=\"font-family: helvetica, arial, sans-serif; font-size: 14pt;\">** El Inces abre espacios de formaci\u00f3n en alianza con la empresa privada<\/span><\/strong><\/em><!--more--><\/p>\n<p>&nbsp;<\/p>\n<p style=\"text-align: justify;\"><strong><span style=\"font-family: helvetica, arial, sans-serif; font-size: 14pt;\">ATILIA CORTEZ CA\u00d1ADAS<\/span><\/strong><\/p>\n<p style=\"text-align: justify;\"><span style=\"font-family: helvetica, arial, sans-serif; font-size: 14pt;\">En las instalaciones del Hesperia Word Trade Center (Valencia) se realiz\u00f3 el acto de apertura de las aulas del Instituto de Acci\u00f3n Docente Delegada (IADD) perteneciente al Centro Iberoamericano de Altos estudios en Hoteler\u00eda y Turismo (CIAHT).<\/span><\/p>\n<p>&nbsp;<\/p>\n<p style=\"text-align: justify;\"><span style=\"font-family: helvetica, arial, sans-serif; font-size: 14pt;\">La actividad fue presidida por el viceministro de Comunidades Educativas y Uni\u00f3n con el Pueblo y presidente del Instituto Nacional de Capacitaci\u00f3n y Educaci\u00f3n Socialista (Inces), Wuikelman Angel, acompa\u00f1ado por la directiva del Hesperia, del CIAHT y de la gerencia regional de Inces Carabobo.<\/span><\/p>\n<p>&nbsp;<\/p>\n<p><img loading=\"lazy\" decoding=\"async\" class=\"aligncenter wp-image-45288 size-large\" src=\"https:\/\/inces.gob.ve\/wp-content\/uploads\/2022\/09\/WhatsApp-Image-2022-09-01-at-7.49.31-AM-1024x768.jpeg\" alt=\"\" width=\"640\" height=\"480\" srcset=\"https:\/\/inces.gob.ve\/wp-content\/uploads\/2022\/09\/WhatsApp-Image-2022-09-01-at-7.49.31-AM-1024x768.jpeg 1024w, https:\/\/inces.gob.ve\/wp-content\/uploads\/2022\/09\/WhatsApp-Image-2022-09-01-at-7.49.31-AM-300x225.jpeg 300w, https:\/\/inces.gob.ve\/wp-content\/uploads\/2022\/09\/WhatsApp-Image-2022-09-01-at-7.49.31-AM-768x576.jpeg 768w, https:\/\/inces.gob.ve\/wp-content\/uploads\/2022\/09\/WhatsApp-Image-2022-09-01-at-7.49.31-AM-136x102.jpeg 136w, https:\/\/inces.gob.ve\/wp-content\/uploads\/2022\/09\/WhatsApp-Image-2022-09-01-at-7.49.31-AM.jpeg 1080w\" sizes=\"auto, (max-width: 640px) 100vw, 640px\" \/><\/p>\n<p>&nbsp;<\/p>\n<p style=\"text-align: justify;\"><span style=\"font-family: helvetica, arial, sans-serif; font-size: 14pt;\">Durante la intervenci\u00f3n y palabras motivadoras de Angel, este puntualiz\u00f3 la importancia de la formaci\u00f3n dual, la cual debe combinar la teor\u00eda con la pr\u00e1ctica como experiencia formativa.<\/span><\/p>\n<p>&nbsp;<\/p>\n<p style=\"text-align: justify;\"><span style=\"font-family: helvetica, arial, sans-serif; font-size: 14pt;\">\u00abEl maestro debe acompa\u00f1ar al aprendiz y ser parte de su alegr\u00eda en la formaci\u00f3n. Todos los d\u00edas estamos aprendiendo, por lo que todos somos aprendices. Debemos decretar que todos somos aprendices\u00bb, acot\u00f3 Wuilkeman Angel.<\/span><\/p>\n<p>&nbsp;<\/p>\n<p style=\"text-align: justify;\"><span style=\"font-family: helvetica, arial, sans-serif; font-size: 14pt;\">El presidente de la casa formativa relat\u00f3 parte del g\u00e9nesis del Inces, y como su inicio qued\u00f3 plasmado en una nota que realiz\u00f3 a\u00f1os atr\u00e1s el maestro Luis Beltr\u00e1n Prieto Figueroa, en Chile, junto Salvador Allende; adem\u00e1s destac\u00f3 la idea de crear al Inces y visualizar el desempe\u00f1\u00f3 de los aprendices bajo la premisa de Sim\u00f3n Rodr\u00edguez: aprender &#8211; haciendo.<\/span><\/p>\n<p>&nbsp;<\/p>\n<p><img loading=\"lazy\" decoding=\"async\" class=\"aligncenter wp-image-45289 size-large\" src=\"https:\/\/inces.gob.ve\/wp-content\/uploads\/2022\/09\/WhatsApp-Image-2022-09-01-at-7.49.25-AM-1024x768.jpeg\" alt=\"\" width=\"640\" height=\"480\" srcset=\"https:\/\/inces.gob.ve\/wp-content\/uploads\/2022\/09\/WhatsApp-Image-2022-09-01-at-7.49.25-AM-1024x768.jpeg 1024w, https:\/\/inces.gob.ve\/wp-content\/uploads\/2022\/09\/WhatsApp-Image-2022-09-01-at-7.49.25-AM-300x225.jpeg 300w, https:\/\/inces.gob.ve\/wp-content\/uploads\/2022\/09\/WhatsApp-Image-2022-09-01-at-7.49.25-AM-768x576.jpeg 768w, https:\/\/inces.gob.ve\/wp-content\/uploads\/2022\/09\/WhatsApp-Image-2022-09-01-at-7.49.25-AM-136x102.jpeg 136w, https:\/\/inces.gob.ve\/wp-content\/uploads\/2022\/09\/WhatsApp-Image-2022-09-01-at-7.49.25-AM.jpeg 1080w\" sizes=\"auto, (max-width: 640px) 100vw, 640px\" \/><\/p>\n<p>&nbsp;<\/p>\n<p style=\"text-align: justify;\"><span style=\"font-family: helvetica, arial, sans-serif; font-size: 14pt;\">Durante su intervenci\u00f3n, la directora general del CIAHT, Natalia Mc Carty explic\u00f3 el funcionamiento de este primer IADD en el \u00e1rea tur\u00edstica, donde inicialmente est\u00e1n en formaci\u00f3n 30 j\u00f3venes del Programa Nacional de Aprendizaje y del Programa de Turismo del Inces Carabobo.<\/span><\/p>\n<p>&nbsp;<\/p>\n<p style=\"text-align: justify;\"><span style=\"font-family: helvetica, arial, sans-serif; font-size: 14pt;\">Para finalizar, una de las aprendices expres\u00f3, en nombre de todos sus compa\u00f1eros, su agradecimiento al Inces, al Hesperia y su directiva, al CIAHT y a todo el equipo docente, resaltando que se trata del primer Instituto de Acci\u00f3n Docente Delegada del \u00e1rea Turismo que inaugura el Inces en el pa\u00eds.<\/span><\/p>\n","protected":false},"excerpt":{"rendered":"<p>** El Inces abre espacios de formaci\u00f3n en alianza con la empresa privada<\/p>\n","protected":false},"author":4,"featured_media":45287,"comment_status":"closed","ping_status":"closed","sticky":false,"template":"","format":"standard","meta":{"footnotes":""},"categories":[2],"tags":[],"class_list":["post-45286","post","type-post","status-publish","format-standard","has-post-thumbnail","hentry","category-blog"],"_links":{"self":[{"href":"https:\/\/inces.gob.ve\/index.php\/wp-json\/wp\/v2\/posts\/45286","targetHints":{"allow":["GET"]}}],"collection":[{"href":"https:\/\/inces.gob.ve\/index.php\/wp-json\/wp\/v2\/posts"}],"about":[{"href":"https:\/\/inces.gob.ve\/index.php\/wp-json\/wp\/v2\/types\/post"}],"author":[{"embeddable":true,"href":"https:\/\/inces.gob.ve\/index.php\/wp-json\/wp\/v2\/users\/4"}],"replies":[{"embeddable":true,"href":"https:\/\/inces.gob.ve\/index.php\/wp-json\/wp\/v2\/comments?post=45286"}],"version-history":[{"count":2,"href":"https:\/\/inces.gob.ve\/index.php\/wp-json\/wp\/v2\/posts\/45286\/revisions"}],"predecessor-version":[{"id":45291,"href":"https:\/\/inces.gob.ve\/index.php\/wp-json\/wp\/v2\/posts\/45286\/revisions\/45291"}],"wp:featuredmedia":[{"embeddable":true,"href":"https:\/\/inces.gob.ve\/index.php\/wp-json\/wp\/v2\/media\/45287"}],"wp:attachment":[{"href":"https:\/\/inces.gob.ve\/index.php\/wp-json\/wp\/v2\/media?parent=45286"}],"wp:term":[{"taxonomy":"category","embeddable":true,"href":"https:\/\/inces.gob.ve\/index.php\/wp-json\/wp\/v2\/categories?post=45286"},{"taxonomy":"post_tag","embeddable":true,"href":"https:\/\/inces.gob.ve\/index.php\/wp-json\/wp\/v2\/tags?post=45286"}],"curies":[{"name":"wp","href":"https:\/\/api.w.org\/{rel}","templated":true}]}}